{"id":2781,"date":"2023-06-01T06:00:00","date_gmt":"2023-06-01T09:00:00","guid":{"rendered":"https:\/\/franciscanas.org\/portal\/brasil\/?p=2781"},"modified":"2023-06-01T09:41:27","modified_gmt":"2023-06-01T12:41:27","slug":"participacao-em-congresso-de-vida-religiosa","status":"publish","type":"post","link":"https:\/\/franciscanas.org\/portal\/brasil\/noticias\/participacao-em-congresso-de-vida-religiosa\/","title":{"rendered":"Participa\u00e7\u00e3o em Congresso de Vida Religiosa"},"content":{"rendered":"\n<p>O Congresso de Vida Religiosa aconteceu nos dias 20 a 22 de maio no Audit\u00f3rio do Col\u00e9gio Agostiniano Cidade Salitre, com o tema \u201cPeregrino e Profetas: Homens e Mulheres da Aurora.\u201d No encontro participaram as Irm\u00e3s: Flor\u00e1ngela Rodr\u00edguez Su\u00e1rez, Otilia Mart\u00ednez Castro, Mirta Silva Rubio, Cecilia Mu\u00f1oz Ibarra y Mar\u00eda Elena Parra Rodr\u00edguez e Silvana Arboit.<br>Foi um encontro muito importante, uma oportunidade para confrontar nossa vida com este bonito e desafiante tema, para nutrir nosso chamado recebido de Deus e fortalecer a Alian\u00e7a feita com Ele. Estas s\u00e3o algumas ideias chaves do encontro:<\/p>\n\n\n\n<ul class=\"wp-block-list\">\n<li>Como peregrinos e profetas estamos em caminho rumo ao amanhecer e ao amanhecer n\u00e3o se chega sem passar pela noite.<\/li>\n\n\n\n<li>Ser homem e mulher da madrugada \u00e9 ser pessoa fecunda, ousada, cheia de esperan\u00e7a, que enfrenta o medo olhando para o horizonte.<\/li>\n\n\n\n<li>A companhia do caminho fortalece a unidade, a comunh\u00e3o, a alegria do an\u00fancio. Somos convidados a n\u00e3o largar as m\u00e3os de nossos irm\u00e3os, ou seja, a fraternidade \u00e9 um dom do Esp\u00edrito Santo que nos sustenta, \u00e9 o lugar do amor, da miseric\u00f3rdia e da profecia.<\/li>\n\n\n\n<li>N\u00e3o precisamos de muitos temas de estudo para nossas reuni\u00f5es fraternas. O que nos falta \u00e9 o di\u00e1logo, s\u00e3o momentos de encontros significativos para a escuta.<\/li>\n\n\n\n<li>Nada nasce de novo se n\u00e3o possibilitarmos, se n\u00e3o quisermos. Nascer de novo, desde o Esp\u00edrito \u00e9 um grande convite e compromisso.<\/li>\n<\/ul>\n\n\n\n<p>Hoje, mais do que nunca, reafirmamos que a verdadeira transforma\u00e7\u00e3o vem do encontro com Jesus, escutando sua Palavra, aprendendo com suas atitudes e ensinamentos. Que o Senhor nos d\u00ea a gra\u00e7a de sermos Mulheres da Aurora, sinais da profecia, no meio da noite escura e que movidas pelo amor continuemos o caminho, construindo horizontes de relacionalidade.<\/p>\n\n\n\n<p><\/p>\n\n\n\n<figure class=\"wp-block-image aligncenter size-full\"><img loading=\"lazy\" decoding=\"async\" width=\"690\" height=\"755\" src=\"https:\/\/franciscanas.org\/portal\/brasil\/wp-content\/uploads\/sites\/5\/2023\/06\/congrvc01.jpg\" alt=\"\" class=\"wp-image-2785\" srcset=\"https:\/\/franciscanas.org\/portal\/brasil\/wp-content\/uploads\/sites\/5\/2023\/06\/congrvc01.jpg 690w, https:\/\/franciscanas.org\/portal\/brasil\/wp-content\/uploads\/sites\/5\/2023\/06\/congrvc01-480x525.jpg 480w\" sizes=\"(min-width: 0px) and (max-width: 480px) 480px, (min-width: 481px) 690px, 100vw\" \/><\/figure>\n","protected":false},"excerpt":{"rendered":"<p>Hoje, mais do que nunca, reafirmamos que a verdadeira transforma\u00e7\u00e3o vem do encontro com Jesus, escutando sua Palavra, aprendendo com suas atitudes e ensinamentos. <\/p>\n","protected":false},"author":1,"featured_media":2782,"comment_status":"closed","ping_status":"closed","sticky":false,"template":"","format":"standard","meta":{"_et_pb_use_builder":"off","_et_pb_old_content":"","_et_gb_content_width":"1200","footnotes":""},"categories":[8],"tags":[],"class_list":["post-2781","post","type-post","status-publish","format-standard","has-post-thumbnail","hentry","category-noticias"],"_links":{"self":[{"href":"https:\/\/franciscanas.org\/portal\/brasil\/wp-json\/wp\/v2\/posts\/2781","targetHints":{"allow":["GET"]}}],"collection":[{"href":"https:\/\/franciscanas.org\/portal\/brasil\/wp-json\/wp\/v2\/posts"}],"about":[{"href":"https:\/\/franciscanas.org\/portal\/brasil\/wp-json\/wp\/v2\/types\/post"}],"author":[{"embeddable":true,"href":"https:\/\/franciscanas.org\/portal\/brasil\/wp-json\/wp\/v2\/users\/1"}],"replies":[{"embeddable":true,"href":"https:\/\/franciscanas.org\/portal\/brasil\/wp-json\/wp\/v2\/comments?post=2781"}],"version-history":[{"count":2,"href":"https:\/\/franciscanas.org\/portal\/brasil\/wp-json\/wp\/v2\/posts\/2781\/revisions"}],"predecessor-version":[{"id":2786,"href":"https:\/\/franciscanas.org\/portal\/brasil\/wp-json\/wp\/v2\/posts\/2781\/revisions\/2786"}],"wp:featuredmedia":[{"embeddable":true,"href":"https:\/\/franciscanas.org\/portal\/brasil\/wp-json\/wp\/v2\/media\/2782"}],"wp:attachment":[{"href":"https:\/\/franciscanas.org\/portal\/brasil\/wp-json\/wp\/v2\/media?parent=2781"}],"wp:term":[{"taxonomy":"category","embeddable":true,"href":"https:\/\/franciscanas.org\/portal\/brasil\/wp-json\/wp\/v2\/categories?post=2781"},{"taxonomy":"post_tag","embeddable":true,"href":"https:\/\/franciscanas.org\/portal\/brasil\/wp-json\/wp\/v2\/tags?post=2781"}],"curies":[{"name":"wp","href":"https:\/\/api.w.org\/{rel}","templated":true}]}}