{"id":2707,"date":"2023-05-26T14:20:00","date_gmt":"2023-05-26T17:20:00","guid":{"rendered":"https:\/\/franciscanas.org\/portal\/brasil\/?p=2707"},"modified":"2023-05-26T17:10:13","modified_gmt":"2023-05-26T20:10:13","slug":"a-celebracao-eucaristica-solene-abertura-do-ano-centenario","status":"publish","type":"post","link":"https:\/\/franciscanas.org\/portal\/brasil\/noticias\/a-celebracao-eucaristica-solene-abertura-do-ano-centenario\/","title":{"rendered":"A Celebra\u00e7\u00e3o Eucar\u00edstica Solene &#8211; Abertura do Ano Centen\u00e1rio"},"content":{"rendered":"\n<p>A Solene Celebra\u00e7\u00e3o Eucar\u00edstica foi presidida por Monsenhor Carlos Jos\u00e9 Ruiseco Vieira, Arcebispo em\u00e9rito de Cartagena. Estiveram presentes o Arcebispo de Cartagena, Monsenhor Francisco Javier M\u00fanera Correa, o Clero e o Semin\u00e1rio Maior San Carlos Borromeo da Arquidiocese; Hna. Marelvi Cecilia Buelvas Mendoza, Animadora Geral, algumas Irm\u00e3s do Governo Geral e Regional da Col\u00f4mbia, as Irm\u00e3s do Centro de Espiritualidade e as Fraternidades de Cartagena.<\/p>\n\n\n\n<p>Iniciamos a celebra\u00e7\u00e3o, com a Solene \u201cAbertura da Porta do Santu\u00e1rio\u201d, como nos diz o livro do Lev\u00edtico: \u201c\u00c9 uma festa em honra do Senhor, e todo o povo se reunir\u00e1 para adorar solenemente ao Senhor. \u00c9 uma data memor\u00e1vel e deve ser anunciada ao som de trombetas\u201d (Lv 23, 23-24).<\/p>\n\n\n\n<p>A Homilia proferida por Monsenhor Carlos Jos\u00e9 Ruiseco Vieira, Arcebispo em\u00e9rito da Arquidiocese de Cartagena.<\/p>\n\n\n\n<p>Nossa Santa e todos os bem-aventurados t\u00eam duas vidas: a da Terra, de que nos falam os bi\u00f3grafos e a do C\u00e9u, que est\u00e1 nas m\u00e3os de Deus e \u00e9 deleite para os anjos e gra\u00e7a para os crentes humanos.<\/p>\n\n\n\n<p>Ambas vidas se apoiam e se projetam mutuamente. Enquanto a santa est\u00e1 presa \u00e0s circunst\u00e2ncias do corpo, a sua alma &#8211; marcada pela f\u00e9 e alimentada pela Eucaristia &#8211; recria naquele c\u00e9u para o qual tende o seu amor; e depois, &#8211; ao viver a P\u00e1scoa e voar para o lugar no c\u00e9u que Deus lhe preparou &#8211; essa mesma alma continua ligada \u00e0s pessoas, lugares e acontecimentos da hist\u00f3ria vivida, na etapa da sua vida mortal.<\/p>\n\n\n\n<p>Hoje nos encontramos no santu\u00e1rio onde seu corpo d\u00e1 testemunho de sua vida terrena e prediz sua vida celestial. Aqui, ao seu lado e sob sua prote\u00e7\u00e3o, rezamos e meditamos: suas filhas, as Irm\u00e3s Franciscanas Mission\u00e1rias de Maria Auxiliadora, seus protegidos, os padres de Cartagena e seus devotos, fam\u00edlias, pessoas e institui\u00e7\u00f5es, seminaristas de v\u00e1rias dioceses e aqueles que foram homenageados com favores da Santa.<\/p>\n\n\n\n<p>Tracemos um paralelo entre os 76 anos de vida terrena de Madre Maria Bernarda e os 99 anos que se seguiram \u00e0 sua morte. A etapa terrestre se reflete em sua vida celeste e, por sua vez, esta etapa se configura na primeira.<\/p>\n\n\n\n<p>Situamos sua vida terrena desde o dia 28 de maio de 1848, nascimento de Verena B\u00fctler M\u00fcller em Auw, at\u00e9 19 de maio de 1924, nascimento ao c\u00e9u de uma santa, a quem descrevemos como: profeta, mestra e m\u00e3e de religiosos e jovens.<\/p>\n\n\n\n<p>Ent\u00e3o come\u00e7a a vida celestial de Maria Bernarda do Sagrado Cora\u00e7\u00e3o de Maria, que hoje continua por noventa e nove anos, e com a Divina Provid\u00eancia, continuar\u00e1 a ser celebrada na Gl\u00f3ria de Deus, por tempos que mal podemos imaginar.<\/p>\n\n\n\n<p>A vida de Verena \/ Bernarda na Terra abrangeu v\u00e1rias facetas, todas elas dirigidas pela sabedoria de Deus.<\/p>\n\n\n\n<p>Ela era a feliz e obediente garota su\u00ed\u00e7a; a filha e a irm\u00e3 de um lar crist\u00e3o, formado pelo pai, a m\u00e3e, quatro meninas e quatro meninos.<\/p>\n\n\n\n<p>A jovem que a Igreja guiou por caminhos muito espec\u00edficos, desde as car\u00edcias que Deus costuma dar \u00e0s almas privilegiadas, at\u00e9 aos momentos especiais em que o Esp\u00edrito Santo lhe manifestou a sua dupla voca\u00e7\u00e3o de ora\u00e7\u00e3o e apostolado, em diversos modelos, voca\u00e7\u00e3o a que A Provid\u00eancia a ela destinou e que se materializa no bem, como ela mesma escreveu: \u201cEu tinha um grande entendimento de tudo que \u00e9 bom; minha alma sentia-se arrebatada ao ouvir, assim descompassada, uma palavra de encorajamento para o bem\u201d (Fr. Beda Mayer, p. 23).<\/p>\n\n\n\n<p>Ent\u00e3o ela era a religiosa observadora do presente, mas inquieta com o futuro, que n\u00e3o hesitava em dar aten\u00e7\u00e3o a Deus que mudava seu projeto de vida, sabiamente, sim, mas sem consult\u00e1-lo.<\/p>\n\n\n\n<p>Foi o Mission\u00e1ria quem ouviu atentamente a comiss\u00e3o do Salvador: \u201cIde por todo o mundo, fazei disc\u00edpulos de todas as na\u00e7\u00f5es, ensinai-lhes o que eu vos ensinei, batizai-os e tende a certeza de que estarei convosco todos os dias\u201d (Mt. 28, 19.20).<\/p>\n\n\n\n<p>Ela foi a Fundadora, que soube trabalhar em equipe e chegou ao Equador com as primeiras irm\u00e3s para depois criar ra\u00edzes em nossa Cartagena e, daqui, para outros pa\u00edses.<\/p>\n\n\n\n<p>Foi o Santo que a Igreja soube inscrever no cat\u00e1logo dos que escutaram e cumpriram a voz de Deus, a chamada ao aperfei\u00e7oamento pessoal e ao servi\u00e7o ao pr\u00f3ximo.<\/p>\n\n\n\n<p>Ao falar de pessoas famosas, costuma-se dizer: Exalou seu \u00faltimo suspiro; mas quando se trata de santos, usamos a palavra que o Evangelho nos traz a respeito de Nosso Senhor Jesus Cristo: \u201cEntregou o seu esp\u00edrito nas m\u00e3os de Deus\u201d.<\/p>\n\n\n\n<p>Aquele momento que as Irm\u00e3s, os fi\u00e9is de Cartagena e o Arcebispo com seus Sacerdotes viveram com dor e tamb\u00e9m com admira\u00e7\u00e3o, foi registrado por escrito pelo bi\u00f3grafo, Padre Capuchinho Frei Beda Mayer. Vamos ouvir:<\/p>\n\n\n\n<p>\u201cEles chamaram o padre Efren Bernheim, seu confessor, como ele mesmo desejava. Ele apareceu \u00e0 uma da manh\u00e3; At\u00e9 ent\u00e3o, Madre Bernarda tinha permanecido com os olhos baixos, como se estivesse sem sentidos, mas quando o confessor entrou, ela abriu os olhos imediatamente, porque sentiu sua presen\u00e7a. O Padre deu-lhe novamente a absolvi\u00e7\u00e3o sacerdotal e, enquanto uma das Irm\u00e3s segurava a vela acesa nas m\u00e3os frias, come\u00e7ou a recomenda\u00e7\u00e3o da alma. Ele fez atos de f\u00e9, esperan\u00e7a e caridade com a M\u00e3e e rezou o Credo. Todas as Irm\u00e3s se reuniram ao redor do leito da moribunda, acompanhando-a com suas ora\u00e7\u00f5es e derramando abundantes l\u00e1grimas.<\/p>\n\n\n\n<p>O padre rapidamente deu-lhe a absolvi\u00e7\u00e3o e a b\u00ean\u00e7\u00e3o novamente. Isso era o que eu esperava; ela respirou algumas vezes levemente, deu um suspiro suave e o cora\u00e7\u00e3o forte de Madre Bernarda acabou sofrendo. Sua alma apareceu diante d&#8217;Aquele a quem apenas amou e desejou. Era 19 de maio de 1924, \u00e0s cinco da manh\u00e3, precisamente na hora em que recebia a Sagrada Comunh\u00e3o h\u00e1 tantos anos. Para completar 76 anos de vida, faltaram-lhe seis dias. Destes anos Madre Bernarda viveu 56 na Ordem Ser\u00e1fica e 38 deles nas Miss\u00f5es\u201d.<\/p>\n\n\n\n<p>Com a ascens\u00e3o da sua alma ao c\u00e9u, come\u00e7ou para ela a tr\u00edplice tarefa que corresponde a todos os santos: dar gl\u00f3ria a Deus Criador e Redentor; ser modelo acess\u00edvel aos mortais e interceder diante de Deus pelos necessitados da prote\u00e7\u00e3o divina, a quem chamamos de devotos.<\/p>\n\n\n\n<p>Podemos considerar estes cem anos, agrupados em tr\u00eas per\u00edodos, correspondendo a tr\u00eas \u00e9pocas que a Igreja, juntamente com o Mundo, viveu; cada um corresponde aproximadamente a 33 anos, a idade de Cristo. Em todos esses tr\u00eas per\u00edodos, a proje\u00e7\u00e3o de Santa Maria Bernarda em nossa terra se manifestou de maneira especial, na vida e no minist\u00e9rio dos sacerdotes que a invocaram e receberam sua prote\u00e7\u00e3o. Assim se cumpre o que ela mesma escreveu: \u201cAtrav\u00e9s do Sacerdote deve-se renovar e salvar o mundo; e isto em uni\u00e3o com as almas v\u00edtimas que o Cora\u00e7\u00e3o de Jesus escolhe para esse fim\u201d.<\/p>\n\n\n\n<p>Sabemos de nossa santa que ela era uma &#8220;Alma V\u00edtima&#8221;; N\u00e3o aprendeu as doutrinas na universidade, mas, ao estilo de Jo\u00e3o Evangelista, entregou-se como v\u00edtima ao Cora\u00e7\u00e3o do Salvador e recebeu dele um duplo dom: &#8220;P\u00f5e por escrito o que Ele a inspirou e aplica sua condi\u00e7\u00e3o de v\u00edtima, na intercess\u00e3o pela vida e pelo minist\u00e9rio sacerdotal\u201d.<\/p>\n\n\n\n<p>Consideremos a primeira, das tr\u00eas fases, entre os anos de 1924 e 1957 que inclui a Segunda Guerra Mundial, com todas as circunst\u00e2ncias de defici\u00eancias e preocupa\u00e7\u00f5es; Religiosos e religiosas estrangeiros sofreram em sua pr\u00f3pria carne, as dificuldades infligidas a eles pelos poderes que acreditavam que eles eram os donos do mundo. A Arquidiocese foi pastoreada pelos arcebispos Pedro Ad\u00e1n Brioschi e Jos\u00e9 Ignacio L\u00f3pez Uma\u00f1a, homens de sacrif\u00edcio que viajaram seus paroquianos dispersos nas costas de uma mula ou remo de canoa. Posteriormente, as sedes episcopais multiplicaram-se, tendo organizado as de: San Andr\u00e9s, San Jorge e Barranquilla.<\/p>\n\n\n\n<p>Os sacerdotes ordenados naquela \u00e9poca eram formados no Semin\u00e1rio de San Carlos Borromeu, restaurado pelo santo Bispo Eugenio Biffi. Dou aos seminaristas de Sincelejo e Monter\u00eda a tarefa de ir ver as est\u00e1tuas do Pe. Berzal em Lorica ou do Pe. Percy em Coroza &#8211; Que exemplo nos d\u00e3o esses p\u00e1rocos em tempos sem eletricidade e, claro, sem os meios eletr\u00f4nicos de hoje . E Madre Bernarda, l\u00e1 do c\u00e9u, preocupou-se em proteger seus filhos sacerdotes que ela mesma conhecera e cuidou espiritualmente de suas filhas, as Irm\u00e3s Franciscanas.<\/p>\n\n\n\n<p>Naqueles anos, o Senhor propiciou dois eventos: a introdu\u00e7\u00e3o e o primeiro andamento da Causa de Canoniza\u00e7\u00e3o desde 1935 e a dupla transfer\u00eancia das veneradas rel\u00edquias da Serva de Deus Maria Bernarda, primeiro do cemit\u00e9rio para a Obra Pia (1926), e depois em cortejo solene, dali at\u00e9 ao local onde nos encontramos (1956).<\/p>\n\n\n\n<p>Uma segunda etapa, mais pr\u00f3xima de n\u00f3s, \u00e9 a dos anos 50 a 90. Inclui a bendita era do Conc\u00edlio Ecum\u00eanico Vaticano II e a \u00e9poca de seu consequente filho ileg\u00edtimo, o p\u00f3s Conc\u00edlio.<\/p>\n\n\n\n<p>Quanto a Igreja ganhou naqueles anos, quantas coisas se inovaram, como nos tornamos disc\u00edpulos do Bom Papa Jo\u00e3o XXIII! Mas tamb\u00e9m, como sofreu toda a Igreja (a hierarquia, os pastores e as ovelhas) perante a m\u00e1 interpreta\u00e7\u00e3o, a deser\u00e7\u00e3o de muitos sacerdotes que, desorientados, se questionavam: Para que fui ordenado&#8230;<\/p>\n\n\n\n<p>Eu me pergunto: como Santa Bernarda reprimiu os caprichos e atraiu os bons? Foi ent\u00e3o que compreendemos e percebemos que a fidelidade sacerdotal significava f\u00e9 pr\u00e1tica na Eucaristia e devo\u00e7\u00e3o confiante e filial \u00e0 M\u00e3e de Deus. Assim, pela gra\u00e7a de Deus, o mal-estar do p\u00f3s Conc\u00edlio foi curado.<\/p>\n\n\n\n<p>Por outro lado, Deus aben\u00e7oou a nossa Igreja com acontecimentos que positivamente perduram: Em 1959 o Papa Jo\u00e3o XXIII aprovou os escritos do Servo de Deus e em 1974 o Papa Paulo VI autorizou a formaliza\u00e7\u00e3o da Causa de Canoniza\u00e7\u00e3o.<\/p>\n\n\n\n<p>A Igreja em nossas dioceses estava progredindo. Nelas, a pastoral vocacional aumentou. Em 1965 foi criado o Semin\u00e1rio Regional Juan XXIII e foram lan\u00e7ados os alicerces do nosso querido Semin\u00e1rio Provincial San Carlos Borromeu, orgulho dos in\u00fameros sacerdotes formados e beata p\u00e1tria dos seminaristas das seis dioceses, deste lado do Caribe. Muitos padres realizaram estudos especializados e constru\u00edram templos e institui\u00e7\u00f5es de grande fruto para a Igreja. Enquanto isso, Madre Maria Bernarda se comprazia com esses filhos consagrados a Deus no sacerd\u00f3cio, a servi\u00e7o do povo.<\/p>\n\n\n\n<p>Estamos culminando o terceiro per\u00edodo da vida de Santa Bernarda no c\u00e9u, celebrando o Centen\u00e1rio com o \u201cAno Jubilar\u201d. Dizemos a Deus: Obrigado por ser t\u00e3o generoso conosco. Obrigado por nos dar esta M\u00e3e que nos ensina e nos protege. Obrigado por nos dar, como sacramento de fraternidade, estas irm\u00e3s franciscanas que, como repeti no passado, &#8220;est\u00e3o costuradas na hist\u00f3ria da Igreja de Cartagena&#8221;. Elas s\u00e3o nossas irm\u00e3s e por isso vivemos o sacerd\u00f3cio confiantes de que o ideal de vida religiosa e a consagra\u00e7\u00e3o episcopal s\u00e3o ofertas paralelas de vidas que Deus acolhe como sacrif\u00edcio com cheiro de santidade.<\/p>\n\n\n\n<p>Este \u00faltimo per\u00edodo, de 1990 at\u00e9 o presente, foi adornado com as duas datas t\u00e3o esperadas: a beatifica\u00e7\u00e3o (29 de outubro de 1995) e a canoniza\u00e7\u00e3o (12 de outubro de 2008).<\/p>\n\n\n\n<p>N\u00e3o h\u00e1 outra diocese na Col\u00f4mbia que preserve os corpos de dois santos canonizados, e n\u00e3o h\u00e1 jurisdi\u00e7\u00e3o que se vale do patroc\u00ednio de uma santa, que ainda vive entre n\u00f3s enquanto caminhava pelas ruas da cidade e evangelizava a popula\u00e7\u00e3o jovem, de quem chega para celebrar o seu centen\u00e1rio.<\/p>\n\n\n\n<p>E para coroar a sua gratid\u00e3o a Deus, o Arcebispo Francisco Javier M\u00fanera Correa obteve da Santa S\u00e9 o privil\u00e9gio de um &#8220;Ano Jubilar&#8221; que come\u00e7a hoje para purificar as consci\u00eancias dos fi\u00e9is que ir\u00e3o \u00e0 Igreja Matriz, neste Santu\u00e1rio de Santa Maria Bernarda, e receber\u00e3o as b\u00ean\u00e7\u00e3os mais especiais que a Divina Miseric\u00f3rdia pode conceder.<\/p>\n\n\n\n<figure class=\"wp-block-gallery has-nested-images columns-2 is-cropped wp-block-gallery-1 is-layout-flex wp-block-gallery-is-layout-flex\">\n<figure class=\"wp-block-image size-large\"><img loading=\"lazy\" decoding=\"async\" width=\"773\" height=\"1024\" data-id=\"2712\" src=\"https:\/\/franciscanas.org\/portal\/brasil\/wp-content\/uploads\/sites\/5\/2023\/05\/apertura01-773x1024.jpg\" alt=\"\" class=\"wp-image-2712\" srcset=\"https:\/\/franciscanas.org\/portal\/brasil\/wp-content\/uploads\/sites\/5\/2023\/05\/apertura01-773x1024.jpg 773w, https:\/\/franciscanas.org\/portal\/brasil\/wp-content\/uploads\/sites\/5\/2023\/05\/apertura01-480x636.jpg 480w\" sizes=\"(min-width: 0px) and (max-width: 480px) 480px, (min-width: 481px) 773px, 100vw\" \/><\/figure>\n\n\n\n<figure class=\"wp-block-image size-large\"><img loading=\"lazy\" decoding=\"async\" width=\"900\" height=\"600\" data-id=\"2710\" src=\"https:\/\/franciscanas.org\/portal\/brasil\/wp-content\/uploads\/sites\/5\/2023\/05\/apertura02.jpg\" alt=\"\" class=\"wp-image-2710\" srcset=\"https:\/\/franciscanas.org\/portal\/brasil\/wp-content\/uploads\/sites\/5\/2023\/05\/apertura02.jpg 900w, https:\/\/franciscanas.org\/portal\/brasil\/wp-content\/uploads\/sites\/5\/2023\/05\/apertura02-480x320.jpg 480w\" sizes=\"(min-width: 0px) and (max-width: 480px) 480px, (min-width: 481px) 900px, 100vw\" \/><\/figure>\n\n\n\n<figure class=\"wp-block-image size-large\"><img loading=\"lazy\" decoding=\"async\" width=\"900\" height=\"600\" data-id=\"2709\" src=\"https:\/\/franciscanas.org\/portal\/brasil\/wp-content\/uploads\/sites\/5\/2023\/05\/apertura03.jpg\" alt=\"\" class=\"wp-image-2709\" srcset=\"https:\/\/franciscanas.org\/portal\/brasil\/wp-content\/uploads\/sites\/5\/2023\/05\/apertura03.jpg 900w, https:\/\/franciscanas.org\/portal\/brasil\/wp-content\/uploads\/sites\/5\/2023\/05\/apertura03-480x320.jpg 480w\" sizes=\"(min-width: 0px) and (max-width: 480px) 480px, (min-width: 481px) 900px, 100vw\" \/><\/figure>\n\n\n\n<figure class=\"wp-block-image size-large\"><img loading=\"lazy\" decoding=\"async\" width=\"900\" height=\"600\" data-id=\"2711\" src=\"https:\/\/franciscanas.org\/portal\/brasil\/wp-content\/uploads\/sites\/5\/2023\/05\/apertura05.jpg\" alt=\"\" class=\"wp-image-2711\" srcset=\"https:\/\/franciscanas.org\/portal\/brasil\/wp-content\/uploads\/sites\/5\/2023\/05\/apertura05.jpg 900w, https:\/\/franciscanas.org\/portal\/brasil\/wp-content\/uploads\/sites\/5\/2023\/05\/apertura05-480x320.jpg 480w\" sizes=\"(min-width: 0px) and (max-width: 480px) 480px, (min-width: 481px) 900px, 100vw\" \/><\/figure>\n<\/figure>\n\n\n\n<p><\/p>\n\n\n\n<p><\/p>\n","protected":false},"excerpt":{"rendered":"<p>\u00c9 uma festa em honra do Senhor, e todo o povo se reunir\u00e1 para adorar solenemente ao Senhor. \u00c9 uma data memor\u00e1vel e deve ser anunciada ao som de trombetas\u201d (Lv. 23, 23-24).<\/p>\n","protected":false},"author":1,"featured_media":2708,"comment_status":"closed","ping_status":"closed","sticky":false,"template":"","format":"standard","meta":{"_et_pb_use_builder":"off","_et_pb_old_content":"","_et_gb_content_width":"1200","footnotes":""},"categories":[8],"tags":[],"class_list":["post-2707","post","type-post","status-publish","format-standard","has-post-thumbnail","hentry","category-noticias"],"_links":{"self":[{"href":"https:\/\/franciscanas.org\/portal\/brasil\/wp-json\/wp\/v2\/posts\/2707","targetHints":{"allow":["GET"]}}],"collection":[{"href":"https:\/\/franciscanas.org\/portal\/brasil\/wp-json\/wp\/v2\/posts"}],"about":[{"href":"https:\/\/franciscanas.org\/portal\/brasil\/wp-json\/wp\/v2\/types\/post"}],"author":[{"embeddable":true,"href":"https:\/\/franciscanas.org\/portal\/brasil\/wp-json\/wp\/v2\/users\/1"}],"replies":[{"embeddable":true,"href":"https:\/\/franciscanas.org\/portal\/brasil\/wp-json\/wp\/v2\/comments?post=2707"}],"version-history":[{"count":1,"href":"https:\/\/franciscanas.org\/portal\/brasil\/wp-json\/wp\/v2\/posts\/2707\/revisions"}],"predecessor-version":[{"id":2713,"href":"https:\/\/franciscanas.org\/portal\/brasil\/wp-json\/wp\/v2\/posts\/2707\/revisions\/2713"}],"wp:featuredmedia":[{"embeddable":true,"href":"https:\/\/franciscanas.org\/portal\/brasil\/wp-json\/wp\/v2\/media\/2708"}],"wp:attachment":[{"href":"https:\/\/franciscanas.org\/portal\/brasil\/wp-json\/wp\/v2\/media?parent=2707"}],"wp:term":[{"taxonomy":"category","embeddable":true,"href":"https:\/\/franciscanas.org\/portal\/brasil\/wp-json\/wp\/v2\/categories?post=2707"},{"taxonomy":"post_tag","embeddable":true,"href":"https:\/\/franciscanas.org\/portal\/brasil\/wp-json\/wp\/v2\/tags?post=2707"}],"curies":[{"name":"wp","href":"https:\/\/api.w.org\/{rel}","templated":true}]}}