{"id":2663,"date":"2023-05-24T16:08:47","date_gmt":"2023-05-24T19:08:47","guid":{"rendered":"https:\/\/franciscanas.org\/portal\/brasil\/?p=2663"},"modified":"2023-05-26T17:12:14","modified_gmt":"2023-05-26T20:12:14","slug":"quase-afundou-o-barco","status":"publish","type":"post","link":"https:\/\/franciscanas.org\/portal\/brasil\/noticias\/quase-afundou-o-barco\/","title":{"rendered":"Quase afundou o barco&#8230;"},"content":{"rendered":"\n<p>Ir. Rosalba Martinez, mission\u00e1ria colombiana rec\u00e9m chegada em Beruri, Amazonas, compartilha primeira experi\u00eancia de sa\u00edda para visita \u00e0s comunidades ribeirinhas, num contexto de imensas dist\u00e2ncias e grandes rios. Os desafios tamb\u00e9m podem surgir a qualquer momento&#8230;<\/p>\n\n\n\n<p><\/p>\n\n\n\n<p>ESTA HIST\u00d3RIA COME\u00c7A O DIA QUE SAIMOS DE BERURI\u2026.<\/p>\n\n\n\n<p>Trata-se de narrar um fato acontecido em viagem para a pastoral ribeirinha.<\/p>\n\n\n\n<p>No dia 10 de maio cedo, sa\u00edmos de porto de Beruri, aproximadamente oito horas da manh\u00e3, quando observei as pessoas que ajudavam a carregar todos os itens necess\u00e1rios para a viagem. Toda a equipe, que ia participar da miss\u00e3o estava feliz e entusiasmada pela grande experi\u00eancia que viver\u00edamos. Quando tudo estava acomodado no barco, partimos e o Padre realizou uma ora\u00e7\u00e3o:<\/p>\n\n\n\n<p>Deus, luz que nos ilumina, envolve-nos em teu cora\u00e7\u00e3o, em teu amor, guia-nos em todos os caminhos, nos colocamos em tuas m\u00e3os. D\u00e1-nos sabedoria suficiente para poder captar teus ensinamentos e semear com entusiasmo. Permite-nos compreender e saborear a riqueza da tua palavra que d\u00e1 sentido \u00e0 nossa vida, poder lev\u00e1-la a outras pessoas sem distin\u00e7\u00e3o de ra\u00e7a, cultura e em qualquer parte do mundo, servindo generosamente e sacrificando nossos confortos. Estamos vigilantes para promover mudan\u00e7as que favore\u00e7am a nosso crescimento espiritual e de nossos irm\u00e3os.<\/p>\n\n\n\n<p>A vivencia em Deus nos ajuda a construir-nos cada dia e a partir dos acontecimentos abre nossa vida para v\u00ea-lo em outros. Agradecemos-lhe por ternos escolhido, mas h\u00e1 tamb\u00e9m a luta o risco de perder nossa paz.<\/p>\n\n\n\n<p>Terminada a ora\u00e7\u00e3o, com o barco j\u00e1 andando, procuramos acomodar as coisas, ao mesmo tempo que admirava a natureza. Convers\u00e1vamos e assim foi passando o tempo da viagem, cada vez mais pr\u00f3ximos da primeira comunidade onde iniciar\u00edamos nossa miss\u00e3o.<\/p>\n\n\n\n<p>Estando eu na proa do barco, por volta das 4 horas da tarde, irm\u00e3 Silvani e o jovem Jayton vimos uma companheira de viagem de repente vir em nossa dire\u00e7\u00e3o com um colete salva-vidas e ela parecia muito nervosa e assustada, dizendo que havia muita \u00e1gua no motor, n\u00f3s estamos afundando e muito desesperada. Ir. Silvani tentou falar para acalm\u00e1-la.<\/p>\n\n\n\n<p>Quando escutei isso; muitas coisas vieram na minha cabe\u00e7a: o que realmente est\u00e1 acontecendo? H\u00e1 algo errado com o motor? Quanto tempo demora? Podem arrumar? Como podemos ajudar?<\/p>\n\n\n\n<p>N\u00e3o entendendo, o que realmente estava acontecendo, fiquei preocupada e por um momento me perdi\u2026. H\u00e1 quanto tempo esta situa\u00e7\u00e3o come\u00e7ou?<\/p>\n\n\n\n<p>Como alguns dias antes eu tinha come\u00e7ado a ler o livro: uma alma v\u00edtima de Santa Madre Bernarda, eu lembrei de uma frase: \u201cprocurai vencer, com otimismo, as dificuldades que surgem aqui e ali \u2026\u201d Carta No. 84 \u201cno semblante a luz da f\u00e9, tanto nos momentos de dificuldades internas como externas \u201ccarta 105 , me senti mais tranquila com essas palavras.<\/p>\n\n\n\n<p>Tenho certeza que toda equipe tinha Deus em mente\u2026 mas cada um tem sua maneira de ser e pensar diante das diferentes realidades. Naquele momento, queria saber o que passava na mente de cada um sobre aquela situa\u00e7\u00e3o\u2026 desde meu olhar, em que observei a realidade, ressalto que, por intercess\u00e3o de Santa Bernarda, n\u00f3s podemos sair daquela situa\u00e7\u00e3o, e n\u00e3o \u00e9 demais pensar que tamb\u00e9m \u00e9 uma gra\u00e7a de Santa Bernarda, poder contar com detalhes esta travessia que tivemos.<\/p>\n\n\n\n<p>Quando olho para dentro, fica claro que os mec\u00e2nicos nunca se descontrolaram e trabalharam unidos. Imagino que estavam colocando todo o seu conhecimento em pratica para encontrar uma solu\u00e7\u00e3o e buscar a seguran\u00e7a de todos. Alguns minutos se passaram, quando eles decidiram rebocar o barco com a lancha auxiliar at\u00e9 a beira do rio. Procuraram o mais pr\u00f3ximo poss\u00edvel e o melhor lugar que puderam encontrar naquele momento. Depois j\u00e1 est\u00e1vamos com o barco amarrado a uma arvore, eles continuaram a fazer manobras para que o pequeno motor ajudasse a tirar \u00e1gua do barco, buscaram outras alternativas e adaptaram a bomba d agua da lancha para tirar agua do barco.<\/p>\n\n\n\n<p>Enquanto faziam tudo isto, pedi a M\u00e3e Bernarda para ilumin\u00e1-los para que fossem s\u00e1bios em cada movimento que faziam. Tenho certeza que o Padre e todos os outros tamb\u00e9m rezavam para que sa\u00edssemos daquela situa\u00e7\u00e3o. Aquele contexto envolveu muita adrenalina e desespero.<\/p>\n\n\n\n<p>Como resultado de tudo junto, as ora\u00e7\u00f5es e as habilidades dos maquinistas que trabalharam e fizeram com que n\u00e3o entrasse mais agua, ficamos um pouco mais seguros, porque depois dessas horas passaram outras coisas que se somaram ao problema do motor do barco.<\/p>\n\n\n\n<p>Chegamos a um local e o Padre conseguiu se comunicar e informar \u00e0 comunidade. Eles comentam a situa\u00e7\u00e3o e os demais agradecem a Deus ajuda divina que tivemos. Ainda por cima, o Padre que agora tinha muita tens\u00e3o por todos n\u00f3s, dialogou com os maquinistas e tomaram a decis\u00e3o mais sabia de voltar para Beruri para consertar o barco, pois n\u00e3o teria como consertar em viagem.<\/p>\n\n\n\n<p>\u201cH\u00e1 decis\u00f5es na vida que impera a seguran\u00e7a e at\u00e9 o esfor\u00e7o que foi realizado para a miss\u00e3o nas comunidades ribeirinhas\u201d.<\/p>\n\n\n\n<p>Resumindo: foi para mim um momento onde reafirmo que sou mission\u00e1ria e a M\u00e3e Bernarda continua a permitir-me situa\u00e7\u00f5es como estas, para me deixar sempre na vontade de Deus, com todas as consequ\u00eancias porque a minha consagra\u00e7\u00e3o nem sempre ser\u00e1 de bons momentos, mas tamb\u00e9m de tristezas, desafios, des\u00e2nimos, doen\u00e7as e como diz M\u00e3e Bernarda.. \u201canima-te e confia! Com Cristo e a sua ajuda vencereis, capazes de responder \u00e0s cont\u00ednuas exig\u00eancias da gra\u00e7a. Desistir seria loucura. N\u00e3o olhe para tr\u00e1s, nem desanime nas dificuldades. Nisto, sim, voc\u00ea est\u00e1 certa! Deve ser cuidadosa e cautelosa! Voc\u00ea deve garantir um navio seguro para cruzar o mar que leva \u00e0 eternidade. O barco est\u00e1 pronto. Embarquei e naveguei\u2026\u201d Carta No. 94.<\/p>\n\n\n\n<p>Com isto, digo a voc\u00eas: tenham sempre confian\u00e7a em Deus, em Nossa Senhora e Santa M\u00aa Bernarda. Eles sempre nos acompanham.<\/p>\n\n\n\n<p>Paz e bem e Que Deus aben\u00e7oe nossos caminhos.<\/p>\n\n\n\n<p><\/p>\n\n\n\n<figure class=\"wp-block-gallery has-nested-images columns-default is-cropped wp-block-gallery-1 is-layout-flex wp-block-gallery-is-layout-flex\">\n<figure class=\"wp-block-image size-large\"><img loading=\"lazy\" decoding=\"async\" width=\"900\" height=\"675\" data-id=\"2675\" src=\"https:\/\/franciscanas.org\/portal\/brasil\/wp-content\/uploads\/sites\/5\/2023\/05\/am02.jpg\" alt=\"\" class=\"wp-image-2675\" srcset=\"https:\/\/franciscanas.org\/portal\/brasil\/wp-content\/uploads\/sites\/5\/2023\/05\/am02.jpg 900w, https:\/\/franciscanas.org\/portal\/brasil\/wp-content\/uploads\/sites\/5\/2023\/05\/am02-480x360.jpg 480w\" sizes=\"(min-width: 0px) and (max-width: 480px) 480px, (min-width: 481px) 900px, 100vw\" \/><\/figure>\n\n\n\n<figure class=\"wp-block-image size-large\"><img loading=\"lazy\" decoding=\"async\" width=\"900\" height=\"675\" data-id=\"2669\" src=\"https:\/\/franciscanas.org\/portal\/brasil\/wp-content\/uploads\/sites\/5\/2023\/05\/am03.jpg\" alt=\"\" class=\"wp-image-2669\" srcset=\"https:\/\/franciscanas.org\/portal\/brasil\/wp-content\/uploads\/sites\/5\/2023\/05\/am03.jpg 900w, https:\/\/franciscanas.org\/portal\/brasil\/wp-content\/uploads\/sites\/5\/2023\/05\/am03-480x360.jpg 480w\" sizes=\"(min-width: 0px) and (max-width: 480px) 480px, (min-width: 481px) 900px, 100vw\" \/><\/figure>\n\n\n\n<figure class=\"wp-block-image size-large\"><img loading=\"lazy\" decoding=\"async\" width=\"900\" height=\"676\" data-id=\"2667\" src=\"https:\/\/franciscanas.org\/portal\/brasil\/wp-content\/uploads\/sites\/5\/2023\/05\/am04.jpg\" alt=\"\" class=\"wp-image-2667\" srcset=\"https:\/\/franciscanas.org\/portal\/brasil\/wp-content\/uploads\/sites\/5\/2023\/05\/am04.jpg 900w, https:\/\/franciscanas.org\/portal\/brasil\/wp-content\/uploads\/sites\/5\/2023\/05\/am04-480x361.jpg 480w\" sizes=\"(min-width: 0px) and (max-width: 480px) 480px, (min-width: 481px) 900px, 100vw\" \/><\/figure>\n\n\n\n<figure class=\"wp-block-image size-large\"><img loading=\"lazy\" decoding=\"async\" width=\"900\" height=\"506\" data-id=\"2665\" src=\"https:\/\/franciscanas.org\/portal\/brasil\/wp-content\/uploads\/sites\/5\/2023\/05\/am05.jpg\" alt=\"\" class=\"wp-image-2665\" srcset=\"https:\/\/franciscanas.org\/portal\/brasil\/wp-content\/uploads\/sites\/5\/2023\/05\/am05.jpg 900w, https:\/\/franciscanas.org\/portal\/brasil\/wp-content\/uploads\/sites\/5\/2023\/05\/am05-480x270.jpg 480w\" sizes=\"(min-width: 0px) and (max-width: 480px) 480px, (min-width: 481px) 900px, 100vw\" \/><\/figure>\n\n\n\n<figure class=\"wp-block-image size-large\"><img loading=\"lazy\" decoding=\"async\" width=\"900\" height=\"676\" data-id=\"2666\" src=\"https:\/\/franciscanas.org\/portal\/brasil\/wp-content\/uploads\/sites\/5\/2023\/05\/am06.jpg\" alt=\"\" class=\"wp-image-2666\" srcset=\"https:\/\/franciscanas.org\/portal\/brasil\/wp-content\/uploads\/sites\/5\/2023\/05\/am06.jpg 900w, https:\/\/franciscanas.org\/portal\/brasil\/wp-content\/uploads\/sites\/5\/2023\/05\/am06-480x361.jpg 480w\" sizes=\"(min-width: 0px) and (max-width: 480px) 480px, (min-width: 481px) 900px, 100vw\" \/><\/figure>\n\n\n\n<figure class=\"wp-block-image size-large\"><img loading=\"lazy\" decoding=\"async\" width=\"900\" height=\"675\" data-id=\"2668\" src=\"https:\/\/franciscanas.org\/portal\/brasil\/wp-content\/uploads\/sites\/5\/2023\/05\/am07.jpg\" alt=\"\" class=\"wp-image-2668\" srcset=\"https:\/\/franciscanas.org\/portal\/brasil\/wp-content\/uploads\/sites\/5\/2023\/05\/am07.jpg 900w, https:\/\/franciscanas.org\/portal\/brasil\/wp-content\/uploads\/sites\/5\/2023\/05\/am07-480x360.jpg 480w\" sizes=\"(min-width: 0px) and (max-width: 480px) 480px, (min-width: 481px) 900px, 100vw\" \/><\/figure>\n\n\n\n<figure class=\"wp-block-image size-large\"><img loading=\"lazy\" decoding=\"async\" width=\"768\" height=\"1024\" data-id=\"2674\" src=\"https:\/\/franciscanas.org\/portal\/brasil\/wp-content\/uploads\/sites\/5\/2023\/05\/am08-768x1024.jpg\" alt=\"\" class=\"wp-image-2674\" srcset=\"https:\/\/franciscanas.org\/portal\/brasil\/wp-content\/uploads\/sites\/5\/2023\/05\/am08-768x1024.jpg 768w, https:\/\/franciscanas.org\/portal\/brasil\/wp-content\/uploads\/sites\/5\/2023\/05\/am08-480x640.jpg 480w\" sizes=\"(min-width: 0px) and (max-width: 480px) 480px, (min-width: 481px) 768px, 100vw\" \/><\/figure>\n\n\n\n<figure class=\"wp-block-image size-large\"><img loading=\"lazy\" decoding=\"async\" width=\"768\" height=\"1024\" data-id=\"2676\" src=\"https:\/\/franciscanas.org\/portal\/brasil\/wp-content\/uploads\/sites\/5\/2023\/05\/am09-768x1024.jpg\" alt=\"\" class=\"wp-image-2676\" srcset=\"https:\/\/franciscanas.org\/portal\/brasil\/wp-content\/uploads\/sites\/5\/2023\/05\/am09-768x1024.jpg 768w, https:\/\/franciscanas.org\/portal\/brasil\/wp-content\/uploads\/sites\/5\/2023\/05\/am09-480x640.jpg 480w\" sizes=\"(min-width: 0px) and (max-width: 480px) 480px, (min-width: 481px) 768px, 100vw\" \/><\/figure>\n\n\n\n<figure class=\"wp-block-image size-large\"><img loading=\"lazy\" decoding=\"async\" width=\"900\" height=\"676\" data-id=\"2671\" src=\"https:\/\/franciscanas.org\/portal\/brasil\/wp-content\/uploads\/sites\/5\/2023\/05\/am10.jpg\" alt=\"\" class=\"wp-image-2671\" srcset=\"https:\/\/franciscanas.org\/portal\/brasil\/wp-content\/uploads\/sites\/5\/2023\/05\/am10.jpg 900w, https:\/\/franciscanas.org\/portal\/brasil\/wp-content\/uploads\/sites\/5\/2023\/05\/am10-480x361.jpg 480w\" sizes=\"(min-width: 0px) and (max-width: 480px) 480px, (min-width: 481px) 900px, 100vw\" \/><\/figure>\n\n\n\n<figure class=\"wp-block-image size-large\"><img loading=\"lazy\" decoding=\"async\" width=\"900\" height=\"675\" data-id=\"2673\" src=\"https:\/\/franciscanas.org\/portal\/brasil\/wp-content\/uploads\/sites\/5\/2023\/05\/am11.jpg\" alt=\"\" class=\"wp-image-2673\" srcset=\"https:\/\/franciscanas.org\/portal\/brasil\/wp-content\/uploads\/sites\/5\/2023\/05\/am11.jpg 900w, https:\/\/franciscanas.org\/portal\/brasil\/wp-content\/uploads\/sites\/5\/2023\/05\/am11-480x360.jpg 480w\" sizes=\"(min-width: 0px) and (max-width: 480px) 480px, (min-width: 481px) 900px, 100vw\" \/><\/figure>\n\n\n\n<figure class=\"wp-block-image size-large\"><img loading=\"lazy\" decoding=\"async\" width=\"461\" height=\"1024\" data-id=\"2679\" src=\"https:\/\/franciscanas.org\/portal\/brasil\/wp-content\/uploads\/sites\/5\/2023\/05\/am12-461x1024.jpg\" alt=\"\" class=\"wp-image-2679\"\/><\/figure>\n\n\n\n<figure class=\"wp-block-image size-large\"><img loading=\"lazy\" decoding=\"async\" width=\"769\" height=\"1024\" data-id=\"2677\" src=\"https:\/\/franciscanas.org\/portal\/brasil\/wp-content\/uploads\/sites\/5\/2023\/05\/am13-769x1024.jpg\" alt=\"\" class=\"wp-image-2677\" srcset=\"https:\/\/franciscanas.org\/portal\/brasil\/wp-content\/uploads\/sites\/5\/2023\/05\/am13-769x1024.jpg 769w, https:\/\/franciscanas.org\/portal\/brasil\/wp-content\/uploads\/sites\/5\/2023\/05\/am13-480x639.jpg 480w\" sizes=\"(min-width: 0px) and (max-width: 480px) 480px, (min-width: 481px) 769px, 100vw\" \/><\/figure>\n\n\n\n<figure class=\"wp-block-image size-large\"><img loading=\"lazy\" decoding=\"async\" width=\"900\" height=\"506\" data-id=\"2670\" src=\"https:\/\/franciscanas.org\/portal\/brasil\/wp-content\/uploads\/sites\/5\/2023\/05\/am14.jpg\" alt=\"\" class=\"wp-image-2670\" srcset=\"https:\/\/franciscanas.org\/portal\/brasil\/wp-content\/uploads\/sites\/5\/2023\/05\/am14.jpg 900w, https:\/\/franciscanas.org\/portal\/brasil\/wp-content\/uploads\/sites\/5\/2023\/05\/am14-480x270.jpg 480w\" sizes=\"(min-width: 0px) and (max-width: 480px) 480px, (min-width: 481px) 900px, 100vw\" \/><\/figure>\n\n\n\n<figure class=\"wp-block-image size-large\"><img loading=\"lazy\" decoding=\"async\" width=\"900\" height=\"1017\" data-id=\"2678\" src=\"https:\/\/franciscanas.org\/portal\/brasil\/wp-content\/uploads\/sites\/5\/2023\/05\/am15.jpg\" alt=\"\" class=\"wp-image-2678\" srcset=\"https:\/\/franciscanas.org\/portal\/brasil\/wp-content\/uploads\/sites\/5\/2023\/05\/am15.jpg 900w, https:\/\/franciscanas.org\/portal\/brasil\/wp-content\/uploads\/sites\/5\/2023\/05\/am15-480x542.jpg 480w\" sizes=\"(min-width: 0px) and (max-width: 480px) 480px, (min-width: 481px) 900px, 100vw\" \/><\/figure>\n\n\n\n<figure class=\"wp-block-image size-large\"><img loading=\"lazy\" decoding=\"async\" width=\"900\" height=\"675\" data-id=\"2672\" src=\"https:\/\/franciscanas.org\/portal\/brasil\/wp-content\/uploads\/sites\/5\/2023\/05\/am16.jpg\" alt=\"\" class=\"wp-image-2672\" srcset=\"https:\/\/franciscanas.org\/portal\/brasil\/wp-content\/uploads\/sites\/5\/2023\/05\/am16.jpg 900w, https:\/\/franciscanas.org\/portal\/brasil\/wp-content\/uploads\/sites\/5\/2023\/05\/am16-480x360.jpg 480w\" sizes=\"(min-width: 0px) and (max-width: 480px) 480px, (min-width: 481px) 900px, 100vw\" \/><\/figure>\n<\/figure>\n\n\n\n<p><\/p>\n\n\n\n<p><\/p>\n","protected":false},"excerpt":{"rendered":"<p>Ir. Rosalba Martinez, mission\u00e1ria colombiana rec\u00e9m chegada em Beruri, Amazonas, compartilha primeira experi\u00eancia de sa\u00edda para visita \u00e0s comunidades ribeirinhas, num contexto de imensas dist\u00e2ncias e grandes rios. Os desafios tamb\u00e9m podem surgir a qualquer momento&#8230;<\/p>\n","protected":false},"author":1,"featured_media":2664,"comment_status":"closed","ping_status":"closed","sticky":false,"template":"","format":"standard","meta":{"_et_pb_use_builder":"off","_et_pb_old_content":"","_et_gb_content_width":"1200","footnotes":""},"categories":[8],"tags":[],"class_list":["post-2663","post","type-post","status-publish","format-standard","has-post-thumbnail","hentry","category-noticias"],"_links":{"self":[{"href":"https:\/\/franciscanas.org\/portal\/brasil\/wp-json\/wp\/v2\/posts\/2663","targetHints":{"allow":["GET"]}}],"collection":[{"href":"https:\/\/franciscanas.org\/portal\/brasil\/wp-json\/wp\/v2\/posts"}],"about":[{"href":"https:\/\/franciscanas.org\/portal\/brasil\/wp-json\/wp\/v2\/types\/post"}],"author":[{"embeddable":true,"href":"https:\/\/franciscanas.org\/portal\/brasil\/wp-json\/wp\/v2\/users\/1"}],"replies":[{"embeddable":true,"href":"https:\/\/franciscanas.org\/portal\/brasil\/wp-json\/wp\/v2\/comments?post=2663"}],"version-history":[{"count":3,"href":"https:\/\/franciscanas.org\/portal\/brasil\/wp-json\/wp\/v2\/posts\/2663\/revisions"}],"predecessor-version":[{"id":2714,"href":"https:\/\/franciscanas.org\/portal\/brasil\/wp-json\/wp\/v2\/posts\/2663\/revisions\/2714"}],"wp:featuredmedia":[{"embeddable":true,"href":"https:\/\/franciscanas.org\/portal\/brasil\/wp-json\/wp\/v2\/media\/2664"}],"wp:attachment":[{"href":"https:\/\/franciscanas.org\/portal\/brasil\/wp-json\/wp\/v2\/media?parent=2663"}],"wp:term":[{"taxonomy":"category","embeddable":true,"href":"https:\/\/franciscanas.org\/portal\/brasil\/wp-json\/wp\/v2\/categories?post=2663"},{"taxonomy":"post_tag","embeddable":true,"href":"https:\/\/franciscanas.org\/portal\/brasil\/wp-json\/wp\/v2\/tags?post=2663"}],"curies":[{"name":"wp","href":"https:\/\/api.w.org\/{rel}","templated":true}]}}