{"id":2608,"date":"2023-05-19T20:30:00","date_gmt":"2023-05-19T23:30:00","guid":{"rendered":"https:\/\/franciscanas.org\/portal\/brasil\/?p=2608"},"modified":"2023-05-19T15:32:10","modified_gmt":"2023-05-19T18:32:10","slug":"ascensao-do-senhor","status":"publish","type":"post","link":"https:\/\/franciscanas.org\/portal\/brasil\/evangelho-do-domingo\/ascensao-do-senhor\/","title":{"rendered":"Ascens\u00e3o do Senhor"},"content":{"rendered":"\n<p class=\"has-vivid-red-color has-text-color\"><strong>EVANGELHO <\/strong>de Mateus 28, 16-20<\/p>\n\n\n\n<p>Naquele tempo,<br>16 Os onze disc\u00edpulos foram para a Galileia, ao monte que Jesus lhes tinha indicado.<br>17 Quando viram Jesus, prostraram-se diante dele. Ainda assim alguns duvidaram.<br>18 Ent\u00e3o Jesus aproximou-se e falou: &#8220;Toda a autoridade me foi dada no c\u00e9u e sobre a terra.<br>19 Portanto, ide e fazei disc\u00edpulos meus todos os povos, batizando-os em nome do Pai e do Filho e do Esp\u00edrito Santo,<br>20 e ensinando-os a observar tudo o que vos ordenei! Eis que eu estarei convosco todos os dias, at\u00e9 ao fim do mundo&#8221;.<\/p>\n\n\n\n<p class=\"has-vivid-red-color has-text-color\"><strong>Palavra da Salva\u00e7\u00e3o.<\/strong><\/p>\n","protected":false},"excerpt":{"rendered":"<p>Portanto, ide e fazei disc\u00edpulos meus todos os povos, batizando-os em nome do Pai e do Filho e do Esp\u00edrito Santo.<\/p>\n","protected":false},"author":1,"featured_media":2609,"comment_status":"closed","ping_status":"closed","sticky":false,"template":"","format":"standard","meta":{"_et_pb_use_builder":"off","_et_pb_old_content":"","_et_gb_content_width":"1200","footnotes":""},"categories":[106],"tags":[],"class_list":["post-2608","post","type-post","status-publish","format-standard","has-post-thumbnail","hentry","category-evangelho-do-domingo"],"_links":{"self":[{"href":"https:\/\/franciscanas.org\/portal\/brasil\/wp-json\/wp\/v2\/posts\/2608","targetHints":{"allow":["GET"]}}],"collection":[{"href":"https:\/\/franciscanas.org\/portal\/brasil\/wp-json\/wp\/v2\/posts"}],"about":[{"href":"https:\/\/franciscanas.org\/portal\/brasil\/wp-json\/wp\/v2\/types\/post"}],"author":[{"embeddable":true,"href":"https:\/\/franciscanas.org\/portal\/brasil\/wp-json\/wp\/v2\/users\/1"}],"replies":[{"embeddable":true,"href":"https:\/\/franciscanas.org\/portal\/brasil\/wp-json\/wp\/v2\/comments?post=2608"}],"version-history":[{"count":1,"href":"https:\/\/franciscanas.org\/portal\/brasil\/wp-json\/wp\/v2\/posts\/2608\/revisions"}],"predecessor-version":[{"id":2610,"href":"https:\/\/franciscanas.org\/portal\/brasil\/wp-json\/wp\/v2\/posts\/2608\/revisions\/2610"}],"wp:featuredmedia":[{"embeddable":true,"href":"https:\/\/franciscanas.org\/portal\/brasil\/wp-json\/wp\/v2\/media\/2609"}],"wp:attachment":[{"href":"https:\/\/franciscanas.org\/portal\/brasil\/wp-json\/wp\/v2\/media?parent=2608"}],"wp:term":[{"taxonomy":"category","embeddable":true,"href":"https:\/\/franciscanas.org\/portal\/brasil\/wp-json\/wp\/v2\/categories?post=2608"},{"taxonomy":"post_tag","embeddable":true,"href":"https:\/\/franciscanas.org\/portal\/brasil\/wp-json\/wp\/v2\/tags?post=2608"}],"curies":[{"name":"wp","href":"https:\/\/api.w.org\/{rel}","templated":true}]}}