{"id":2590,"date":"2023-05-17T15:00:00","date_gmt":"2023-05-17T18:00:00","guid":{"rendered":"https:\/\/franciscanas.org\/portal\/brasil\/?p=2590"},"modified":"2023-05-21T15:25:54","modified_gmt":"2023-05-21T18:25:54","slug":"celebracao-de-abertura-ano-centenario-da-pascoa-eterna-de-santa-maria-bernarda","status":"publish","type":"post","link":"https:\/\/franciscanas.org\/portal\/brasil\/noticias\/celebracao-de-abertura-ano-centenario-da-pascoa-eterna-de-santa-maria-bernarda\/","title":{"rendered":"Celebra\u00e7\u00e3o de abertura &#8211; Centen\u00e1rio da P\u00e1scoa Eterna de Santa Maria Bernarda"},"content":{"rendered":"\n<p><br>Com profunda alegria e muita alegria, comunicamos a realiza\u00e7\u00e3o da Celebra\u00e7\u00e3o Eucar\u00edstica de Abertura do Ano Centen\u00e1rio da Eterna P\u00e1scoa de Santa Maria Bernarda no Santu\u00e1rio Santa Maria Bernarda, Cartagena &#8211; Col\u00f4mbia, no dia 19 de maio \u00e0s 15h, hor\u00e1rio de Bogot\u00e1. <\/p>\n\n\n\n<p>Desde o dia 19 de maio de 2023 a 19 de maio de 2024, data em que celebraremos os 100 anos da partida de Santa Maria Bernarda para a Casa do Pai Celestial, viveremos um tempo de gra\u00e7a. <\/p>\n\n\n\n<p>Queremos que este acontecimento seja significativo e nos ajude a aprofundar o conhecimento da vida de Madre Bernarda, do seu Carisma Especial e da Espiritualidade da Congrega\u00e7\u00e3o. Seu carisma \u00e9 um compromisso de MISERIC\u00d3RDIA, GENTILEZA, F\u00c9 e ALEGRIA, que nos conduz a uma esperan\u00e7a inabal\u00e1vel. <\/p>\n\n\n\n<p>O lema \u201c<em>Um Centen\u00e1rio da Eterna Miseric\u00f3rdia<\/em>\u201d convida-nos a SABOREAR A VIDA. Por isso, animamos a saborear este acontecimento de F\u00e9 para que sua viv\u00eancia tenha um toque especial e significativo em toda a Congrega\u00e7\u00e3o, apreciando e retomando o carisma de simplicidade, op\u00e7\u00e3o pelos mais pobres, fraternidade e alegria da nossa Fundadora, Santa Maria Bernarda B\u00fctler.<\/p>\n\n\n\n<p><\/p>\n\n\n\n<p><strong>CELEBRA\u00c7\u00c3O DE ABERTURA &#8211; TRANSMISS\u00c3O AO VIVO<\/strong><\/p>\n\n\n\n<p>As Irm\u00e3s Franciscanas Mission\u00e1rias de Maria Auxiliadora convidam para a transmiss\u00e3o da Celebra\u00e7\u00e3o Eucar\u00edstica de Abertura do PRIMEIRO CENTEN\u00c1RIO DA ETERNA P\u00c1SCOA DE SANTA MARIA BERNARDA B\u00dcTLER (1924 \u2013 2024).<\/p>\n\n\n\n<p><strong>Dia:<\/strong> 19 de maio de 2023 <\/p>\n\n\n\n<p><strong>Hor\u00e1rio:<\/strong> 15h00 \u2013 fuso hor\u00e1rio de Bogot\u00e1, Col\u00f4mbia. <\/p>\n\n\n\n<p><strong>Transmiss\u00e3o:<\/strong> Voc\u00ea pode acompanhar a celebra\u00e7\u00e3o ao vivo do Santu\u00e1rio de Santa Mar\u00eda Bernarda pela transmiss\u00e3o no YouTube, atrav\u00e9s do canal da Arquidiocese de Cartagena.<\/p>\n\n\n\n<p>Clique imagem abaixo e busque pela aba<strong> ao vivo<\/strong> para localizar e assistir a transmiss\u00e3o: <\/p>\n\n\n\n<figure class=\"wp-block-image size-full\"><a href=\"https:\/\/www.youtube.com\/@arquicartagenaindias\/streams\" target=\"_blank\" rel=\"noreferrer noopener\"><img loading=\"lazy\" decoding=\"async\" width=\"537\" height=\"159\" src=\"https:\/\/franciscanas.org\/portal\/brasil\/wp-content\/uploads\/sites\/5\/2023\/05\/Cartagena.jpg\" alt=\"\" class=\"wp-image-2602\" srcset=\"https:\/\/franciscanas.org\/portal\/brasil\/wp-content\/uploads\/sites\/5\/2023\/05\/Cartagena.jpg 537w, https:\/\/franciscanas.org\/portal\/brasil\/wp-content\/uploads\/sites\/5\/2023\/05\/Cartagena-480x142.jpg 480w\" sizes=\"(min-width: 0px) and (max-width: 480px) 480px, (min-width: 481px) 537px, 100vw\" \/><\/a><\/figure>\n\n\n\n<iframe loading=\"lazy\" width=\"800\" height=\"600\" src=\"https:\/\/www.youtube.com\/embed\/lq9ywzlXAQU\" title=\"YouTube video player\" frameborder=\"0\" allow=\"accelerometer; autoplay; clipboard-write; encrypted-media; gyroscope; picture-in-picture; web-share\" allowfullscreen><\/iframe>\n\n\n\n<p><\/p>\n\n\n\n<p><\/p>\n","protected":false},"excerpt":{"rendered":"<p>O lema \u201cUm Centen\u00e1rio da Eterna Miseric\u00f3rdia\u201d convida-nos a SABOREAR A VIDA. Por isso, animamos a saborear este acontecimento de F\u00e9 para que sua viv\u00eancia tenha um toque especial e significativo em toda a Congrega\u00e7\u00e3o.<\/p>\n","protected":false},"author":1,"featured_media":2591,"comment_status":"closed","ping_status":"closed","sticky":false,"template":"","format":"standard","meta":{"_et_pb_use_builder":"off","_et_pb_old_content":"","_et_gb_content_width":"1200","footnotes":""},"categories":[8],"tags":[],"class_list":["post-2590","post","type-post","status-publish","format-standard","has-post-thumbnail","hentry","category-noticias"],"_links":{"self":[{"href":"https:\/\/franciscanas.org\/portal\/brasil\/wp-json\/wp\/v2\/posts\/2590","targetHints":{"allow":["GET"]}}],"collection":[{"href":"https:\/\/franciscanas.org\/portal\/brasil\/wp-json\/wp\/v2\/posts"}],"about":[{"href":"https:\/\/franciscanas.org\/portal\/brasil\/wp-json\/wp\/v2\/types\/post"}],"author":[{"embeddable":true,"href":"https:\/\/franciscanas.org\/portal\/brasil\/wp-json\/wp\/v2\/users\/1"}],"replies":[{"embeddable":true,"href":"https:\/\/franciscanas.org\/portal\/brasil\/wp-json\/wp\/v2\/comments?post=2590"}],"version-history":[{"count":9,"href":"https:\/\/franciscanas.org\/portal\/brasil\/wp-json\/wp\/v2\/posts\/2590\/revisions"}],"predecessor-version":[{"id":2612,"href":"https:\/\/franciscanas.org\/portal\/brasil\/wp-json\/wp\/v2\/posts\/2590\/revisions\/2612"}],"wp:featuredmedia":[{"embeddable":true,"href":"https:\/\/franciscanas.org\/portal\/brasil\/wp-json\/wp\/v2\/media\/2591"}],"wp:attachment":[{"href":"https:\/\/franciscanas.org\/portal\/brasil\/wp-json\/wp\/v2\/media?parent=2590"}],"wp:term":[{"taxonomy":"category","embeddable":true,"href":"https:\/\/franciscanas.org\/portal\/brasil\/wp-json\/wp\/v2\/categories?post=2590"},{"taxonomy":"post_tag","embeddable":true,"href":"https:\/\/franciscanas.org\/portal\/brasil\/wp-json\/wp\/v2\/tags?post=2590"}],"curies":[{"name":"wp","href":"https:\/\/api.w.org\/{rel}","templated":true}]}}