{"id":2582,"date":"2023-05-10T10:03:00","date_gmt":"2023-05-10T13:03:00","guid":{"rendered":"https:\/\/franciscanas.org\/portal\/brasil\/?p=2582"},"modified":"2023-05-11T10:39:08","modified_gmt":"2023-05-11T13:39:08","slug":"novena-de-santa-maria-bernarda-2023","status":"publish","type":"post","link":"https:\/\/franciscanas.org\/portal\/brasil\/noticias\/novena-de-santa-maria-bernarda-2023\/","title":{"rendered":"Novena de Santa Maria Bernarda 2023"},"content":{"rendered":"\n<p><\/p>\n\n\n\n<p>Estamos vivenciando a novena em prepara\u00e7\u00e3o \u00e0 Festa de Santa Maria Bernarda. Neste ano de 2023, a novena vem marcada por um motivo especial, visto que no dia 19 de maio, dia que celebramos a mem\u00f3ria de Santa Maria Bernarda, marca a abertura do centen\u00e1rio dos 100 anos de sua P\u00e1scoa Eterna. Esse motivo nos leva a vivenciar essa festa com maior reconhecimento da gra\u00e7a de Deus na vida e miss\u00e3o das Irm\u00e3s Franciscanas Mission\u00e1rias de Maria Auxiliadora.<\/p>\n\n\n\n<p>O tema da Novena para 2023 \u00e9 &#8220;Santa Maria Bernarda: mulher ressignificada em fidelidade \u00e0 Alian\u00e7a&#8221;. O objetivo proposto consiste em &#8216; aprofundar os fundamentos sobre os quais Santa Maria Bernarda cimentou sua vida e voca\u00e7\u00e3o, que a ajudaram a ser uma mulher, integrada, feliz, mission\u00e1ria fecunda, fiel \u00e0 Alian\u00e7a pactuada com o Senhor, em sua consagra\u00e7\u00e3o religiosa: Serva bebendo nas fontes da<br>Sant\u00edssima Trindade e a Palavra de Deus; mulher profundamente eucar\u00edstica; imitadora das virtudes da Bem-Aventurada Virgem Maria;<br>comprometidas com o Projeto de Jesus, a partir da op\u00e7\u00e3o pelos pobres; marcada pela espiritualidade franciscana; filha fiel da Igreja; orante e<br>contemplativa; tornando poss\u00edvel o Reino de Deus com a pr\u00e1tica das Obras de Miseric\u00f3rdia.<\/p>\n\n\n\n<p>Abaixo, acesse a novena na \u00edntegra para ora\u00e7\u00e3o e viv\u00eancia. Est\u00e1 dispon\u00edvel para download.<\/p>\n\n\n\n<p><\/p>\n\n\n\n<div class=\"wp-block-columns is-layout-flex wp-container-core-columns-is-layout-9d6595d7 wp-block-columns-is-layout-flex\">\n<div class=\"wp-block-column is-layout-flow wp-block-column-is-layout-flow\" style=\"flex-basis:15%\"><\/div>\n\n\n\n<div class=\"wp-block-column is-layout-flow wp-block-column-is-layout-flow\" style=\"flex-basis:70%\">\n<div class=\"wp-block-algori-pdf-viewer-block-algori-pdf-viewer\"><iframe class=\"wp-block-algori-pdf-viewer-block-algori-pdf-viewer-iframe\" src=\"https:\/\/franciscanas.org\/portal\/brasil\/wp-content\/plugins\/algori-pdf-viewer\/dist\/web\/viewer.html?file=https%3A%2F%2Ffranciscanas.org%2Fportal%2Fbrasil%2Fwp-content%2Fuploads%2Fsites%2F5%2F2023%2F05%2FNovena23pt.pdf\" style=\"width:800px;height:1000px\"><\/iframe><\/div>\n<\/div>\n\n\n\n<div class=\"wp-block-column is-layout-flow wp-block-column-is-layout-flow\" style=\"flex-basis:15%\"><\/div>\n<\/div>\n\n\n\n<p><\/p>\n","protected":false},"excerpt":{"rendered":"<p>Estamos vivenciando a novena em prepara\u00e7\u00e3o \u00e0 Festa de Santa Maria Bernarda. Neste ano de 2023, a novena vem marcada por um motivo especial, visto que no dia 19 de maio, dia que celebramos a mem\u00f3ria de Santa Maria Bernarda marca a abertura do centen\u00e1rio dos 100 anos de sua P\u00e1scoa Eterna.<\/p>\n","protected":false},"author":1,"featured_media":2583,"comment_status":"closed","ping_status":"closed","sticky":false,"template":"","format":"standard","meta":{"_et_pb_use_builder":"off","_et_pb_old_content":"","_et_gb_content_width":"1200","footnotes":""},"categories":[8],"tags":[],"class_list":["post-2582","post","type-post","status-publish","format-standard","has-post-thumbnail","hentry","category-noticias"],"_links":{"self":[{"href":"https:\/\/franciscanas.org\/portal\/brasil\/wp-json\/wp\/v2\/posts\/2582","targetHints":{"allow":["GET"]}}],"collection":[{"href":"https:\/\/franciscanas.org\/portal\/brasil\/wp-json\/wp\/v2\/posts"}],"about":[{"href":"https:\/\/franciscanas.org\/portal\/brasil\/wp-json\/wp\/v2\/types\/post"}],"author":[{"embeddable":true,"href":"https:\/\/franciscanas.org\/portal\/brasil\/wp-json\/wp\/v2\/users\/1"}],"replies":[{"embeddable":true,"href":"https:\/\/franciscanas.org\/portal\/brasil\/wp-json\/wp\/v2\/comments?post=2582"}],"version-history":[{"count":1,"href":"https:\/\/franciscanas.org\/portal\/brasil\/wp-json\/wp\/v2\/posts\/2582\/revisions"}],"predecessor-version":[{"id":2585,"href":"https:\/\/franciscanas.org\/portal\/brasil\/wp-json\/wp\/v2\/posts\/2582\/revisions\/2585"}],"wp:featuredmedia":[{"embeddable":true,"href":"https:\/\/franciscanas.org\/portal\/brasil\/wp-json\/wp\/v2\/media\/2583"}],"wp:attachment":[{"href":"https:\/\/franciscanas.org\/portal\/brasil\/wp-json\/wp\/v2\/media?parent=2582"}],"wp:term":[{"taxonomy":"category","embeddable":true,"href":"https:\/\/franciscanas.org\/portal\/brasil\/wp-json\/wp\/v2\/categories?post=2582"},{"taxonomy":"post_tag","embeddable":true,"href":"https:\/\/franciscanas.org\/portal\/brasil\/wp-json\/wp\/v2\/tags?post=2582"}],"curies":[{"name":"wp","href":"https:\/\/api.w.org\/{rel}","templated":true}]}}