{"id":2573,"date":"2023-05-12T20:30:00","date_gmt":"2023-05-12T23:30:00","guid":{"rendered":"https:\/\/franciscanas.org\/portal\/brasil\/?p=2573"},"modified":"2023-05-19T15:32:26","modified_gmt":"2023-05-19T18:32:26","slug":"6o-domingo-da-pascua","status":"publish","type":"post","link":"https:\/\/franciscanas.org\/portal\/brasil\/evangelho-do-domingo\/6o-domingo-da-pascua\/","title":{"rendered":"6\u00ba Domingo da P\u00e1scoa"},"content":{"rendered":"\n<p class=\"has-vivid-red-color has-text-color\"><strong>EVANGELHO<\/strong> de Jo\u00e3o 14,15-21<\/p>\n\n\n\n<p>Naquele tempo, disse Jesus a seus disc\u00edpulos:<br>15 Se me amais, guardareis os meus mandamentos,<br>16 e eu rogarei ao Pai, e ele vos dar\u00e1 um outro Defensor, para que permane\u00e7a sempre convosco:<br>17 o Esp\u00edrito da Verdade, que o mundo n\u00e3o \u00e9 capaz de receber, porque n\u00e3o o v\u00ea nem o conhece. V\u00f3s o conheceis, porque ele permanece junto de v\u00f3s e estar\u00e1 dentro de v\u00f3s.<br>18 N\u00e3o vos deixarei \u00f3rf\u00e3os. Eu virei a v\u00f3s.<br>19 Pouco tempo ainda, e o mundo n\u00e3o mais me ver\u00e1, mas v\u00f3s me vereis, porque eu vivo e v\u00f3s vivereis.<br>20 Naquele dia sabereis que eu estou no meu Pai e v\u00f3s em mim e eu em v\u00f3s.<br>21 Quem acolheu os meus mandamentos e os observa, esse me ama. Ora, quem me ama, ser\u00e1 amado por meu Pai, e eu o amarei e me manifestarei a ele.<\/p>\n\n\n\n<p class=\"has-vivid-red-color has-text-color\">Palavra da Salva\u00e7\u00e3o.<\/p>\n\n\n\n<p><\/p>\n","protected":false},"excerpt":{"rendered":"<p>Se me amais, guardareis os meus mandamentos.<\/p>\n","protected":false},"author":1,"featured_media":2574,"comment_status":"closed","ping_status":"closed","sticky":false,"template":"","format":"standard","meta":{"_et_pb_use_builder":"off","_et_pb_old_content":"","_et_gb_content_width":"1200","footnotes":""},"categories":[106],"tags":[],"class_list":["post-2573","post","type-post","status-publish","format-standard","has-post-thumbnail","hentry","category-evangelho-do-domingo"],"_links":{"self":[{"href":"https:\/\/franciscanas.org\/portal\/brasil\/wp-json\/wp\/v2\/posts\/2573","targetHints":{"allow":["GET"]}}],"collection":[{"href":"https:\/\/franciscanas.org\/portal\/brasil\/wp-json\/wp\/v2\/posts"}],"about":[{"href":"https:\/\/franciscanas.org\/portal\/brasil\/wp-json\/wp\/v2\/types\/post"}],"author":[{"embeddable":true,"href":"https:\/\/franciscanas.org\/portal\/brasil\/wp-json\/wp\/v2\/users\/1"}],"replies":[{"embeddable":true,"href":"https:\/\/franciscanas.org\/portal\/brasil\/wp-json\/wp\/v2\/comments?post=2573"}],"version-history":[{"count":3,"href":"https:\/\/franciscanas.org\/portal\/brasil\/wp-json\/wp\/v2\/posts\/2573\/revisions"}],"predecessor-version":[{"id":2611,"href":"https:\/\/franciscanas.org\/portal\/brasil\/wp-json\/wp\/v2\/posts\/2573\/revisions\/2611"}],"wp:featuredmedia":[{"embeddable":true,"href":"https:\/\/franciscanas.org\/portal\/brasil\/wp-json\/wp\/v2\/media\/2574"}],"wp:attachment":[{"href":"https:\/\/franciscanas.org\/portal\/brasil\/wp-json\/wp\/v2\/media?parent=2573"}],"wp:term":[{"taxonomy":"category","embeddable":true,"href":"https:\/\/franciscanas.org\/portal\/brasil\/wp-json\/wp\/v2\/categories?post=2573"},{"taxonomy":"post_tag","embeddable":true,"href":"https:\/\/franciscanas.org\/portal\/brasil\/wp-json\/wp\/v2\/tags?post=2573"}],"curies":[{"name":"wp","href":"https:\/\/api.w.org\/{rel}","templated":true}]}}