{"id":2482,"date":"2023-05-08T08:00:00","date_gmt":"2023-05-08T11:00:00","guid":{"rendered":"https:\/\/franciscanas.org\/portal\/brasil\/?p=2482"},"modified":"2023-05-08T22:32:37","modified_gmt":"2023-05-09T01:32:37","slug":"encontro-da-equipe-de-animacao-missionaria-eam-congregacional","status":"publish","type":"post","link":"https:\/\/franciscanas.org\/portal\/brasil\/noticias\/encontro-da-equipe-de-animacao-missionaria-eam-congregacional\/","title":{"rendered":"Encontro da Equipe de Anima\u00e7\u00e3o Mission\u00e1ria &#8211; EAM Congregacional"},"content":{"rendered":"\n<p>Nos dia 21 a 23 de abril de 2023, no Centro de Espiritualidade Madre Bernarda em Cartagena, Col\u00f4mbia, aconteceu um encontro presencial e online como as irm\u00e3s coordenadoras de dimens\u00f5es que comp\u00f5e o eixo miss\u00e3o congregacional, Eixo 2 \u2013 Congrega\u00e7\u00e3o em Sa\u00edda.<\/p>\n\n\n\n<p>A reuni\u00e3o teve como objetivo &#8220;Motivar as irm\u00e3s e leigos respons\u00e1veis \u200b\u200bpelo Eixo 2- Congrega\u00e7\u00e3o em Sa\u00edda para acompanhar os processos mission\u00e1rios em cada Regi\u00e3o Mission\u00e1ria, na perspectiva da etapa de Proje\u00e7\u00e3o Criativa para uma resposta evangelizadora e prof\u00e9tica aos desafios do tempo presente&#8221;, em vista de:<\/p>\n\n\n\n<ul class=\"wp-block-list\"><li>Fortalecer a unidade congregacional em torno da miss\u00e3o;<\/li><li>Situar as irm\u00e3s e leigos no processo congregacional: etapas e plano de a\u00e7\u00e3o;<\/li><li>Continuar promovendo a miss\u00e3o atrav\u00e9s das diretrizes do Documento de Miss\u00e3o;<\/li><li>Dialogar sobre atividades mission\u00e1rias, prioridades e impactos que levam \u00e0 transforma\u00e7\u00e3o da realidade nas Regi\u00f5es Mission\u00e1rias.<\/li><\/ul>\n\n\n\n<p>Participaram de 32 Irm\u00e3s e tr\u00eas representantes da Associa\u00e7\u00e3o de Franciscanas de Leigos Mission\u00e1rios Madre Bernarda \u2013 ALMABER.<\/p>\n\n\n\n<p>O encontro contou com a assessoria metodol\u00f3gica de Zenaide Rodrigues, assessora do processo congregacional, e foi marcado por um clima de alegria, comunh\u00e3o fraterna e desejo de caminhar juntos na Miss\u00e3o.<br>Os momentos de reflex\u00e3o e socializa\u00e7\u00e3o das prioridades, desafios e a\u00e7\u00f5es mission\u00e1rias para o ano 2023 foram iluminadores. A participa\u00e7\u00e3o e interesse de todas revelou dinamismo e esp\u00edrito de perten\u00e7a e compromisso com a miss\u00e3o da Congrega\u00e7\u00e3o.<\/p>\n\n\n\n<p>Seja bendita a a\u00e7\u00e3o e o gesto que manifesta o \u201cReino de Deus e sua justi\u00e7a\u201d.<\/p>\n\n\n\n<p><\/p>\n\n\n\n<p><\/p>\n\n\n\n<figure class=\"wp-block-gallery has-nested-images columns-2 wp-block-gallery-1 is-layout-flex wp-block-gallery-is-layout-flex\">\n<figure class=\"wp-block-image size-large\"><img loading=\"lazy\" decoding=\"async\" width=\"1024\" height=\"662\" data-id=\"2486\" src=\"https:\/\/franciscanas.org\/portal\/brasil\/wp-content\/uploads\/sites\/5\/2023\/05\/Encuentro-EAM-1-1024x662.jpeg\" alt=\"\" class=\"wp-image-2486\" srcset=\"https:\/\/franciscanas.org\/portal\/brasil\/wp-content\/uploads\/sites\/5\/2023\/05\/Encuentro-EAM-1-980x634.jpeg 980w, https:\/\/franciscanas.org\/portal\/brasil\/wp-content\/uploads\/sites\/5\/2023\/05\/Encuentro-EAM-1-480x310.jpeg 480w\" sizes=\"(min-width: 0px) and (max-width: 480px) 480px, (min-width: 481px) and (max-width: 980px) 980px, (min-width: 981px) 1024px, 100vw\" \/><\/figure>\n\n\n\n<figure class=\"wp-block-image size-large\"><img loading=\"lazy\" decoding=\"async\" width=\"1024\" height=\"651\" data-id=\"2488\" src=\"https:\/\/franciscanas.org\/portal\/brasil\/wp-content\/uploads\/sites\/5\/2023\/05\/encuentro-EAM-1024x651.jpeg\" alt=\"\" class=\"wp-image-2488\" srcset=\"https:\/\/franciscanas.org\/portal\/brasil\/wp-content\/uploads\/sites\/5\/2023\/05\/encuentro-EAM-980x623.jpeg 980w, https:\/\/franciscanas.org\/portal\/brasil\/wp-content\/uploads\/sites\/5\/2023\/05\/encuentro-EAM-480x305.jpeg 480w\" sizes=\"(min-width: 0px) and (max-width: 480px) 480px, (min-width: 481px) and (max-width: 980px) 980px, (min-width: 981px) 1024px, 100vw\" \/><\/figure>\n\n\n\n<figure class=\"wp-block-image size-large\"><img loading=\"lazy\" decoding=\"async\" width=\"1024\" height=\"641\" data-id=\"2485\" src=\"https:\/\/franciscanas.org\/portal\/brasil\/wp-content\/uploads\/sites\/5\/2023\/05\/Lanzamiento-ERC-2-1024x641.jpeg\" alt=\"\" class=\"wp-image-2485\" srcset=\"https:\/\/franciscanas.org\/portal\/brasil\/wp-content\/uploads\/sites\/5\/2023\/05\/Lanzamiento-ERC-2-1024x641.jpeg 1024w, https:\/\/franciscanas.org\/portal\/brasil\/wp-content\/uploads\/sites\/5\/2023\/05\/Lanzamiento-ERC-2-980x614.jpeg 980w, https:\/\/franciscanas.org\/portal\/brasil\/wp-content\/uploads\/sites\/5\/2023\/05\/Lanzamiento-ERC-2-480x301.jpeg 480w\" sizes=\"(min-width: 0px) and (max-width: 480px) 480px, (min-width: 481px) and (max-width: 980px) 980px, (min-width: 981px) 1024px, 100vw\" \/><\/figure>\n\n\n\n<figure class=\"wp-block-image size-large\"><img loading=\"lazy\" decoding=\"async\" width=\"1024\" height=\"647\" data-id=\"2487\" src=\"https:\/\/franciscanas.org\/portal\/brasil\/wp-content\/uploads\/sites\/5\/2023\/05\/Lanzamiento-ERC-1024x647.jpeg\" alt=\"\" class=\"wp-image-2487\" srcset=\"https:\/\/franciscanas.org\/portal\/brasil\/wp-content\/uploads\/sites\/5\/2023\/05\/Lanzamiento-ERC-980x619.jpeg 980w, https:\/\/franciscanas.org\/portal\/brasil\/wp-content\/uploads\/sites\/5\/2023\/05\/Lanzamiento-ERC-480x303.jpeg 480w\" sizes=\"(min-width: 0px) and (max-width: 480px) 480px, (min-width: 481px) and (max-width: 980px) 980px, (min-width: 981px) 1024px, 100vw\" \/><\/figure>\n<\/figure>\n\n\n\n<p><\/p>\n\n\n\n<p><\/p>\n","protected":false},"excerpt":{"rendered":"<p>Nos dia 21 a 23 de abril de 2023, no Centro de Espiritualidade Madre Bernarda em Cartagena, Col\u00f4mbia, aconteceu um encontro presencial e online como as irm\u00e3s coordenadoras de dimens\u00f5es que comp\u00f5e o eixo miss\u00e3o congregacional, Eixo 2 \u2013 Congrega\u00e7\u00e3o em Sa\u00edda.<\/p>\n","protected":false},"author":1,"featured_media":2483,"comment_status":"closed","ping_status":"closed","sticky":false,"template":"","format":"standard","meta":{"_et_pb_use_builder":"off","_et_pb_old_content":"","_et_gb_content_width":"1200","footnotes":""},"categories":[8],"tags":[],"class_list":["post-2482","post","type-post","status-publish","format-standard","has-post-thumbnail","hentry","category-noticias"],"_links":{"self":[{"href":"https:\/\/franciscanas.org\/portal\/brasil\/wp-json\/wp\/v2\/posts\/2482","targetHints":{"allow":["GET"]}}],"collection":[{"href":"https:\/\/franciscanas.org\/portal\/brasil\/wp-json\/wp\/v2\/posts"}],"about":[{"href":"https:\/\/franciscanas.org\/portal\/brasil\/wp-json\/wp\/v2\/types\/post"}],"author":[{"embeddable":true,"href":"https:\/\/franciscanas.org\/portal\/brasil\/wp-json\/wp\/v2\/users\/1"}],"replies":[{"embeddable":true,"href":"https:\/\/franciscanas.org\/portal\/brasil\/wp-json\/wp\/v2\/comments?post=2482"}],"version-history":[{"count":2,"href":"https:\/\/franciscanas.org\/portal\/brasil\/wp-json\/wp\/v2\/posts\/2482\/revisions"}],"predecessor-version":[{"id":2490,"href":"https:\/\/franciscanas.org\/portal\/brasil\/wp-json\/wp\/v2\/posts\/2482\/revisions\/2490"}],"wp:featuredmedia":[{"embeddable":true,"href":"https:\/\/franciscanas.org\/portal\/brasil\/wp-json\/wp\/v2\/media\/2483"}],"wp:attachment":[{"href":"https:\/\/franciscanas.org\/portal\/brasil\/wp-json\/wp\/v2\/media?parent=2482"}],"wp:term":[{"taxonomy":"category","embeddable":true,"href":"https:\/\/franciscanas.org\/portal\/brasil\/wp-json\/wp\/v2\/categories?post=2482"},{"taxonomy":"post_tag","embeddable":true,"href":"https:\/\/franciscanas.org\/portal\/brasil\/wp-json\/wp\/v2\/tags?post=2482"}],"curies":[{"name":"wp","href":"https:\/\/api.w.org\/{rel}","templated":true}]}}