{"id":2479,"date":"2023-05-05T20:30:00","date_gmt":"2023-05-05T23:30:00","guid":{"rendered":"https:\/\/franciscanas.org\/portal\/brasil\/?p=2479"},"modified":"2023-05-06T22:49:27","modified_gmt":"2023-05-07T01:49:27","slug":"5o-domingo-da-pascoa","status":"publish","type":"post","link":"https:\/\/franciscanas.org\/portal\/brasil\/evangelho-do-domingo\/5o-domingo-da-pascoa\/","title":{"rendered":"5\u00ba Domingo da P\u00e1scoa"},"content":{"rendered":"\n<p class=\"has-vivid-red-color has-text-color\"><strong>EVANGELHO de Jo\u00e3o 14,1-12<\/strong><\/p>\n\n\n\n<p>Naquele tempo, disse Jesus a seus disc\u00edpulos:<br>1 &#8220;N\u00e3o se perturbe o vosso cora\u00e7\u00e3o. Tendes f\u00e9 em Deus, tende f\u00e9 em mim tamb\u00e9m.<br>2 Na casa de meu Pai h\u00e1 muitas moradas. Se assim n\u00e3o fosse, eu vos teria dito. Vou preparar um lugar para v\u00f3s,<br>3 e quando eu tiver ido preparar-vos um lugar, voltarei e vos levarei comigo, a fim de que onde eu estiver estejais tamb\u00e9m v\u00f3s.<br>4 E para onde eu vou, v\u00f3s conheceis o caminho&#8221;.<br>5 Tom\u00e9 disse a Jesus: &#8220;Senhor, n\u00f3s n\u00e3o sabemos para onde vais. Como podemos conhecer o caminho?&#8221;<br>6 Jesus respondeu: &#8220;Eu sou o Caminho, a Verdade e a Vida. Ningu\u00e9m vai ao Pai sen\u00e3o por mim.<br>7 Se v\u00f3s me conhec\u00easseis, conhecer\u00edeis tamb\u00e9m o meu Pai. E desde agora o conheceis e o vistes&#8221;.<br>8 Disse Felipe: &#8220;Senhor, mostra-nos o Pai, isso nos basta!&#8221;<br>9 Jesus respondeu: &#8220;H\u00e1 tanto tempo estou convosco, e n\u00e3o me conheces, Felipe? Quem me viu, viu o Pai. Como \u00e9 que tu dizes: &#8216;Mostra-nos o Pai&#8217;?<br>10 N\u00e3o acreditas que eu estou no Pai e o Pai est\u00e1 em mim? As palavras que eu vos digo, n\u00e3o as digo por mim mesmo, mas \u00e9 o Pai, que, permanecendo em mim, realiza as suas obras.<br>11 Acreditai-me: eu estou no Pai e o Pai est\u00e1 em mim. Acreditai, ao menos, por causa destas mesmas obras.<br>12 Em verdade, em verdade vos digo, quem acredita em mim far\u00e1 as obras que eu fa\u00e7o, e far\u00e1 ainda maiores do que estas. Pois eu vou para o Pai&#8221;.<\/p>\n\n\n\n<p class=\"has-vivid-red-color has-text-color\">Palavra da Salva\u00e7\u00e3o.<\/p>\n","protected":false},"excerpt":{"rendered":"<p>&#8220;Eu sou o Caminho, a Verdade e a Vida. Ningu\u00e9m vai ao Pai sen\u00e3o por mim. Se v\u00f3s me conhec\u00easseis, conhecer\u00edeis tamb\u00e9m o meu Pai&#8221;.<\/p>\n","protected":false},"author":1,"featured_media":2480,"comment_status":"closed","ping_status":"closed","sticky":false,"template":"","format":"standard","meta":{"_et_pb_use_builder":"off","_et_pb_old_content":"","_et_gb_content_width":"1200","footnotes":""},"categories":[106],"tags":[],"class_list":["post-2479","post","type-post","status-publish","format-standard","has-post-thumbnail","hentry","category-evangelho-do-domingo"],"_links":{"self":[{"href":"https:\/\/franciscanas.org\/portal\/brasil\/wp-json\/wp\/v2\/posts\/2479","targetHints":{"allow":["GET"]}}],"collection":[{"href":"https:\/\/franciscanas.org\/portal\/brasil\/wp-json\/wp\/v2\/posts"}],"about":[{"href":"https:\/\/franciscanas.org\/portal\/brasil\/wp-json\/wp\/v2\/types\/post"}],"author":[{"embeddable":true,"href":"https:\/\/franciscanas.org\/portal\/brasil\/wp-json\/wp\/v2\/users\/1"}],"replies":[{"embeddable":true,"href":"https:\/\/franciscanas.org\/portal\/brasil\/wp-json\/wp\/v2\/comments?post=2479"}],"version-history":[{"count":1,"href":"https:\/\/franciscanas.org\/portal\/brasil\/wp-json\/wp\/v2\/posts\/2479\/revisions"}],"predecessor-version":[{"id":2481,"href":"https:\/\/franciscanas.org\/portal\/brasil\/wp-json\/wp\/v2\/posts\/2479\/revisions\/2481"}],"wp:featuredmedia":[{"embeddable":true,"href":"https:\/\/franciscanas.org\/portal\/brasil\/wp-json\/wp\/v2\/media\/2480"}],"wp:attachment":[{"href":"https:\/\/franciscanas.org\/portal\/brasil\/wp-json\/wp\/v2\/media?parent=2479"}],"wp:term":[{"taxonomy":"category","embeddable":true,"href":"https:\/\/franciscanas.org\/portal\/brasil\/wp-json\/wp\/v2\/categories?post=2479"},{"taxonomy":"post_tag","embeddable":true,"href":"https:\/\/franciscanas.org\/portal\/brasil\/wp-json\/wp\/v2\/tags?post=2479"}],"curies":[{"name":"wp","href":"https:\/\/api.w.org\/{rel}","templated":true}]}}