{"id":2471,"date":"2023-04-28T20:30:00","date_gmt":"2023-04-28T23:30:00","guid":{"rendered":"https:\/\/franciscanas.org\/portal\/brasil\/?p=2471"},"modified":"2023-04-21T22:21:35","modified_gmt":"2023-04-22T01:21:35","slug":"4o-domingo-da-pascoa","status":"publish","type":"post","link":"https:\/\/franciscanas.org\/portal\/brasil\/evangelho-do-domingo\/4o-domingo-da-pascoa\/","title":{"rendered":"4\u00ba Domingo da P\u00e1scoa"},"content":{"rendered":"\n<p><\/p>\n\n\n\n<p class=\"has-vivid-red-color has-text-color\"><strong>EVANGELHO<\/strong> de Jo\u00e3o 10,1-10<\/p>\n\n\n\n<p>Naquele tempo, disse Jesus:<br>1 &#8220;Em verdade, em verdade vos digo, quem n\u00e3o entra no redil das ovelhas pela porta, mas sobe por outro lugar, \u00e9 ladr\u00e3o e assaltante.<br>2 Quem entra pela porta \u00e9 o pastor das ovelhas.<br>3 A esse o porteiro abre, e as ovelhas escutam a sua voz; ele chama as ovelhas pelo nome e as conduz para fora.<br>4 E, depois de fazer sair todas as que s\u00e3o suas, caminha \u00e0 sua frente, e as ovelhas o seguem, porque conhecem a sua voz.<br>5 Mas n\u00e3o seguem um estranho, antes fogem dele, porque n\u00e3o conhecem a voz dos estranhos&#8221;.<br>6 Jesus contou-lhes esta par\u00e1bola, mas eles n\u00e3o entenderam o que ele queria dizer.<br>7 Ent\u00e3o Jesus continuou: &#8220;Em verdade, em verdade vos digo, eu sou a porta das ovelhas.<br>8 Todos aqueles que vieram antes de mim s\u00e3o ladr\u00f5es e assaltantes, mas as ovelhas n\u00e3o os escutaram.<br>9 Eu sou a porta. Quem entrar por mim, ser\u00e1 salvo; entrar\u00e1 e sair\u00e1 e encontrar\u00e1 pastagem.<br>10 O ladr\u00e3o s\u00f3 vem para roubar, matar e destruir. Eu vim para que tenham vida e a tenham em abund\u00e2ncia.<\/p>\n\n\n\n<p class=\"has-vivid-red-color has-text-color\">Palavra da Salva\u00e7\u00e3o.<\/p>\n","protected":false},"excerpt":{"rendered":"<p>Eu sou a porta. Quem entrar por mim, ser\u00e1 salvo; entrar\u00e1 e sair\u00e1 e encontrar\u00e1 pastagem.<\/p>\n","protected":false},"author":1,"featured_media":2472,"comment_status":"closed","ping_status":"closed","sticky":false,"template":"","format":"standard","meta":{"_et_pb_use_builder":"off","_et_pb_old_content":"","_et_gb_content_width":"1200","footnotes":""},"categories":[106],"tags":[],"class_list":["post-2471","post","type-post","status-publish","format-standard","has-post-thumbnail","hentry","category-evangelho-do-domingo"],"_links":{"self":[{"href":"https:\/\/franciscanas.org\/portal\/brasil\/wp-json\/wp\/v2\/posts\/2471","targetHints":{"allow":["GET"]}}],"collection":[{"href":"https:\/\/franciscanas.org\/portal\/brasil\/wp-json\/wp\/v2\/posts"}],"about":[{"href":"https:\/\/franciscanas.org\/portal\/brasil\/wp-json\/wp\/v2\/types\/post"}],"author":[{"embeddable":true,"href":"https:\/\/franciscanas.org\/portal\/brasil\/wp-json\/wp\/v2\/users\/1"}],"replies":[{"embeddable":true,"href":"https:\/\/franciscanas.org\/portal\/brasil\/wp-json\/wp\/v2\/comments?post=2471"}],"version-history":[{"count":1,"href":"https:\/\/franciscanas.org\/portal\/brasil\/wp-json\/wp\/v2\/posts\/2471\/revisions"}],"predecessor-version":[{"id":2473,"href":"https:\/\/franciscanas.org\/portal\/brasil\/wp-json\/wp\/v2\/posts\/2471\/revisions\/2473"}],"wp:featuredmedia":[{"embeddable":true,"href":"https:\/\/franciscanas.org\/portal\/brasil\/wp-json\/wp\/v2\/media\/2472"}],"wp:attachment":[{"href":"https:\/\/franciscanas.org\/portal\/brasil\/wp-json\/wp\/v2\/media?parent=2471"}],"wp:term":[{"taxonomy":"category","embeddable":true,"href":"https:\/\/franciscanas.org\/portal\/brasil\/wp-json\/wp\/v2\/categories?post=2471"},{"taxonomy":"post_tag","embeddable":true,"href":"https:\/\/franciscanas.org\/portal\/brasil\/wp-json\/wp\/v2\/tags?post=2471"}],"curies":[{"name":"wp","href":"https:\/\/api.w.org\/{rel}","templated":true}]}}