{"id":2467,"date":"2023-04-21T20:30:00","date_gmt":"2023-04-21T23:30:00","guid":{"rendered":"https:\/\/franciscanas.org\/portal\/brasil\/?p=2467"},"modified":"2023-04-21T21:36:54","modified_gmt":"2023-04-22T00:36:54","slug":"3o-domingo-de-pascoa","status":"publish","type":"post","link":"https:\/\/franciscanas.org\/portal\/brasil\/evangelho-do-domingo\/3o-domingo-de-pascoa\/","title":{"rendered":"3\u00ba Domingo de P\u00e1scoa"},"content":{"rendered":"\n<p><\/p>\n\n\n\n<p class=\"has-vivid-red-color has-text-color\"><strong>EVANGELHO de Lucas 24,13-35<\/strong><\/p>\n\n\n\n<p>13 Naquele mesmo dia, o primeiro da semana, dois dos disc\u00edpulos de Jesus iam para um povoado, chamado Ema\u00fas, distante onze quil\u00f4metros de Jerusal\u00e9m.<br>14 Conversavam sobre todas as coisas que tinham acontecido.<br>15 Enquanto conversavam e discutiam, o pr\u00f3prio Jesus se aproximou e come\u00e7ou a caminhar com eles.<br>16 Os disc\u00edpulos, por\u00e9m, estavam como que cegos, e n\u00e3o o reconheceram.<br>17 Ent\u00e3o Jesus perguntou: &#8216;O que ides conversando pelo caminho?&#8217; Eles pararam, com o rosto triste,<br>18 e um deles, chamado Cl\u00e9ofas, lhe disse: &#8216;Tu \u00e9s o \u00fanico peregrino em Jerusal\u00e9m que n\u00e3o sabe o que l\u00e1 aconteceu nestes \u00faltimos dias?&#8217;<br>19 Ele perguntou: &#8216;O que foi?&#8217; Os disc\u00edpulos responderam: &#8216;O que aconteceu com Jesus, o Nazareno, que foi um profeta poderoso em obras e palavras, diante de Deus e diante de todo o povo.<br>20 Nossos sumos sacerdotes e nossos chefes o entregaram para ser condenado \u00e0 morte e o crucificaram.<br>21 N\u00f3s esper\u00e1vamos que ele fosse libertar Israel, mas, apesar de tudo isso, j\u00e1 faz tr\u00eas dias que todas essas coisas aconteceram!<br>22 \u00c9 verdade que algumas mulheres do nosso grupo nos deram um susto. Elas foram de madrugada ao t\u00famulo e n\u00e3o encontraram o corpo dele.<br>23 Ent\u00e3o voltaram, dizendo que tinham visto anjos e que estes afirmaram que Jesus est\u00e1 vivo.<br>24 Alguns dos nossos foram ao t\u00famulo e encontraram as coisas como as mulheres tinham dito. A ele, por\u00e9m, ningu\u00e9m o viu.&#8217;<br>25 Ent\u00e3o Jesus lhes disse: &#8216;Como sois sem intelig\u00eancia e lentos para crer em tudo o que os profetas falaram!<br>26 Ser\u00e1 que o Cristo n\u00e3o devia sofrer tudo isso para entrar na sua gl\u00f3ria?&#8217;<br>27 E, come\u00e7ando por Mois\u00e9s e passando pelos Profetas, explicava aos disc\u00edpulos todas as passagens da Escritura que falavam a respeito dele.<br>28 Quando chegaram perto do povoado para onde iam, Jesus fez de conta que ia mais adiante.<br>29 Eles, por\u00e9m, insistiram com Jesus, dizendo: &#8216;Fica conosco, pois j\u00e1 \u00e9 tarde e a noite vem chegando!&#8217; Jesus entrou para ficar com eles.<br>30 Quando se sentou \u00e0 mesa com eles, tomou o p\u00e3o, aben\u00e7oou-o, partiu-o e lhes distribu\u00eda.<br>31 Nisso os olhos dos disc\u00edpulos se abriram e eles reconheceram Jesus. Jesus, por\u00e9m, desapareceu da frente deles.<br>32 Ent\u00e3o um disse ao outro: &#8216;N\u00e3o estava ardendo o nosso cora\u00e7\u00e3o quando ele nos falava pelo caminho, e nos explicava as Escrituras?&#8217;<br>33 Naquela mesma hora, eles se levantaram e voltaram para Jerusal\u00e9m onde encontraram os Onze reunidos com os outros.<br>34 E estes confirmaram: &#8216;Realmente, o Senhor ressuscitou e apareceu a Sim\u00e3o!&#8217;<br>35 Ent\u00e3o os dois contaram o que tinha acontecido no caminho, e como tinham reconhecido Jesus ao partir o p\u00e3o.<\/p>\n\n\n\n<p class=\"has-vivid-red-color has-text-color\">Palavra da Salva\u00e7\u00e3o.<\/p>\n\n\n\n<p><\/p>\n","protected":false},"excerpt":{"rendered":"<p> &#8216;N\u00e3o estava ardendo o nosso cora\u00e7\u00e3o quando ele nos falava pelo caminho, e nos explicava as Escrituras?&#8217;<\/p>\n","protected":false},"author":1,"featured_media":2468,"comment_status":"closed","ping_status":"closed","sticky":false,"template":"","format":"standard","meta":{"_et_pb_use_builder":"off","_et_pb_old_content":"","_et_gb_content_width":"1200","footnotes":""},"categories":[106],"tags":[],"class_list":["post-2467","post","type-post","status-publish","format-standard","has-post-thumbnail","hentry","category-evangelho-do-domingo"],"_links":{"self":[{"href":"https:\/\/franciscanas.org\/portal\/brasil\/wp-json\/wp\/v2\/posts\/2467","targetHints":{"allow":["GET"]}}],"collection":[{"href":"https:\/\/franciscanas.org\/portal\/brasil\/wp-json\/wp\/v2\/posts"}],"about":[{"href":"https:\/\/franciscanas.org\/portal\/brasil\/wp-json\/wp\/v2\/types\/post"}],"author":[{"embeddable":true,"href":"https:\/\/franciscanas.org\/portal\/brasil\/wp-json\/wp\/v2\/users\/1"}],"replies":[{"embeddable":true,"href":"https:\/\/franciscanas.org\/portal\/brasil\/wp-json\/wp\/v2\/comments?post=2467"}],"version-history":[{"count":1,"href":"https:\/\/franciscanas.org\/portal\/brasil\/wp-json\/wp\/v2\/posts\/2467\/revisions"}],"predecessor-version":[{"id":2469,"href":"https:\/\/franciscanas.org\/portal\/brasil\/wp-json\/wp\/v2\/posts\/2467\/revisions\/2469"}],"wp:featuredmedia":[{"embeddable":true,"href":"https:\/\/franciscanas.org\/portal\/brasil\/wp-json\/wp\/v2\/media\/2468"}],"wp:attachment":[{"href":"https:\/\/franciscanas.org\/portal\/brasil\/wp-json\/wp\/v2\/media?parent=2467"}],"wp:term":[{"taxonomy":"category","embeddable":true,"href":"https:\/\/franciscanas.org\/portal\/brasil\/wp-json\/wp\/v2\/categories?post=2467"},{"taxonomy":"post_tag","embeddable":true,"href":"https:\/\/franciscanas.org\/portal\/brasil\/wp-json\/wp\/v2\/tags?post=2467"}],"curies":[{"name":"wp","href":"https:\/\/api.w.org\/{rel}","templated":true}]}}