{"id":2464,"date":"2023-04-21T12:00:00","date_gmt":"2023-04-21T15:00:00","guid":{"rendered":"https:\/\/franciscanas.org\/portal\/brasil\/?p=2464"},"modified":"2023-04-22T13:13:17","modified_gmt":"2023-04-22T16:13:17","slug":"escola-de-formacao-no-carisma-lancamento","status":"publish","type":"post","link":"https:\/\/franciscanas.org\/portal\/brasil\/noticias\/escola-de-formacao-no-carisma-lancamento\/","title":{"rendered":"Escola de Forma\u00e7\u00e3o no Carisma &#8211; Lan\u00e7amento"},"content":{"rendered":"\n<p>\u201cO apostolado comum exige um esfor\u00e7o comum. Isso requer humildade, que longe de inibir, engrandece e promove a nossa personalidade&#8221; (CMB 51).<\/p>\n\n\n\n<p>Temos boas not\u00edcias. Com alegria e esperan\u00e7a, a Congrega\u00e7\u00e3o das Irm\u00e3s Franciscanas Mission\u00e1rias de Maria Auxiliadora  anuncia o lan\u00e7amento da Escola de Forma\u00e7\u00e3o no Carisma. Que possamos dinamiz\u00e1-la a partir do nosso ser e fazer mission\u00e1rio.<\/p>\n\n\n\n<p>Convidamos todas as fraternidade para participar do lan\u00e7amento e promover a unidade e dar a conhecer nosso carisma \u00e0 Igreja e ao mundo.<\/p>\n\n\n\n<p><strong>Data<\/strong>: s\u00e1bado, 22 de abril de 2023<br><strong>Hor\u00e1rio<\/strong>: 11h30<br><strong>Local<\/strong>: Desde o Centro de Espiritualidade Madre Bernarda (com transmiss\u00e3o ao vivo em tempo real).<\/p>\n\n\n\n<p>Voc\u00ea pode acompanhar esta transmiss\u00e3o que ocorre em tempo real ou a partir da grava\u00e7\u00e3o que estar\u00e1 dispon\u00edvel aqui:<\/p>\n\n\n\n<p><\/p>\n\n\n\n<iframe loading=\"lazy\" width=\"800\" height=\"600\" src=\"https:\/\/www.youtube.com\/embed\/hSpXR8np1lY\" title=\"YouTube video player\" frameborder=\"0\" allow=\"accelerometer; autoplay; clipboard-write; encrypted-media; gyroscope; picture-in-picture; web-share\" allowfullscreen=\"\"><\/iframe>\n\n\n\n<p><\/p>\n\n\n\n<p><\/p>\n","protected":false},"excerpt":{"rendered":"<p>Com alegria e esperan\u00e7a, a Congrega\u00e7\u00e3o das Irm\u00e3s Franciscanas Mission\u00e1rias de Maria Auxiliadora  anuncia o lan\u00e7amento da Escola de Forma\u00e7\u00e3o no Carisma. <\/p>\n","protected":false},"author":1,"featured_media":2465,"comment_status":"closed","ping_status":"closed","sticky":false,"template":"","format":"standard","meta":{"_et_pb_use_builder":"off","_et_pb_old_content":"","_et_gb_content_width":"1200","footnotes":""},"categories":[8],"tags":[],"class_list":["post-2464","post","type-post","status-publish","format-standard","has-post-thumbnail","hentry","category-noticias"],"_links":{"self":[{"href":"https:\/\/franciscanas.org\/portal\/brasil\/wp-json\/wp\/v2\/posts\/2464","targetHints":{"allow":["GET"]}}],"collection":[{"href":"https:\/\/franciscanas.org\/portal\/brasil\/wp-json\/wp\/v2\/posts"}],"about":[{"href":"https:\/\/franciscanas.org\/portal\/brasil\/wp-json\/wp\/v2\/types\/post"}],"author":[{"embeddable":true,"href":"https:\/\/franciscanas.org\/portal\/brasil\/wp-json\/wp\/v2\/users\/1"}],"replies":[{"embeddable":true,"href":"https:\/\/franciscanas.org\/portal\/brasil\/wp-json\/wp\/v2\/comments?post=2464"}],"version-history":[{"count":2,"href":"https:\/\/franciscanas.org\/portal\/brasil\/wp-json\/wp\/v2\/posts\/2464\/revisions"}],"predecessor-version":[{"id":2477,"href":"https:\/\/franciscanas.org\/portal\/brasil\/wp-json\/wp\/v2\/posts\/2464\/revisions\/2477"}],"wp:featuredmedia":[{"embeddable":true,"href":"https:\/\/franciscanas.org\/portal\/brasil\/wp-json\/wp\/v2\/media\/2465"}],"wp:attachment":[{"href":"https:\/\/franciscanas.org\/portal\/brasil\/wp-json\/wp\/v2\/media?parent=2464"}],"wp:term":[{"taxonomy":"category","embeddable":true,"href":"https:\/\/franciscanas.org\/portal\/brasil\/wp-json\/wp\/v2\/categories?post=2464"},{"taxonomy":"post_tag","embeddable":true,"href":"https:\/\/franciscanas.org\/portal\/brasil\/wp-json\/wp\/v2\/tags?post=2464"}],"curies":[{"name":"wp","href":"https:\/\/api.w.org\/{rel}","templated":true}]}}