{"id":2352,"date":"2023-02-24T20:30:00","date_gmt":"2023-02-24T23:30:00","guid":{"rendered":"https:\/\/franciscanas.org\/portal\/brasil\/?p=2352"},"modified":"2023-03-16T15:08:41","modified_gmt":"2023-03-16T18:08:41","slug":"1o-domingo-da-quaresma","status":"publish","type":"post","link":"https:\/\/franciscanas.org\/portal\/brasil\/evangelho-do-domingo\/1o-domingo-da-quaresma\/","title":{"rendered":"1\u00ba Domingo da Quaresma"},"content":{"rendered":"\n<p class=\"has-vivid-red-color has-text-color\"><strong>EVANGELHO Mt 4,1-11<\/strong><\/p>\n\n\n\n<p>Naquele tempo,<br>1 o Esp\u00edrito conduziu Jesus ao deserto,<br>para ser tentado pelo diabo.<br>2 Jesus jejuou durante quarenta dias e quarenta noites,<br>e, depois disso, teve fome.<br>3 Ent\u00e3o, o tentador aproximou-se e disse a Jesus:<br>&#8220;Se \u00e9s Filho de Deus,<br>manda que estas pedras se transformem em p\u00e3es!&#8221;.<br>4 Mas Jesus respondeu: &#8220;Est\u00e1 escrito:<br>&#8216;N\u00e3o s\u00f3 de p\u00e3o vive o homem,<br>mas de toda palavra que sai da boca de Deus'&#8221;.<br>5 Ent\u00e3o o diabo levou Jesus \u00e0 Cidade Santa,<br>colocou-o sobre a parte mais alta do Templo,<br>6 e lhe disse: &#8220;Se \u00e9s Filho de Deus,<br>lan\u00e7a-te daqui abaixo!<br>Porque est\u00e1 escrito:<br>&#8216;Deus dar\u00e1 ordens aos seus anjos a teu respeito,<br>e eles te levar\u00e3o nas m\u00e3os,<br>para que n\u00e3o tropeces em alguma pedra'&#8221;.<br>7 Jesus lhe respondeu: &#8220;Tamb\u00e9m est\u00e1 escrito:<br>&#8216;N\u00e3o tentar\u00e1s o Senhor teu Deus!'&#8221;<br>8 Novamente, o diabo levou Jesus para um monte<br>muito alto.<br>Mostrou-lhe todos os reinos do mundo e sua gl\u00f3ria,<br>9 e lhe disse: &#8220;Eu te darei tudo isso,<br>se te ajoelhares diante de mim, para me adorar&#8221;.<br>10 Jesus lhe disse: &#8220;Vai-te embora, Satan\u00e1s,<br>porque est\u00e1 escrito:<br>&#8216;Adorar\u00e1s ao Senhor teu Deus<br>e somente a ele prestar\u00e1s culto'&#8221;.<br>11 Ent\u00e3o o diabo o deixou.<br>E os anjos se aproximaram e serviram a Jesus.<\/p>\n\n\n\n<p class=\"has-vivid-red-color has-text-color\">Palavra da Salva\u00e7\u00e3o.<\/p>\n","protected":false},"excerpt":{"rendered":"<p>&#8220;Tamb\u00e9m est\u00e1 escrito:<br \/>\n&#8216;N\u00e3o tentar\u00e1s o Senhor teu Deus!'&#8221;<\/p>\n","protected":false},"author":1,"featured_media":2408,"comment_status":"closed","ping_status":"closed","sticky":false,"template":"","format":"standard","meta":{"_et_pb_use_builder":"off","_et_pb_old_content":"","_et_gb_content_width":"1200","footnotes":""},"categories":[106],"tags":[],"class_list":["post-2352","post","type-post","status-publish","format-standard","has-post-thumbnail","hentry","category-evangelho-do-domingo"],"_links":{"self":[{"href":"https:\/\/franciscanas.org\/portal\/brasil\/wp-json\/wp\/v2\/posts\/2352","targetHints":{"allow":["GET"]}}],"collection":[{"href":"https:\/\/franciscanas.org\/portal\/brasil\/wp-json\/wp\/v2\/posts"}],"about":[{"href":"https:\/\/franciscanas.org\/portal\/brasil\/wp-json\/wp\/v2\/types\/post"}],"author":[{"embeddable":true,"href":"https:\/\/franciscanas.org\/portal\/brasil\/wp-json\/wp\/v2\/users\/1"}],"replies":[{"embeddable":true,"href":"https:\/\/franciscanas.org\/portal\/brasil\/wp-json\/wp\/v2\/comments?post=2352"}],"version-history":[{"count":2,"href":"https:\/\/franciscanas.org\/portal\/brasil\/wp-json\/wp\/v2\/posts\/2352\/revisions"}],"predecessor-version":[{"id":2402,"href":"https:\/\/franciscanas.org\/portal\/brasil\/wp-json\/wp\/v2\/posts\/2352\/revisions\/2402"}],"wp:featuredmedia":[{"embeddable":true,"href":"https:\/\/franciscanas.org\/portal\/brasil\/wp-json\/wp\/v2\/media\/2408"}],"wp:attachment":[{"href":"https:\/\/franciscanas.org\/portal\/brasil\/wp-json\/wp\/v2\/media?parent=2352"}],"wp:term":[{"taxonomy":"category","embeddable":true,"href":"https:\/\/franciscanas.org\/portal\/brasil\/wp-json\/wp\/v2\/categories?post=2352"},{"taxonomy":"post_tag","embeddable":true,"href":"https:\/\/franciscanas.org\/portal\/brasil\/wp-json\/wp\/v2\/tags?post=2352"}],"curies":[{"name":"wp","href":"https:\/\/api.w.org\/{rel}","templated":true}]}}