{"id":2350,"date":"2023-03-24T20:30:00","date_gmt":"2023-03-24T23:30:00","guid":{"rendered":"https:\/\/franciscanas.org\/portal\/brasil\/?p=2350"},"modified":"2023-03-16T15:05:53","modified_gmt":"2023-03-16T18:05:53","slug":"5o-domingo-da-quaresma","status":"publish","type":"post","link":"https:\/\/franciscanas.org\/portal\/brasil\/evangelho-do-domingo\/5o-domingo-da-quaresma\/","title":{"rendered":"5\u00ba Domingo da Quaresma"},"content":{"rendered":"\n<p class=\"has-vivid-red-color has-text-color\"><strong>EVANGELHO Jo 11,3-7.17.20-27.33b-45<\/strong><\/p>\n\n\n\n<p>Naquele tempo,<br>3 as irm\u00e3s de L\u00e1zaro mandaram dizer a Jesus:<br>&#8220;Senhor, aquele que amas est\u00e1 doente&#8221;.<br>4 Ouvindo isto, Jesus disse: &#8220;Esta doen\u00e7a n\u00e3o leva \u00e0<br>morte; ela serve para a gl\u00f3ria de Deus,<br>para que o Filho de Deus seja glorificado por ela&#8221;.<br>5 Jesus era muito amigo de Marta,<br>de sua irm\u00e3 Maria e de L\u00e1zaro.<br>6 Quando ouviu que este estava doente,<br>Jesus ficou ainda dois dias no lugar onde se encontrava.<br>7 Ent\u00e3o, disse aos disc\u00edpulos:<br>&#8220;Vamos de novo \u00e0 Judeia&#8221;.<br>17 Quando Jesus chegou,<br>encontrou L\u00e1zaro sepultado havia quatro dias.<br>20 Quando Marta soube que Jesus tinha chegado,<br>foi ao encontro dele. Maria ficou sentada em casa.<br>21 Ent\u00e3o Marta disse a Jesus: &#8220;Senhor, se tivesses<br>estado aqui, meu irm\u00e3o n\u00e3o teria morrido.<br>22 Mas mesmo assim, eu sei que<br>o que pedires a Deus, ele to conceder\u00e1&#8221;.<br>23 Respondeu-lhe Jesus: &#8220;Teu irm\u00e3o ressuscitar\u00e1&#8221;.<br>24 Disse Marta: &#8220;Eu sei que ele ressuscitar\u00e1<br>na ressurrei\u00e7\u00e3o, no \u00faltimo dia&#8221;.<br>25 Ent\u00e3o Jesus disse: &#8220;Eu sou a ressurrei\u00e7\u00e3o e a vida.<br>Quem cr\u00ea em mim, mesmo que morra, viver\u00e1.<br>26 E todo aquele que vive e cr\u00ea em mim,<br>n\u00e3o morrer\u00e1 jamais. Cr\u00eas isto?&#8221;<br>27 Respondeu ela: &#8216;Sim, Senhor, eu creio firmemente<br>que tu \u00e9s o Messias, o Filho de Deus,<br>que devia vir ao mundo&#8221;.<br>33b Jesus ficou profundamente comovido<br>34 e perguntou: &#8220;Onde o colocastes?&#8221;<br>Responderam: &#8220;Vem ver, Senhor&#8221;.<br>35 E Jesus chorou.<br>36 Ent\u00e3o os judeus disseram: &#8220;Vede como ele o amava!&#8221;<br>37 Alguns deles, por\u00e9m, diziam:<br>&#8220;Este, que abriu os olhos ao cego,<br>n\u00e3o podia tamb\u00e9m ter feito com que L\u00e1zaro n\u00e3o morresse?&#8221;<br>38 De novo, Jesus ficou interiormente comovido.<br>Chegou ao t\u00famulo. Era uma caverna, fechada com uma pedra.<br>39 Disse Jesus: &#8220;Tirai a pedra!&#8221;<br>Marta, a irm\u00e3 do morto, interveio:<br>&#8220;Senhor, j\u00e1 cheira mal. Est\u00e1 morto h\u00e1 quatro dias&#8221;.<br>40 Jesus lhe respondeu:<br>&#8220;N\u00e3o te disse que, se creres, ver\u00e1s a gl\u00f3ria de Deus?&#8221;<br>41 Tiraram ent\u00e3o a pedra.<br>Jesus levantou os olhos para o alto e disse:<br>&#8220;Pai, eu te dou gra\u00e7as porque me ouviste.<br>42 Eu sei que sempre me escutas.<br>Mas digo isto por causa do povo que me rodeia,<br>para que creia que tu me enviaste&#8221;.<br>43 Tendo dito isso, exclamou com voz forte:<br>&#8220;L\u00e1zaro, vem para fora!&#8221;<br>44 O morto saiu,<br>atado de m\u00e3os e p\u00e9s com os len\u00e7\u00f3is mortu\u00e1rios<br>e o rosto coberto com um pano.<br>Ent\u00e3o Jesus lhes disse:<br>&#8220;Desatai-o e deixai-o caminhar!&#8221;<br>45 Ent\u00e3o, muitos dos judeus que tinham ido \u00e0 casa de Maria<br>e viram o que Jesus fizera, creram nele.<\/p>\n\n\n\n<p class=\"has-vivid-red-color has-text-color\">Palavra da Salva\u00e7\u00e3o.<\/p>\n","protected":false},"excerpt":{"rendered":"<p>N\u00e3o te disse que, se creres, ver\u00e1s a gl\u00f3ria de Deus?<\/p>\n","protected":false},"author":1,"featured_media":2404,"comment_status":"closed","ping_status":"closed","sticky":false,"template":"","format":"standard","meta":{"_et_pb_use_builder":"off","_et_pb_old_content":"","_et_gb_content_width":"1200","footnotes":""},"categories":[106],"tags":[],"class_list":["post-2350","post","type-post","status-publish","format-standard","has-post-thumbnail","hentry","category-evangelho-do-domingo"],"_links":{"self":[{"href":"https:\/\/franciscanas.org\/portal\/brasil\/wp-json\/wp\/v2\/posts\/2350","targetHints":{"allow":["GET"]}}],"collection":[{"href":"https:\/\/franciscanas.org\/portal\/brasil\/wp-json\/wp\/v2\/posts"}],"about":[{"href":"https:\/\/franciscanas.org\/portal\/brasil\/wp-json\/wp\/v2\/types\/post"}],"author":[{"embeddable":true,"href":"https:\/\/franciscanas.org\/portal\/brasil\/wp-json\/wp\/v2\/users\/1"}],"replies":[{"embeddable":true,"href":"https:\/\/franciscanas.org\/portal\/brasil\/wp-json\/wp\/v2\/comments?post=2350"}],"version-history":[{"count":2,"href":"https:\/\/franciscanas.org\/portal\/brasil\/wp-json\/wp\/v2\/posts\/2350\/revisions"}],"predecessor-version":[{"id":2406,"href":"https:\/\/franciscanas.org\/portal\/brasil\/wp-json\/wp\/v2\/posts\/2350\/revisions\/2406"}],"wp:featuredmedia":[{"embeddable":true,"href":"https:\/\/franciscanas.org\/portal\/brasil\/wp-json\/wp\/v2\/media\/2404"}],"wp:attachment":[{"href":"https:\/\/franciscanas.org\/portal\/brasil\/wp-json\/wp\/v2\/media?parent=2350"}],"wp:term":[{"taxonomy":"category","embeddable":true,"href":"https:\/\/franciscanas.org\/portal\/brasil\/wp-json\/wp\/v2\/categories?post=2350"},{"taxonomy":"post_tag","embeddable":true,"href":"https:\/\/franciscanas.org\/portal\/brasil\/wp-json\/wp\/v2\/tags?post=2350"}],"curies":[{"name":"wp","href":"https:\/\/api.w.org\/{rel}","templated":true}]}}