{"id":2326,"date":"2023-03-17T20:30:00","date_gmt":"2023-03-17T23:30:00","guid":{"rendered":"https:\/\/franciscanas.org\/portal\/brasil\/?p=2326"},"modified":"2023-03-16T14:34:28","modified_gmt":"2023-03-16T17:34:28","slug":"4o-domingo-da-quaresma","status":"publish","type":"post","link":"https:\/\/franciscanas.org\/portal\/brasil\/evangelho-do-domingo\/4o-domingo-da-quaresma\/","title":{"rendered":"4\u00ba Domingo da Quaresma"},"content":{"rendered":"\n<p class=\"has-vivid-red-color has-text-color\"><strong>EVANGELHO Jo 9, 1-41<\/strong><\/p>\n\n\n\n<p>Naquele tempo,<br>1 ao passar, Jesus viu um homem cego de nascen\u00e7a.<br>2 Os disc\u00edpulos perguntaram a Jesus:<br>&#8220;Mestre, quem pecou para que nascesse cego:<br>ele ou os seus pais?&#8221;<br>3 Jesus respondeu: &#8220;Nem ele nem seus pais pecaram,<br>mas isso serve para que as obras de Deus<br>se manifestem nele.<br>4 \u00c9 necess\u00e1rio que n\u00f3s realizemos<br>as obras daquele que me enviou, enquanto \u00e9 dia.<br>Vem a noite, em que ningu\u00e9m pode trabalhar.<br>5 Enquanto estou no mudo, eu sou a luz do mundo&#8221;.<br>6 Dito isto, Jesus cuspiu no ch\u00e3o, fez lama com a saliva<br>e colocou-a sobre os olhos do cego.<br>7 E disse-lhe: &#8220;Vai lavar-te na piscina de Silo\u00e9&#8221;<br>(que quer dizer: Enviado).<br>O cego foi, lavou-se e voltou enxergando.<br>8 Os vizinhos e os que costumavam ver o cego <br>pois ele era mendigo &#8211; diziam: <br>&#8220;N\u00e3o \u00e9 aquele que ficava pedindo esmola?&#8221;<br>9 Uns diziam: &#8220;Sim, \u00e9 ele!&#8221;<br>Outros afirmavam:<br>&#8220;N\u00e3o \u00e9 ele, mas algu\u00e9m parecido com ele&#8221;.<br>Ele, por\u00e9m, dizia: &#8220;Sou eu mesmo!&#8221;<br>10 Ent\u00e3o lhe perguntaram:<br>&#8220;Como \u00e9 que se abriram os teus olhos?&#8221;<br>11 Ele respondeu: &#8220;Aquele homem chamado Jesus fez lama, colocou-a<br>nos meus olhos e disse-me: &#8216;Vai a Silo\u00e9 e lava-te&#8217;.<br>Ent\u00e3o fui, lavei-me e comecei a ver&#8221;.<br>12 Perguntaram-lhe: &#8220;Onde est\u00e1 ele?&#8221;<br>Respondeu: &#8220;N\u00e3o sei&#8221;.<br>13 Levaram ent\u00e3o aos fariseus o homem que tinha sido cego.<br>14 Ora, era s\u00e1bado, o dia em que Jesus tinha feito lama<br>e aberto os olhos do cego.<br>15 Novamente, ent\u00e3o, lhe perguntaram os fariseus<br>como tinha recuperado a vista.<br>Respondeu-lhes: &#8220;Colocou lama sobre meus olhos,<br>fui lavar-me e agora vejo!&#8221;<br>16 Disseram, ent\u00e3o, alguns dos fariseus:<br>&#8220;Esse homem n\u00e3o vem de Deus, pois n\u00e3o guarda o s\u00e1bado&#8221;.<br>Mas outros diziam:<br>&#8220;Como pode um pecador fazer tais sinais?&#8221;<br>17 E havia diverg\u00eancia entre eles.<br>Perguntaram outra vez ao cego:<br>&#8220;E tu, que dizes daquele que te abriu os olhos?&#8221;<br>Respondeu: &#8220;\u00c9 um profeta.&#8221;<br>18 Ent\u00e3o, os judeus n\u00e3o acreditaram<br>que ele tinha sido cego e que tinha recuperado a vista.<br>Chamaram os pais dele<br>19 e perguntaram-lhes:<br>&#8220;Este \u00e9 o vosso filho, que dizeis ter nascido cego?<br>Como \u00e9 que ele agora est\u00e1 enxergando?&#8221;<br>20 Os seus pais disseram:<br>&#8220;Sabemos que este \u00e9 nosso filho e que nasceu cego.<br>21 Como agora est\u00e1 enxergando, isso n\u00e3o sabemos.<br>E quem lhe abriu os olhos tamb\u00e9m n\u00e3o sabemos.<br>Interrogai-o, ele \u00e9 maior de idade,<br>ele pode falar por si mesmo&#8221;.<br>22 Os seus pais disseram isso,<br>porque tinham medo das autoridades judaicas.<br>De fato, os judeus j\u00e1 tinham combinado<br>expulsar da comunidade<br>quem declarasse que Jesus era o Messias.<br>23 Foi por isso que seus pais disseram:<br>&#8220;\u00c9 maior de idade. Interrogai-o a ele&#8221;.<br>24 Ent\u00e3o, os judeus chamaram de novo<br>o homem que tinha sido cego.<br>Disseram-lhe: &#8220;D\u00e1 gl\u00f3ria a Deus!<br>N\u00f3s sabemos que esse homem \u00e9 um pecador&#8221;.<br>25 Ent\u00e3o ele respondeu:<br>&#8220;Se ele \u00e9 pecador, n\u00e3o sei. S\u00f3 sei que eu era cego<br>e agora vejo&#8221;.<br>26 Perguntaram-lhe ent\u00e3o:<br>&#8220;Que \u00e9 que ele te fez? Como te abriu os olhos?&#8221;<br>27 Respondeu ele:<br>&#8220;Eu j\u00e1 vos disse, e n\u00e3o escutastes.<br>Por que quereis ouvir de novo?<br>Por acaso quereis tornar-vos disc\u00edpulos dele?&#8221;<br>28 Ent\u00e3o insultaram-no, dizendo:<br>&#8220;Tu, sim, \u00e9s disc\u00edpulo dele!<br>N\u00f3s somos disc\u00edpulos de Mois\u00e9s.<br>29 N\u00f3s sabemos que Deus falou a Mois\u00e9s,<br>mas esse, n\u00e3o sabemos de onde \u00e9&#8221;.<br>30 Respondeu-lhes o homem: &#8220;Espantoso!<br>V\u00f3s n\u00e3o sabeis de onde ele \u00e9?<br>No entanto, ele abriu-me os olhos!<br>31 Sabemos que Deus n\u00e3o escuta os pecadores,<br>mas escuta aquele que \u00e9 piedoso<br>e que faz a sua vontade.<br>32 Jamais se ouviu dizer<br>que algu\u00e9m tenha aberto os olhos a um cego de nascen\u00e7a.<br>33 Se este homem n\u00e3o viesse de Deus,<br>n\u00e3o poderia fazer nada&#8221;.<br>34 Os fariseus disseram-lhe:<br>&#8220;Tu nasceste todo em pecado e est\u00e1s nos ensinando?&#8221;<br>E expulsaram-no da comunidade.<br>35 Jesus soube que o tinham expulsado.<br>Encontrando-o, perguntou-lhe:<br>&#8220;Acreditas no Filho do Homem?&#8221;<br>36 Respondeu ele:<br>&#8220;Quem \u00e9, Senhor, para que eu creia nele?&#8221;<br>37 Jesus disse:<br>&#8220;Tu o est\u00e1s vendo; \u00e9 aquele que est\u00e1 falando contigo&#8221;.<br>Exclamou ele:<br>38 &#8220;Eu creio, Senhor!&#8221;<br>E prostrou-se diante de Jesus.<br>39 Ent\u00e3o, Jesus disse:<br>&#8220;Eu vim a este mundo para exercer um julgamento,<br>a fim de que os que n\u00e3o veem, vejam,<br>e os que veem se tornem cegos&#8221;.<br>40 Alguns fariseus, que estavam com ele, ouviram isto<br>e lhe disseram:<br>&#8220;Porventura, tamb\u00e9m n\u00f3s somos cegos?&#8221;<br>41 Respondeu-lhes Jesus:<br>&#8220;Se f\u00f4sseis cegos, n\u00e3o ter\u00edeis culpa;<br>mas como dizeis:<br>&#8216;N\u00f3s vemos&#8217;, o vosso pecado permanece&#8221;.<\/p>\n\n\n\n<p class=\"has-vivid-red-color has-text-color\">Palavra da Salva\u00e7\u00e3o.<\/p>\n","protected":false},"excerpt":{"rendered":"<p>O cego foi, lavou-se e voltou enxergando.<\/p>\n","protected":false},"author":1,"featured_media":2354,"comment_status":"closed","ping_status":"closed","sticky":false,"template":"","format":"standard","meta":{"_et_pb_use_builder":"off","_et_pb_old_content":"","_et_gb_content_width":"1200","footnotes":""},"categories":[106],"tags":[],"class_list":["post-2326","post","type-post","status-publish","format-standard","has-post-thumbnail","hentry","category-evangelho-do-domingo"],"_links":{"self":[{"href":"https:\/\/franciscanas.org\/portal\/brasil\/wp-json\/wp\/v2\/posts\/2326","targetHints":{"allow":["GET"]}}],"collection":[{"href":"https:\/\/franciscanas.org\/portal\/brasil\/wp-json\/wp\/v2\/posts"}],"about":[{"href":"https:\/\/franciscanas.org\/portal\/brasil\/wp-json\/wp\/v2\/types\/post"}],"author":[{"embeddable":true,"href":"https:\/\/franciscanas.org\/portal\/brasil\/wp-json\/wp\/v2\/users\/1"}],"replies":[{"embeddable":true,"href":"https:\/\/franciscanas.org\/portal\/brasil\/wp-json\/wp\/v2\/comments?post=2326"}],"version-history":[{"count":1,"href":"https:\/\/franciscanas.org\/portal\/brasil\/wp-json\/wp\/v2\/posts\/2326\/revisions"}],"predecessor-version":[{"id":2349,"href":"https:\/\/franciscanas.org\/portal\/brasil\/wp-json\/wp\/v2\/posts\/2326\/revisions\/2349"}],"wp:featuredmedia":[{"embeddable":true,"href":"https:\/\/franciscanas.org\/portal\/brasil\/wp-json\/wp\/v2\/media\/2354"}],"wp:attachment":[{"href":"https:\/\/franciscanas.org\/portal\/brasil\/wp-json\/wp\/v2\/media?parent=2326"}],"wp:term":[{"taxonomy":"category","embeddable":true,"href":"https:\/\/franciscanas.org\/portal\/brasil\/wp-json\/wp\/v2\/categories?post=2326"},{"taxonomy":"post_tag","embeddable":true,"href":"https:\/\/franciscanas.org\/portal\/brasil\/wp-json\/wp\/v2\/tags?post=2326"}],"curies":[{"name":"wp","href":"https:\/\/api.w.org\/{rel}","templated":true}]}}