{"id":2317,"date":"2023-03-03T20:30:00","date_gmt":"2023-03-03T23:30:00","guid":{"rendered":"https:\/\/franciscanas.org\/portal\/brasil\/?p=2317"},"modified":"2023-03-11T11:43:10","modified_gmt":"2023-03-11T14:43:10","slug":"2o-domingo-da-quaresma","status":"publish","type":"post","link":"https:\/\/franciscanas.org\/portal\/brasil\/evangelho-do-domingo\/2o-domingo-da-quaresma\/","title":{"rendered":"2\u00ba Domingo da Quaresma"},"content":{"rendered":"\n<p class=\"has-vivid-red-color has-text-color\"><strong>EVANGELHO Mt 17,1-9<\/strong><\/p>\n\n\n\n<p>Naquele tempo,<br>1 Jesus tomou consigo Pedro, Tiago e Jo\u00e3o, seu irm\u00e3o,<br>e os levou a um lugar \u00e0 parte, sobre uma alta montanha.<br>2 E foi transfigurado diante deles;<br>o seu rosto brilhou como o sol<br>e as suas roupas ficaram brancas como a luz.<br>3 Nisto apareceram-lhes Mois\u00e9s e Elias,<br>conversando com Jesus.<br>4 Ent\u00e3o Pedro tomou a palavra e disse:<br>&#8220;Senhor, \u00e9 bom ficarmos aqui.<br>Se queres, vou fazer aqui tr\u00eas tendas:<br>uma para ti, outra para Mois\u00e9s, e outra para Elias&#8221;.<br>5 Pedro ainda estava falando,<br>quando uma nuvem luminosa os cobriu com sua sombra.<br>E da nuvem uma voz dizia:<br>&#8220;Este \u00e9 o meu Filho amado,<br>no qual eu pus todo meu agrado.<br>Escutai-o!&#8221;<br>6 Quando ouviram isto, os disc\u00edpulos ficaram muito<br>assustados e ca\u00edram com o rosto em terra.<br>7 Jesus se aproximou, tocou neles e disse:<br>&#8220;Levantai-vos, e n\u00e3o tenhais medo&#8221;.<br>8 Os disc\u00edpulos ergueram os olhos e n\u00e3o viram mais<br>ningu\u00e9m, a n\u00e3o ser somente Jesus.<br>9 Quando desciam da montanha, Jesus ordenou-lhes:<br>&#8220;N\u00e3o conteis a ningu\u00e9m esta vis\u00e3o at\u00e9 que o<br>Filho do Homem tenha ressuscitado dos mortos&#8221;.<\/p>\n\n\n\n<p class=\"has-vivid-red-color has-text-color\">Palavra da Salva\u00e7\u00e3o.<\/p>\n","protected":false},"excerpt":{"rendered":"<p>&#8220;Este \u00e9 o meu Filho amado,<br \/>\nno qual eu pus todo meu agrado.<br \/>\nEscutai-o!&#8221;<\/p>\n","protected":false},"author":1,"featured_media":2318,"comment_status":"closed","ping_status":"closed","sticky":false,"template":"","format":"standard","meta":{"_et_pb_use_builder":"off","_et_pb_old_content":"","_et_gb_content_width":"1200","footnotes":""},"categories":[106],"tags":[],"class_list":["post-2317","post","type-post","status-publish","format-standard","has-post-thumbnail","hentry","category-evangelho-do-domingo"],"_links":{"self":[{"href":"https:\/\/franciscanas.org\/portal\/brasil\/wp-json\/wp\/v2\/posts\/2317","targetHints":{"allow":["GET"]}}],"collection":[{"href":"https:\/\/franciscanas.org\/portal\/brasil\/wp-json\/wp\/v2\/posts"}],"about":[{"href":"https:\/\/franciscanas.org\/portal\/brasil\/wp-json\/wp\/v2\/types\/post"}],"author":[{"embeddable":true,"href":"https:\/\/franciscanas.org\/portal\/brasil\/wp-json\/wp\/v2\/users\/1"}],"replies":[{"embeddable":true,"href":"https:\/\/franciscanas.org\/portal\/brasil\/wp-json\/wp\/v2\/comments?post=2317"}],"version-history":[{"count":3,"href":"https:\/\/franciscanas.org\/portal\/brasil\/wp-json\/wp\/v2\/posts\/2317\/revisions"}],"predecessor-version":[{"id":2322,"href":"https:\/\/franciscanas.org\/portal\/brasil\/wp-json\/wp\/v2\/posts\/2317\/revisions\/2322"}],"wp:featuredmedia":[{"embeddable":true,"href":"https:\/\/franciscanas.org\/portal\/brasil\/wp-json\/wp\/v2\/media\/2318"}],"wp:attachment":[{"href":"https:\/\/franciscanas.org\/portal\/brasil\/wp-json\/wp\/v2\/media?parent=2317"}],"wp:term":[{"taxonomy":"category","embeddable":true,"href":"https:\/\/franciscanas.org\/portal\/brasil\/wp-json\/wp\/v2\/categories?post=2317"},{"taxonomy":"post_tag","embeddable":true,"href":"https:\/\/franciscanas.org\/portal\/brasil\/wp-json\/wp\/v2\/tags?post=2317"}],"curies":[{"name":"wp","href":"https:\/\/api.w.org\/{rel}","templated":true}]}}