{"id":2311,"date":"2023-03-10T16:16:52","date_gmt":"2023-03-10T19:16:52","guid":{"rendered":"https:\/\/franciscanas.org\/portal\/brasil\/?p=2311"},"modified":"2023-03-10T16:29:09","modified_gmt":"2023-03-10T19:29:09","slug":"visita-fraterna-a-regiao-missionaria-sao-francisco-de-assis","status":"publish","type":"post","link":"https:\/\/franciscanas.org\/portal\/brasil\/noticias\/visita-fraterna-a-regiao-missionaria-sao-francisco-de-assis\/","title":{"rendered":"Visita fraterna \u00e0 Regi\u00e3o Mission\u00e1ria S\u00e3o Francisco de Assis"},"content":{"rendered":"[et_pb_section admin_label=&#8221;section&#8221;]\n\t\t\t[et_pb_row admin_label=&#8221;row&#8221;]\n\t\t\t\t[et_pb_column type=&#8221;4_4&#8243;][et_pb_text admin_label=&#8221;Text&#8221;]\n<p>Em cumprimento ao disposto no C\u00e2non 628 e nas Constitui\u00e7\u00f5es n\u00ba 140, a Animadora Geral Hna. Marelvi Buelvas Mendoza, inicia a visita fraterna \u00e0 Regi\u00e3o Mission\u00e1ria &#8220;San Francisco de Assis&#8221; &#8211; Brasil, Peru e Bol\u00edvia. Na primeira fase, estar\u00e1 acompanhada pela Ir. Silvana Arboit, Vig\u00e1ria e Conselheira Geral.<\/p>\n\n\n\n<p>No dia 10 de mar\u00e7o viajam de Bogot\u00e1\/Col\u00f4mbia para S\u00e3o Paulo\/Brasil. No dia 13 de mar\u00e7o, dia em que a visita come\u00e7a, acompanhemos \u00e0s nossas Irm\u00e3s com a ora\u00e7\u00e3o, a Adora\u00e7\u00e3o ao Sant\u00edssimo Sacramento e a celebra\u00e7\u00e3o da Eucaristia no seu percurso por esta Regi\u00e3o, pedindo a Deus Pai e \u00e0 nossa Bem-aventurada Madre Bernarda que as aben\u00e7oe e as acompanhe na visita. <\/p>\n\n\n\n<p>Rezemos tamb\u00e9m, para que o Senhor, dono da messe, aben\u00e7oe \u00e0 Regi\u00e3o, grande em seu zelo mission\u00e1rio, voca\u00e7\u00f5es fervorosas e decididas e conceda perseveran\u00e7a a todas at\u00e9 o fim. Eles estar\u00e3o de volta \u00e0 Casa Geral em 9 de maio de 2023. <\/p>\n\n\n\n<p>Segue abaixo o <strong>CRONOGRAMA<\/strong> da primeira etapa da visita que ocorre nas fraternidades do sul do Brasil:<\/p>\n\n\n\n<p><strong>Mar\u00e7o<\/strong><\/p>\n\n\n\n<p>10 &#8211; Viagem Bogot\u00e1\/Col\u00f4mbia a S\u00e3o Paulo\/Brasil<br>11 &#8211; Viagem S\u00e3o Paulo a Passo Fundo\/RS<br>13 &#8211; Abertura da Visita e Reuni\u00e3o com o Governo Regional &#8211; Passo Fundo\/RS<br>14 &#8211; Viagem a Erechim\/RS<br>15 &#8211; Comemora\u00e7\u00e3o dos 100 anos do Col\u00e9gio Franciscano S\u00e3o Jos\u00e9 &#8211; Erechim\/RS<br>16 a 18 &#8211; Fraternidade Madre Imelda &#8211; Erechim\/RS<br>19 a 22 &#8211; Fraternidade Col\u00e9gio Franciscano S\u00e3o Jos\u00e9 &#8211; Erechim\/RS<br>23-26 &#8211; Hospital Santa Isabel e Fraternidade Residencial Madre Bernarda &#8211; Gaurama\/RS<br>27 &#8211; Viagem a Passo Fundo\/RS<br>28 &#8211; Reuni\u00e3o com a Diretoria das Associa\u00e7\u00f5es &#8211; Passo Fundo\/RS<br>29 &#8211; Assembleia Anual das Associa\u00e7\u00f5es AMA e ASSEC &#8211; Passo Fundo\/RS<br>30 a 1\u00ba &#8211; Fraternidade Santa Marta &#8211; Passo Fundo\/RS<\/p>\n\n\n\n<p><strong>Abril<\/strong><\/p>\n\n\n\n<p>02 a 05 &#8211; Fraternidade Bet\u00e2nia &#8211; Passo Fundo\/RS<br>06 a 11 Fraternidade Cristo Rei e Lar de Nazar\u00e9 &#8211; Marau e Camargo\/RS<br>12 &#8211; Descanso &#8211; Passo Fundo\/RS<br>13  Funda\u00e7\u00e3o Lucas Ara\u00fajo &#8211; Passo Fundo\/RS<br>14 a 16 Fraternidade Santa Teresinha &#8211; Esta\u00e7\u00e3o\/RS<br>17 &#8211; Viagem a Chapec\u00f3\/SC<br>18 &#8211; Assembleia Anual das Associa\u00e7\u00f5es IMABE e AMAB &#8211; Chapec\u00f3\/SC<br>19 &#8211; Descanso &#8211; Chapec\u00f3\/SC<br>20 a 23 &#8211; Fraternidade Imaculado Cora\u00e7\u00e3o de Maria (Visita ao IMABE) &#8211; Xaxim\/SC<br>24 a 27 &#8211; Fraternidade Bet\u00e2nia (Visita ao Hospital S\u00e3o Paulo) &#8211; Xanxer\u00ea\/SC<br>28 a 30 &#8211; Fraternidade Nossa Senhora de Guadalupe &#8211; Ipua\u00e7\u00fa\/SC<\/p>\n\n\n\n<p><strong>Maio<\/strong><\/p>\n\n\n\n<p>01 a 04 &#8211; Fraternidade Sagrado Cora\u00e7\u00e3o de Jesus &#8211; Canoinhas\/SC<br>07 a 06 &#8211; Fraternidade de Maria Auxiliadora &#8211; Chapec\u00f3\/SC<br>08 &#8211; Viagem a Florian\u00f3polis\/SC (Visita a Ir. Matilde)<br>09 &#8211; Viagem Florian\u00f3polis &#8211; S\u00e3o Paulo &#8211; Bogot\u00e1<\/p>\n\n\n\n<p>No segundo semestre a visita continua nas fraternidades do Peru, Bol\u00edvia e Centro-Norte do Brasil.<\/p>\n\n\n\n<p><\/p>\n[\/et_pb_text][\/et_pb_column]\n\t\t\t[\/et_pb_row]\n\t\t[\/et_pb_section]","protected":false},"excerpt":{"rendered":"<p>Em cumprimento ao disposto no C\u00e2non 628 e nas Constitui\u00e7\u00f5es n\u00ba 140, a Animadora Geral Hna. Marelvi Buelvas Mendoza, inicia a visita fraterna \u00e0 Regi\u00e3o Mission\u00e1ria &#8220;San Francisco de Assis&#8221; &#8211; Brasil, Peru e Bol\u00edvia<\/p>\n","protected":false},"author":1,"featured_media":2312,"comment_status":"closed","ping_status":"closed","sticky":false,"template":"","format":"standard","meta":{"_et_pb_use_builder":"on","_et_pb_old_content":"<!-- wp:paragraph -->\n<p>Em cumprimento ao disposto no C\u00e2non 628 e nas Constitui\u00e7\u00f5es n\u00ba 140, a Animadora Geral Hna. Marelvi Buelvas Mendoza, inicia a visita fraterna \u00e0 Regi\u00e3o Mission\u00e1ria \"San Francisco de Assis\" - Brasil, Peru e Bol\u00edvia. Na primeira fase, estar\u00e1 acompanhada pela Ir. Silvana Arboit, Vig\u00e1ria e Conselheira Geral.<\/p>\n<!-- \/wp:paragraph -->\n\n<!-- wp:paragraph -->\n<p>No dia 10 de mar\u00e7o viajam de Bogot\u00e1\/Col\u00f4mbia para S\u00e3o Paulo\/Brasil. No dia 13 de mar\u00e7o, dia em que a visita come\u00e7a, acompanhemos \u00e0s nossas Irm\u00e3s com a ora\u00e7\u00e3o, a Adora\u00e7\u00e3o ao Sant\u00edssimo Sacramento e a celebra\u00e7\u00e3o da Eucaristia no seu percurso por esta Regi\u00e3o, pedindo a Deus Pai e \u00e0 nossa Bem-aventurada Madre Bernarda que as aben\u00e7oe e as acompanhe na visita. <\/p>\n<!-- \/wp:paragraph -->\n\n<!-- wp:paragraph -->\n<p>Rezemos tamb\u00e9m, para que o Senhor, dono da messe, aben\u00e7oe \u00e0 Regi\u00e3o, grande em seu zelo mission\u00e1rio, voca\u00e7\u00f5es fervorosas e decididas e conceda perseveran\u00e7a a todas at\u00e9 o fim. Eles estar\u00e3o de volta \u00e0 Casa Geral em 9 de maio de 2023. <\/p>\n<!-- \/wp:paragraph -->\n\n<!-- wp:paragraph -->\n<p>Segue abaixo o <strong>CRONOGRAMA<\/strong> da primeira etapa da visita que ocorre nas fraternidades do sul do Brasil:<\/p>\n<!-- \/wp:paragraph -->\n\n<!-- wp:paragraph -->\n<p><strong>Mar\u00e7o<\/strong><\/p>\n<!-- \/wp:paragraph -->\n\n<!-- wp:paragraph -->\n<p>10 - Viagem Bogot\u00e1\/Col\u00f4mbia a S\u00e3o Paulo\/Brasil<br>11 - Viagem S\u00e3o Paulo a Passo Fundo\/RS<br>13 - Abertura da Visita e Reuni\u00e3o com o Governo Regional - Passo Fundo\/RS<br>14 - Viagem a Erechim\/RS<br>15 - Comemora\u00e7\u00e3o dos 100 anos do Col\u00e9gio Franciscano S\u00e3o Jos\u00e9 - Erechim\/RS<br>16 a 18 - Fraternidade Madre Imelda - Erechim\/RS<br>19 a 22 - Fraternidade Col\u00e9gio Franciscano S\u00e3o Jos\u00e9 - Erechim\/RS<br>23-26 - Hospital Santa Isabel e Fraternidade Residencial Madre Bernarda - Gaurama\/RS<br>27 - Viagem a Passo Fundo\/RS<br>28 - Reuni\u00e3o com a Diretoria das Associa\u00e7\u00f5es - Passo Fundo\/RS<br>29 - Assembleia Anual das Associa\u00e7\u00f5es AMA e ASSEC - Passo Fundo\/RS<br>30 a 1\u00ba - Fraternidade Santa Marta - Passo Fundo\/RS<\/p>\n<!-- \/wp:paragraph -->\n\n<!-- wp:paragraph -->\n<p><strong>Abril<\/strong><\/p>\n<!-- \/wp:paragraph -->\n\n<!-- wp:paragraph -->\n<p>02 a 05 - Fraternidade Bet\u00e2nia - Passo Fundo\/RS<br>06 a 11 Fraternidade Cristo Rei e Lar de Nazar\u00e9 - Marau e Camargo\/RS<br>12 - Descanso - Passo Fundo\/RS<br>13  Funda\u00e7\u00e3o Lucas Ara\u00fajo - Passo Fundo\/RS<br>14 a 16 Fraternidade Santa Teresinha - Esta\u00e7\u00e3o\/RS<br>17 - Viagem a Chapec\u00f3\/SC<br>18 - Assembleia Anual das Associa\u00e7\u00f5es IMABE e AMAB - Chapec\u00f3\/SC<br>19 - Descanso - Chapec\u00f3\/SC<br>20 a 23 - Fraternidade Imaculado Cora\u00e7\u00e3o de Maria (Visita ao IMABE) - Xaxim\/SC<br>24 a 27 - Fraternidade Bet\u00e2nia (Visita ao Hospital S\u00e3o Paulo) - Xanxer\u00ea\/SC<br>28 a 30 - Fraternidade Nossa Senhora de Guadalupe - Ipua\u00e7\u00fa\/SC<\/p>\n<!-- \/wp:paragraph -->\n\n<!-- wp:paragraph -->\n<p><strong>Maio<\/strong><\/p>\n<!-- \/wp:paragraph -->\n\n<!-- wp:paragraph -->\n<p>01 a 04 - Fraternidade Sagrado Cora\u00e7\u00e3o de Jesus - Canoinhas\/SC<br>07 a 06 - Fraternidade de Maria Auxiliadora - Chapec\u00f3\/SC<br>08 - Viagem a Florian\u00f3polis\/SC (Visita a Ir. Matilde)<br>09 - Viagem Florian\u00f3polis - S\u00e3o Paulo - Bogot\u00e1<\/p>\n<!-- \/wp:paragraph -->\n\n<!-- wp:paragraph -->\n<p>No segundo semestre a visita continua nas fraternidades do Peru, Bol\u00edvia e Centro-Norte do Brasil.<\/p>\n<!-- \/wp:paragraph -->\n\n<!-- wp:paragraph -->\n<p><\/p>\n<!-- \/wp:paragraph -->","_et_gb_content_width":"1200","footnotes":""},"categories":[8],"tags":[],"class_list":["post-2311","post","type-post","status-publish","format-standard","has-post-thumbnail","hentry","category-noticias"],"_links":{"self":[{"href":"https:\/\/franciscanas.org\/portal\/brasil\/wp-json\/wp\/v2\/posts\/2311","targetHints":{"allow":["GET"]}}],"collection":[{"href":"https:\/\/franciscanas.org\/portal\/brasil\/wp-json\/wp\/v2\/posts"}],"about":[{"href":"https:\/\/franciscanas.org\/portal\/brasil\/wp-json\/wp\/v2\/types\/post"}],"author":[{"embeddable":true,"href":"https:\/\/franciscanas.org\/portal\/brasil\/wp-json\/wp\/v2\/users\/1"}],"replies":[{"embeddable":true,"href":"https:\/\/franciscanas.org\/portal\/brasil\/wp-json\/wp\/v2\/comments?post=2311"}],"version-history":[{"count":2,"href":"https:\/\/franciscanas.org\/portal\/brasil\/wp-json\/wp\/v2\/posts\/2311\/revisions"}],"predecessor-version":[{"id":2314,"href":"https:\/\/franciscanas.org\/portal\/brasil\/wp-json\/wp\/v2\/posts\/2311\/revisions\/2314"}],"wp:featuredmedia":[{"embeddable":true,"href":"https:\/\/franciscanas.org\/portal\/brasil\/wp-json\/wp\/v2\/media\/2312"}],"wp:attachment":[{"href":"https:\/\/franciscanas.org\/portal\/brasil\/wp-json\/wp\/v2\/media?parent=2311"}],"wp:term":[{"taxonomy":"category","embeddable":true,"href":"https:\/\/franciscanas.org\/portal\/brasil\/wp-json\/wp\/v2\/categories?post=2311"},{"taxonomy":"post_tag","embeddable":true,"href":"https:\/\/franciscanas.org\/portal\/brasil\/wp-json\/wp\/v2\/tags?post=2311"}],"curies":[{"name":"wp","href":"https:\/\/api.w.org\/{rel}","templated":true}]}}