{"id":2293,"date":"2023-03-10T15:28:52","date_gmt":"2023-03-10T18:28:52","guid":{"rendered":"https:\/\/franciscanas.org\/portal\/brasil\/?p=2293"},"modified":"2023-03-10T15:35:54","modified_gmt":"2023-03-10T18:35:54","slug":"a-congregacao-encerra-sua-presenca-na-cidade-de-cruz-alta","status":"publish","type":"post","link":"https:\/\/franciscanas.org\/portal\/brasil\/noticias\/a-congregacao-encerra-sua-presenca-na-cidade-de-cruz-alta\/","title":{"rendered":"A Congrega\u00e7\u00e3o encerra sua presen\u00e7a na cidade de Cruz Alta"},"content":{"rendered":"\n<p>No dia 28 de janeiro de 2023, ap\u00f3s 97 anos de presen\u00e7a na cidade, as Irm\u00e3s Franciscanas Mission\u00e1rias de Maria Auxiliadora encerram a presen\u00e7a em Cruz Alta, estado do Rio Grande do Sul, Brasil. A celebra\u00e7\u00e3o teve lugar as depend\u00eancia do Asilo Santo Ant\u00f4nio, Institui\u00e7\u00e3o de Longa Perman\u00eancia que acolhe pessoas idosas onde a Congrega\u00e7\u00e3o manteve uma fraternidade por 76 anos, atuando na obra da Sociedade S\u00e3o Vicente de Paulo &#8211; Vicentinos.<\/p>\n\n\n\n<p>A primeira presen\u00e7a das Irm\u00e3s em Cruz Alta estabeleceu-se no dia 01 de maio de 1926 juntos ao Hospital S\u00e3o Vicente com a finalidade do atendimento aos enfermos e atua\u00e7\u00e3o pastoral. Em 31 de janeiro de 1947, as irm\u00e3s estabeleceram-se no Asilo Santo Ant\u00f4nio para o atendimento das pessoas idosas. Em 05 de mar\u00e7o de 1955, outra fraternidade foi fundada no Lar da Menina, pr\u00f3ximo ao Asilo, com a finalidade de atender meninas \u00f3rf\u00e3s e desamparadas. A fraternidade do Hospital foi supressa em 1972. \u00a0A do Lar da Menina em 2004.<\/p>\n\n\n\n<p>A fraternidade do Asilo Santo Ant\u00f4nio foi fundada pelas irm\u00e3s Beatriz L\u00f4ndero, Lib\u00e9ria Lumassegger e Flaviana Wieczoreck. Entre 1989 e 2002, parte da irm\u00e3s que atendiam a miss\u00e3o no Asilo passaram a residir numa resid\u00eancia externa onde se conformou a fraternidade Santa Clara de Assis. Em 2008, outras fraternidades existentes no local foram supressas restando apenas a presen\u00e7a no Asilo Santo Ant\u00f4nio.<\/p>\n\n\n\n<p>A despedida do Asilo Santo Ant\u00f4nio foi um momento de como\u00e7\u00e3o da comunidade, especialmente dos idosos residentes no local, dos Leigos Vicentinos que administram a obra e os Leigos de Mission\u00e1rios Franciscanos de Madre Bernarda &#8211; ALMABER, que sempre colaboraram com a miss\u00e3o das irm\u00e3s. Na oportunidade, houve um almo\u00e7o em homenagem \u00e0s irm\u00e3s com a presen\u00e7a da Equipe de Governo da Regi\u00e3o Mission\u00e1ria S\u00e3o Francisco de Assis, com sede em Passo Fundo\/RS. Ocorreu a inaugura\u00e7\u00e3o da sala de conviv\u00eancia que recebeu o nome de Santa Maira Bernarda e a adi\u00e7\u00e3o da foto das \u00faltimas irm\u00e3s diretoras no quadro de dire\u00e7\u00e3o do Asilo Santo Ant\u00f4nio. \u00c1s 16 horas, na celebra\u00e7\u00e3o da comunidade junto \u00e0 capela do Asilo Santo Ant\u00f4nio, os presentes recordaram com gratid\u00e3o e louvor o itiner\u00e1rio da presen\u00e7a das irm\u00e3s e todo bem realizado na mencionada obra.<\/p>\n\n\n\n<p>A seguir, transcreve-se na integra o discurso do Senhor Irineu Ehmke\u00a0realizado durante o almo\u00e7o. O Senhor Irineu trabalhou por muitos anos no Asilo como administrador da institui\u00e7\u00e3o.<\/p>\n\n\n\n<p><\/p>\n\n\n\n<p><strong>\u201cMANIFESTA\u00c7\u00c3O\u201d<\/strong><\/p>\n\n\n\n<p><em>Atendendo pedido de nosso Presidente, Jorge Bronzatti, para fazer uma manifesta\u00e7\u00e3o sobre este momento, que marca a despedida das Irm\u00e3s Religiosas de nossas obras, confesso que dado as minhas j\u00e1 conhecidas limita\u00e7\u00f5es, sinceramente me faltam palavras que traduzam fielmente e na relevancia estampada, os sentimentos que tomam conta das almas de Idosos, Vicentinos, Servidores e Servidoras, colaboradores e comunidade em geral, com a sa\u00edda das abnegadas e, podemos afirmar com convic\u00e7\u00e3o, imprescind\u00edveis Religiosas da Congrega\u00e7\u00e3o das Irm\u00e3s Franciscanas Mission\u00e1rias de Mana Auxiliadora.<\/em><\/p>\n\n\n\n<p><em>Foram 79 anos de presen\u00e7a mission\u00e1ria dentro de nosso Asilo Santo Ant\u00f4nio. Boa parte dessa trajet\u00f3ria, este humilde cidad\u00e3o que vos fala, teve o prazer de acompanhar e testemunhar sinais das mais aut\u00eanticas obras de doa\u00e7\u00e3o e amor aos Irm\u00e3os Idosos que usufru\u00edram\u00a0dos servi\u00e7os da entidade. Sempre\u00a0foi um apostolado praticado como\u00a0mandamento da caridade rigorosamente dentro do legado\u00a0de sua Fundadora, Santa Maria Bernarda: &#8220;Meu Viver \u00e9 o \u00a0Evangelho&#8221;.<\/em><\/p>\n\n\n\n<p><em>Presenciei\u00a0atitudes e demonstra\u00e7\u00f5es de amor das Irm\u00e3s aos idosos e preocupa\u00e7\u00e3o com a continuidade da entidade.\u00a0Quando cheguei ao Asilo em novembro de 1966, a Irm\u00e3 Silv\u00e2nia Schuh era a Diretora interna. Na \u00e9poca,\u00a0escassez era a t\u00f4nica do dia a dia, inclusive a alimenta\u00e7\u00e3o. Comia-se o que havia\u00a0para o momento. Por vezes algumas Irm\u00e3s abriam m\u00e3o de sua refei\u00e7\u00e3o em beneficio internos. Periodicamente o Asilo recebia g\u00eaneros aliment\u00edcios de alguns poucos colaboradores, de cooperativas e da C\u00e1ritas, dentro do Projeto do Brasil com alguns pa\u00edses, chamado &#8220;Alian\u00e7a para o Progresso&#8221;. N\u00e3o haviam\u00a0funcion\u00e1rios, mas contavam com o aux\u00edlio de alguns idosos e idosas nos servi\u00e7os dom\u00e9sticos, horta, jardim e cuidados de animais. Pouqu\u00edssimos internos recebiam benef\u00edcios previdenci\u00e1rios. Para conseguir alguns trocados, no final de cada m\u00eas eram visitados os\u00a0comerciantes dos bairros pr\u00f3ximos solicitando doa\u00e7\u00f5es que eram registradas em um caderno. Para mim a Irm\u00e3 Silv\u00e2nia era uma m\u00e1quina ligada 24 horas por dia na tomada. N\u00e3o descansava. Mais tarde, j\u00e1 com a Irm\u00e3 Oneyde Miotto substituindo a Irm\u00e3 Silv\u00e2nia, o ingresso de novos membros vicentinos com mais penetra\u00e7\u00e3o na sociedade urbana e rural (Am\u00e9rico Macagnan, Ricardo Stefanello, Lino Ceretta, D\u00e9cio Borges Caino, Jo\u00e3o Durigon Sobrinho, Anthero Miguel Stefanello e outros),\u00a0aumentou a capacidade de mobiliza\u00e7\u00e3o da comunidade e as doa\u00e7\u00f5es aumentaram sensivelmente. A Irm\u00e3 Oneyde foi outra diretora que marcou \u00e9poca em nosso Asilo. Dificilmente se deitava para descansar antes da meia noite. Primeiro visitava os leitos para verificar se os idosos estavam bem agasalhados e tinham cobertores suficientes. Na \u00e9poca da dire\u00e7\u00e3o da Irm\u00e3 Oneyde, retornou ao Asilo a Irm\u00e3 Lib\u00e9ria Lumasseger, que foi das\u00a0primeiras irm\u00e3s\u00a0que chegaram\u00a0no asilo em janeiro de 1944. Feliz daqueles que tiveram o prazer de ouvir a narrativa dos acontecimentos (pontos positivos e dificuldades) de sua gest\u00e3o. Era muito inteligente. Tinha um esp\u00edrito de ren\u00fancia e sacrificio que surpreendiam. Como era \u00a0austr\u00edaca, recebia\u00a0correspond\u00eancias\u00a0dos parentes e amigos. Para que Deus socorresse o Asilo em suas necessidades, adiava a abertura e leitura das mesmas, por quinze ou vinte dias.<\/em><\/p>\n\n\n\n<p><em>A presen\u00e7a das Irm\u00e3s Religiosas, acompanhada\u00a0pela dedica\u00e7\u00e3o primordial e indispens\u00e1vel dos vicentinos e colaboradores foi fundamental para a instala\u00e7\u00e3o de um clima de muita credibilidade do Asilo junto a sociedade, tanto em \u00e2mbito Iocal como regional. As doa\u00e7\u00f5es se multiplicavam e,\u00a0acrescidas de bons resultados da Festa anual em honra de Santo Ant\u00f4nio, foram decisivos para in\u00fameras iniciativas de\u00a0amplia\u00e7\u00e3o\u00a0e qualifica\u00e7\u00e3o\u00a0do atendimento prestado pela institui\u00e7\u00e3o a sua clientela, principalmente nas \u00e1reas de recursos humanos, nutri\u00e7\u00e3o e sa\u00fade.<\/em><\/p>\n\n\n\n<p><em>Todas as demais Irm\u00e3s que serviram nosso asilo, inclu\u00eddas as que ocuparam a dire\u00e7\u00e3o interna, foram pilares, fermento de dedica\u00e7\u00e3o e trabalho abnegado e crist\u00e3o\u00a0que, juntamente com os Vicentinos e familiares, membros do clero, funcion\u00e1rios, idosos e doadores (locais e regionais), elevaram\u00a0a institui\u00e7\u00e3o a um patamar de boa qualidade e solidez.<\/em><\/p>\n\n\n\n<p><em>Enfim, queridas e estimadas Irm\u00e3s: Estamos nos afastando fisicamente, mas vamos \u00a0continuar pr\u00f3ximos firmes no caminho da F\u00e9, da Esperan\u00e7a e da Caridade. Dizer-lhes \u201cmuito obrigado\u201d\u00a0por tanta dedica\u00e7\u00e3o, tantos sacrif\u00edcios, por tantas ren\u00fancias, por longos setenta e nove\u00a0anos\u00a0em prol dos assistidos de nosso Asilo Santo Ant\u00f4nio, \u00e9 muito pouco. Queremos expressar nossa imorredoura Gratid\u00e3o em nome de Idosos, Vicentinos, Funcion\u00e1rios e Funcion\u00e1rias, de nosso Assistente Eclesi\u00e1stico (Padre M\u00e1rcio Laufert) e de todos nossos benfeitores dos munic\u00edpios de Cruz Alta e arredores.<\/em><\/p>\n\n\n\n<p><em>Para finalizar consideramos oportuno deixar duas cita\u00e7\u00f5es para reflex\u00e3o de todos os presentes:\u00a0\u201cA felicidade est\u00e1 numa l\u00e1grima que se enxuga, num sorriso que se faz despontar, num anci\u00e3o que se consola&#8221;(Van Der Meersch) . &#8220;A caridade consiste em fazer e n\u00e3o em imaginar o que poderia ser feito, o que os outros poderiam fazer, o que teria sido necess\u00e1rio fazer, o que eu faria, se as coisas se apresentassem de maneira diferente&#8221; (H. Sanson) .<\/em><\/p>\n\n\n\n<p class=\"has-text-align-right has-small-font-size\">Escrita por Irineu Ehmke em nome do Asilo Santo Ant\u00f4nio<\/p>\n\n\n\n<p><\/p>\n\n\n\n<figure class=\"wp-block-gallery has-nested-images columns-default is-cropped wp-block-gallery-1 is-layout-flex wp-block-gallery-is-layout-flex\">\n<figure class=\"wp-block-image size-large\"><img loading=\"lazy\" decoding=\"async\" width=\"800\" height=\"450\" data-id=\"2306\" src=\"https:\/\/franciscanas.org\/portal\/brasil\/wp-content\/uploads\/sites\/5\/2023\/03\/calta1.png\" alt=\"\" class=\"wp-image-2306\" srcset=\"https:\/\/franciscanas.org\/portal\/brasil\/wp-content\/uploads\/sites\/5\/2023\/03\/calta1.png 800w, https:\/\/franciscanas.org\/portal\/brasil\/wp-content\/uploads\/sites\/5\/2023\/03\/calta1-480x270.png 480w\" sizes=\"(min-width: 0px) and (max-width: 480px) 480px, (min-width: 481px) 800px, 100vw\" \/><\/figure>\n\n\n\n<figure class=\"wp-block-image size-large\"><img loading=\"lazy\" decoding=\"async\" width=\"800\" height=\"450\" data-id=\"2297\" src=\"https:\/\/franciscanas.org\/portal\/brasil\/wp-content\/uploads\/sites\/5\/2023\/03\/calta3.png\" alt=\"\" class=\"wp-image-2297\" srcset=\"https:\/\/franciscanas.org\/portal\/brasil\/wp-content\/uploads\/sites\/5\/2023\/03\/calta3.png 800w, https:\/\/franciscanas.org\/portal\/brasil\/wp-content\/uploads\/sites\/5\/2023\/03\/calta3-480x270.png 480w\" sizes=\"(min-width: 0px) and (max-width: 480px) 480px, (min-width: 481px) 800px, 100vw\" \/><\/figure>\n\n\n\n<figure class=\"wp-block-image size-large\"><img loading=\"lazy\" decoding=\"async\" width=\"800\" height=\"450\" data-id=\"2305\" src=\"https:\/\/franciscanas.org\/portal\/brasil\/wp-content\/uploads\/sites\/5\/2023\/03\/calta4.png\" alt=\"\" class=\"wp-image-2305\" srcset=\"https:\/\/franciscanas.org\/portal\/brasil\/wp-content\/uploads\/sites\/5\/2023\/03\/calta4.png 800w, https:\/\/franciscanas.org\/portal\/brasil\/wp-content\/uploads\/sites\/5\/2023\/03\/calta4-480x270.png 480w\" sizes=\"(min-width: 0px) and (max-width: 480px) 480px, (min-width: 481px) 800px, 100vw\" \/><\/figure>\n\n\n\n<figure class=\"wp-block-image size-large\"><img loading=\"lazy\" decoding=\"async\" width=\"800\" height=\"450\" data-id=\"2304\" src=\"https:\/\/franciscanas.org\/portal\/brasil\/wp-content\/uploads\/sites\/5\/2023\/03\/calta5.png\" alt=\"\" class=\"wp-image-2304\" srcset=\"https:\/\/franciscanas.org\/portal\/brasil\/wp-content\/uploads\/sites\/5\/2023\/03\/calta5.png 800w, https:\/\/franciscanas.org\/portal\/brasil\/wp-content\/uploads\/sites\/5\/2023\/03\/calta5-480x270.png 480w\" sizes=\"(min-width: 0px) and (max-width: 480px) 480px, (min-width: 481px) 800px, 100vw\" \/><\/figure>\n\n\n\n<figure class=\"wp-block-image size-large\"><img loading=\"lazy\" decoding=\"async\" width=\"800\" height=\"450\" data-id=\"2301\" src=\"https:\/\/franciscanas.org\/portal\/brasil\/wp-content\/uploads\/sites\/5\/2023\/03\/calta6.png\" alt=\"\" class=\"wp-image-2301\" srcset=\"https:\/\/franciscanas.org\/portal\/brasil\/wp-content\/uploads\/sites\/5\/2023\/03\/calta6.png 800w, https:\/\/franciscanas.org\/portal\/brasil\/wp-content\/uploads\/sites\/5\/2023\/03\/calta6-480x270.png 480w\" sizes=\"(min-width: 0px) and (max-width: 480px) 480px, (min-width: 481px) 800px, 100vw\" \/><\/figure>\n\n\n\n<figure class=\"wp-block-image size-large\"><img loading=\"lazy\" decoding=\"async\" width=\"800\" height=\"450\" data-id=\"2300\" src=\"https:\/\/franciscanas.org\/portal\/brasil\/wp-content\/uploads\/sites\/5\/2023\/03\/calta7.png\" alt=\"\" class=\"wp-image-2300\" srcset=\"https:\/\/franciscanas.org\/portal\/brasil\/wp-content\/uploads\/sites\/5\/2023\/03\/calta7.png 800w, https:\/\/franciscanas.org\/portal\/brasil\/wp-content\/uploads\/sites\/5\/2023\/03\/calta7-480x270.png 480w\" sizes=\"(min-width: 0px) and (max-width: 480px) 480px, (min-width: 481px) 800px, 100vw\" \/><\/figure>\n\n\n\n<figure class=\"wp-block-image size-large\"><img loading=\"lazy\" decoding=\"async\" width=\"800\" height=\"450\" data-id=\"2295\" src=\"https:\/\/franciscanas.org\/portal\/brasil\/wp-content\/uploads\/sites\/5\/2023\/03\/calta8.png\" alt=\"\" class=\"wp-image-2295\" srcset=\"https:\/\/franciscanas.org\/portal\/brasil\/wp-content\/uploads\/sites\/5\/2023\/03\/calta8.png 800w, https:\/\/franciscanas.org\/portal\/brasil\/wp-content\/uploads\/sites\/5\/2023\/03\/calta8-480x270.png 480w\" sizes=\"(min-width: 0px) and (max-width: 480px) 480px, (min-width: 481px) 800px, 100vw\" \/><\/figure>\n\n\n\n<figure class=\"wp-block-image size-large\"><img loading=\"lazy\" decoding=\"async\" width=\"800\" height=\"450\" data-id=\"2298\" src=\"https:\/\/franciscanas.org\/portal\/brasil\/wp-content\/uploads\/sites\/5\/2023\/03\/calta9.png\" alt=\"\" class=\"wp-image-2298\" srcset=\"https:\/\/franciscanas.org\/portal\/brasil\/wp-content\/uploads\/sites\/5\/2023\/03\/calta9.png 800w, https:\/\/franciscanas.org\/portal\/brasil\/wp-content\/uploads\/sites\/5\/2023\/03\/calta9-480x270.png 480w\" sizes=\"(min-width: 0px) and (max-width: 480px) 480px, (min-width: 481px) 800px, 100vw\" \/><\/figure>\n\n\n\n<figure class=\"wp-block-image size-large\"><img loading=\"lazy\" decoding=\"async\" width=\"800\" height=\"450\" data-id=\"2302\" src=\"https:\/\/franciscanas.org\/portal\/brasil\/wp-content\/uploads\/sites\/5\/2023\/03\/calta10.png\" alt=\"\" class=\"wp-image-2302\" srcset=\"https:\/\/franciscanas.org\/portal\/brasil\/wp-content\/uploads\/sites\/5\/2023\/03\/calta10.png 800w, https:\/\/franciscanas.org\/portal\/brasil\/wp-content\/uploads\/sites\/5\/2023\/03\/calta10-480x270.png 480w\" sizes=\"(min-width: 0px) and (max-width: 480px) 480px, (min-width: 481px) 800px, 100vw\" \/><\/figure>\n\n\n\n<figure class=\"wp-block-image size-large\"><img loading=\"lazy\" decoding=\"async\" width=\"800\" height=\"450\" data-id=\"2303\" src=\"https:\/\/franciscanas.org\/portal\/brasil\/wp-content\/uploads\/sites\/5\/2023\/03\/calta11.png\" alt=\"\" class=\"wp-image-2303\" srcset=\"https:\/\/franciscanas.org\/portal\/brasil\/wp-content\/uploads\/sites\/5\/2023\/03\/calta11.png 800w, https:\/\/franciscanas.org\/portal\/brasil\/wp-content\/uploads\/sites\/5\/2023\/03\/calta11-480x270.png 480w\" sizes=\"(min-width: 0px) and (max-width: 480px) 480px, (min-width: 481px) 800px, 100vw\" \/><\/figure>\n\n\n\n<figure class=\"wp-block-image size-large\"><img loading=\"lazy\" decoding=\"async\" width=\"800\" height=\"450\" data-id=\"2299\" src=\"https:\/\/franciscanas.org\/portal\/brasil\/wp-content\/uploads\/sites\/5\/2023\/03\/calta12.png\" alt=\"\" class=\"wp-image-2299\" srcset=\"https:\/\/franciscanas.org\/portal\/brasil\/wp-content\/uploads\/sites\/5\/2023\/03\/calta12.png 800w, https:\/\/franciscanas.org\/portal\/brasil\/wp-content\/uploads\/sites\/5\/2023\/03\/calta12-480x270.png 480w\" sizes=\"(min-width: 0px) and (max-width: 480px) 480px, (min-width: 481px) 800px, 100vw\" \/><\/figure>\n\n\n\n<figure class=\"wp-block-image size-large\"><img loading=\"lazy\" decoding=\"async\" width=\"800\" height=\"450\" data-id=\"2296\" src=\"https:\/\/franciscanas.org\/portal\/brasil\/wp-content\/uploads\/sites\/5\/2023\/03\/calta13.png\" alt=\"\" class=\"wp-image-2296\" srcset=\"https:\/\/franciscanas.org\/portal\/brasil\/wp-content\/uploads\/sites\/5\/2023\/03\/calta13.png 800w, https:\/\/franciscanas.org\/portal\/brasil\/wp-content\/uploads\/sites\/5\/2023\/03\/calta13-480x270.png 480w\" sizes=\"(min-width: 0px) and (max-width: 480px) 480px, (min-width: 481px) 800px, 100vw\" \/><\/figure>\n\n\n\n<figure class=\"wp-block-image size-large\"><img loading=\"lazy\" decoding=\"async\" width=\"800\" height=\"450\" data-id=\"2308\" src=\"https:\/\/franciscanas.org\/portal\/brasil\/wp-content\/uploads\/sites\/5\/2023\/03\/calta14.png\" alt=\"\" class=\"wp-image-2308\" srcset=\"https:\/\/franciscanas.org\/portal\/brasil\/wp-content\/uploads\/sites\/5\/2023\/03\/calta14.png 800w, https:\/\/franciscanas.org\/portal\/brasil\/wp-content\/uploads\/sites\/5\/2023\/03\/calta14-480x270.png 480w\" sizes=\"(min-width: 0px) and (max-width: 480px) 480px, (min-width: 481px) 800px, 100vw\" \/><\/figure>\n\n\n\n<figure class=\"wp-block-image size-large\"><img loading=\"lazy\" decoding=\"async\" width=\"800\" height=\"450\" data-id=\"2307\" src=\"https:\/\/franciscanas.org\/portal\/brasil\/wp-content\/uploads\/sites\/5\/2023\/03\/calta15.png\" alt=\"\" class=\"wp-image-2307\" srcset=\"https:\/\/franciscanas.org\/portal\/brasil\/wp-content\/uploads\/sites\/5\/2023\/03\/calta15.png 800w, https:\/\/franciscanas.org\/portal\/brasil\/wp-content\/uploads\/sites\/5\/2023\/03\/calta15-480x270.png 480w\" sizes=\"(min-width: 0px) and (max-width: 480px) 480px, (min-width: 481px) 800px, 100vw\" \/><\/figure>\n<\/figure>\n","protected":false},"excerpt":{"rendered":"<p>No dia 28 de janeiro de 2023, ap\u00f3s 97 anos de presen\u00e7a na cidade, as Irm\u00e3s Franciscanas Mission\u00e1rias de Maria Auxiliadora encerram a presen\u00e7a em Cruz Alta, estado do Rio Grande do Sul, Brasil. <\/p>\n","protected":false},"author":1,"featured_media":2294,"comment_status":"closed","ping_status":"closed","sticky":false,"template":"","format":"standard","meta":{"_et_pb_use_builder":"off","_et_pb_old_content":"","_et_gb_content_width":"1200","footnotes":""},"categories":[8],"tags":[],"class_list":["post-2293","post","type-post","status-publish","format-standard","has-post-thumbnail","hentry","category-noticias"],"_links":{"self":[{"href":"https:\/\/franciscanas.org\/portal\/brasil\/wp-json\/wp\/v2\/posts\/2293","targetHints":{"allow":["GET"]}}],"collection":[{"href":"https:\/\/franciscanas.org\/portal\/brasil\/wp-json\/wp\/v2\/posts"}],"about":[{"href":"https:\/\/franciscanas.org\/portal\/brasil\/wp-json\/wp\/v2\/types\/post"}],"author":[{"embeddable":true,"href":"https:\/\/franciscanas.org\/portal\/brasil\/wp-json\/wp\/v2\/users\/1"}],"replies":[{"embeddable":true,"href":"https:\/\/franciscanas.org\/portal\/brasil\/wp-json\/wp\/v2\/comments?post=2293"}],"version-history":[{"count":2,"href":"https:\/\/franciscanas.org\/portal\/brasil\/wp-json\/wp\/v2\/posts\/2293\/revisions"}],"predecessor-version":[{"id":2310,"href":"https:\/\/franciscanas.org\/portal\/brasil\/wp-json\/wp\/v2\/posts\/2293\/revisions\/2310"}],"wp:featuredmedia":[{"embeddable":true,"href":"https:\/\/franciscanas.org\/portal\/brasil\/wp-json\/wp\/v2\/media\/2294"}],"wp:attachment":[{"href":"https:\/\/franciscanas.org\/portal\/brasil\/wp-json\/wp\/v2\/media?parent=2293"}],"wp:term":[{"taxonomy":"category","embeddable":true,"href":"https:\/\/franciscanas.org\/portal\/brasil\/wp-json\/wp\/v2\/categories?post=2293"},{"taxonomy":"post_tag","embeddable":true,"href":"https:\/\/franciscanas.org\/portal\/brasil\/wp-json\/wp\/v2\/tags?post=2293"}],"curies":[{"name":"wp","href":"https:\/\/api.w.org\/{rel}","templated":true}]}}