{"id":2266,"date":"2023-03-04T06:00:00","date_gmt":"2023-03-04T09:00:00","guid":{"rendered":"https:\/\/franciscanas.org\/portal\/brasil\/?p=2266"},"modified":"2023-03-08T18:06:17","modified_gmt":"2023-03-08T21:06:17","slug":"retiro-congregacional-2023-as-virtudes-de-santa-maria-bernarda","status":"publish","type":"post","link":"https:\/\/franciscanas.org\/portal\/brasil\/noticias\/retiro-congregacional-2023-as-virtudes-de-santa-maria-bernarda\/","title":{"rendered":"Retiro congregacional 2023: As Virtudes de Santa Maria Bernarda"},"content":{"rendered":"\n<p>No per\u00edodo de 06 a 11 de fevereiro de 2023, na Fraternidade Maria Auxiliadora em Quito no Equador, aconteceu a primeira edi\u00e7\u00e3o do Retiro Anual Congregacional de 2023. Na ocasi\u00e3o, participaram as irm\u00e3s das Equipes de Governo da Congrega\u00e7\u00e3o, a n\u00edvel geral e a n\u00edvel regional.<\/p>\n\n\n\n<p>O Retiro Congregacional deste ano foi preparado e, na oportunidade, motivado pela Equipe de Anima\u00e7\u00e3o da Regi\u00e3o Mission\u00e1ria Santa Maria Bernarda, que tem sua sede em Funza, Cundinamarca, Col\u00f4mbia. Em 2023, traz como tema as virtudes heroicas de Santa Maria Bernarda, baseado no livro Heroicidades das Virtudes, texto produzido durante o processo can\u00f4nico para o reconhecimento da santidade de Madre Bernarda.<\/p>\n\n\n\n<p>O retiro anual \u00e9 sempre uma oportunidade para as pessoas que assumem a vida consagrada encontrarem-se com Jesus Cristo e confrontar o projeto pessoal de vida com os ensinamentos do Mestre. \u00c9 tamb\u00e9m, um tempo oportuno de aprofundamento da espiritualidade pr\u00f3pria, segundo o carisma espec\u00edfico.<\/p>\n\n\n\n<p>As Irm\u00e3s Franciscanas Mission\u00e1rias de Maria Auxiliadora, no retiro de 2023 retomam as virtudes da Fundadora no ano preparat\u00f3rio ao Centen\u00e1rio de morte de Santa Maria Bernarda a ser celebrado em 2024.<\/p>\n\n\n\n<p>A estrutura do Retiro Anual a ser vivenciado por todas as irm\u00e3s de 2023 \u00e9 a seguinte:<br>1\u00ba Dia &#8211; O caminho da f\u00e9 e da esperan\u00e7a em Santa Maria Bernarda;<br>2\u00ba Dia &#8211; O caminho da caridade com rela\u00e7\u00e3o a Deus e ao pr\u00f3ximo em Santa Maria Bernarda;<br>3\u00ba Dia &#8211; O caminho da prud\u00eancia e da humildade em Santa Maria Bernarda;<br>4\u00ba Dia &#8211; O caminho da fortaleza e da temperan\u00e7a em Santa Maria Bernarda;<br>5\u00ba Dia &#8211; O caminho da pobreza, obedi\u00eancia e castidade em Santa Maria Bernarda;<br>6\u00ba Dia &#8211; O caminho de fidelidade ao Senhor em Santa Maria Bernarda;<\/p>\n\n\n\n<p>Neste tempo de ressignifica\u00e7\u00e3o congregacional em aten\u00e7\u00e3o aos apelos do Esp\u00edrito Santo, a retomada das virtudes heroicas de Santa Maria Bernarda torna-se insumo significativo para perseverar com criatividade no seguimento de Jesus, em fidelidade \u00e0 Alian\u00e7a.<\/p>\n\n\n\n<p><\/p>\n\n\n\n<figure class=\"wp-block-gallery has-nested-images columns-default is-cropped wp-block-gallery-1 is-layout-flex wp-block-gallery-is-layout-flex\">\n<figure class=\"wp-block-image size-large\"><img loading=\"lazy\" decoding=\"async\" width=\"1024\" height=\"461\" data-id=\"2271\" src=\"https:\/\/franciscanas.org\/portal\/brasil\/wp-content\/uploads\/sites\/5\/2023\/03\/retiro-1-1024x461.png\" alt=\"\" class=\"wp-image-2271\" srcset=\"https:\/\/franciscanas.org\/portal\/brasil\/wp-content\/uploads\/sites\/5\/2023\/03\/retiro-1-980x441.png 980w, https:\/\/franciscanas.org\/portal\/brasil\/wp-content\/uploads\/sites\/5\/2023\/03\/retiro-1-480x216.png 480w\" sizes=\"(min-width: 0px) and (max-width: 480px) 480px, (min-width: 481px) and (max-width: 980px) 980px, (min-width: 981px) 1024px, 100vw\" \/><\/figure>\n\n\n\n<figure class=\"wp-block-image size-large\"><img loading=\"lazy\" decoding=\"async\" width=\"1024\" height=\"461\" data-id=\"2270\" src=\"https:\/\/franciscanas.org\/portal\/brasil\/wp-content\/uploads\/sites\/5\/2023\/03\/retiro-3-1024x461.png\" alt=\"\" class=\"wp-image-2270\" srcset=\"https:\/\/franciscanas.org\/portal\/brasil\/wp-content\/uploads\/sites\/5\/2023\/03\/retiro-3-980x441.png 980w, https:\/\/franciscanas.org\/portal\/brasil\/wp-content\/uploads\/sites\/5\/2023\/03\/retiro-3-480x216.png 480w\" sizes=\"(min-width: 0px) and (max-width: 480px) 480px, (min-width: 481px) and (max-width: 980px) 980px, (min-width: 981px) 1024px, 100vw\" \/><\/figure>\n\n\n\n<figure class=\"wp-block-image size-large\"><img loading=\"lazy\" decoding=\"async\" width=\"1024\" height=\"461\" data-id=\"2272\" src=\"https:\/\/franciscanas.org\/portal\/brasil\/wp-content\/uploads\/sites\/5\/2023\/03\/retiro-4-1024x461.png\" alt=\"\" class=\"wp-image-2272\" srcset=\"https:\/\/franciscanas.org\/portal\/brasil\/wp-content\/uploads\/sites\/5\/2023\/03\/retiro-4-980x441.png 980w, https:\/\/franciscanas.org\/portal\/brasil\/wp-content\/uploads\/sites\/5\/2023\/03\/retiro-4-480x216.png 480w\" sizes=\"(min-width: 0px) and (max-width: 480px) 480px, (min-width: 481px) and (max-width: 980px) 980px, (min-width: 981px) 1024px, 100vw\" \/><\/figure>\n\n\n\n<figure class=\"wp-block-image size-large\"><img loading=\"lazy\" decoding=\"async\" width=\"1024\" height=\"461\" data-id=\"2273\" src=\"https:\/\/franciscanas.org\/portal\/brasil\/wp-content\/uploads\/sites\/5\/2023\/03\/retiro-5-1024x461.png\" alt=\"\" class=\"wp-image-2273\" srcset=\"https:\/\/franciscanas.org\/portal\/brasil\/wp-content\/uploads\/sites\/5\/2023\/03\/retiro-5-980x441.png 980w, https:\/\/franciscanas.org\/portal\/brasil\/wp-content\/uploads\/sites\/5\/2023\/03\/retiro-5-480x216.png 480w\" sizes=\"(min-width: 0px) and (max-width: 480px) 480px, (min-width: 481px) and (max-width: 980px) 980px, (min-width: 981px) 1024px, 100vw\" \/><\/figure>\n<\/figure>\n","protected":false},"excerpt":{"rendered":"<p>O retiro anual \u00e9 sempre uma oportunidade para as pessoas que assumem a vida consagrada encontrarem-se com Jesus Cristo e confrontar o projeto pessoal de vida com os ensinamentos do Mestre. \u00c9 tamb\u00e9m, um tempo oportuno de aprofundamento da espiritualidade pr\u00f3pria, segundo o carisma espec\u00edfico.<\/p>\n","protected":false},"author":1,"featured_media":2267,"comment_status":"closed","ping_status":"closed","sticky":false,"template":"","format":"standard","meta":{"_et_pb_use_builder":"off","_et_pb_old_content":"","_et_gb_content_width":"1200","footnotes":""},"categories":[8],"tags":[],"class_list":["post-2266","post","type-post","status-publish","format-standard","has-post-thumbnail","hentry","category-noticias"],"_links":{"self":[{"href":"https:\/\/franciscanas.org\/portal\/brasil\/wp-json\/wp\/v2\/posts\/2266","targetHints":{"allow":["GET"]}}],"collection":[{"href":"https:\/\/franciscanas.org\/portal\/brasil\/wp-json\/wp\/v2\/posts"}],"about":[{"href":"https:\/\/franciscanas.org\/portal\/brasil\/wp-json\/wp\/v2\/types\/post"}],"author":[{"embeddable":true,"href":"https:\/\/franciscanas.org\/portal\/brasil\/wp-json\/wp\/v2\/users\/1"}],"replies":[{"embeddable":true,"href":"https:\/\/franciscanas.org\/portal\/brasil\/wp-json\/wp\/v2\/comments?post=2266"}],"version-history":[{"count":2,"href":"https:\/\/franciscanas.org\/portal\/brasil\/wp-json\/wp\/v2\/posts\/2266\/revisions"}],"predecessor-version":[{"id":2274,"href":"https:\/\/franciscanas.org\/portal\/brasil\/wp-json\/wp\/v2\/posts\/2266\/revisions\/2274"}],"wp:featuredmedia":[{"embeddable":true,"href":"https:\/\/franciscanas.org\/portal\/brasil\/wp-json\/wp\/v2\/media\/2267"}],"wp:attachment":[{"href":"https:\/\/franciscanas.org\/portal\/brasil\/wp-json\/wp\/v2\/media?parent=2266"}],"wp:term":[{"taxonomy":"category","embeddable":true,"href":"https:\/\/franciscanas.org\/portal\/brasil\/wp-json\/wp\/v2\/categories?post=2266"},{"taxonomy":"post_tag","embeddable":true,"href":"https:\/\/franciscanas.org\/portal\/brasil\/wp-json\/wp\/v2\/tags?post=2266"}],"curies":[{"name":"wp","href":"https:\/\/api.w.org\/{rel}","templated":true}]}}