{"id":2214,"date":"2023-01-31T17:08:00","date_gmt":"2023-01-31T20:08:00","guid":{"rendered":"https:\/\/franciscanas.org\/portal\/brasil\/?p=2214"},"modified":"2023-02-04T08:20:08","modified_gmt":"2023-02-04T11:20:08","slug":"o-entardecer-da-vida","status":"publish","type":"post","link":"https:\/\/franciscanas.org\/portal\/brasil\/noticias\/o-entardecer-da-vida\/","title":{"rendered":"O Entardecer da Vida"},"content":{"rendered":"\n<p><br>A idade avan\u00e7ada \u00e9 uma b\u00ean\u00e7\u00e3o de Deus, afirma a Sagrada Escritura. A Regi\u00e3o Mission\u00e1ria S\u00e3o Francisco de Assis olha com carinho e gratid\u00e3o para aquelas irm\u00e3s que foram pioneiras, que nos antecederam, constru\u00edram hist\u00f3ria, abriram caminho e nos deixaram um grande legado com sua vida, seu testemunho de fidelidade e desprendimento e com sua incans\u00e1vel miss\u00e3o. Por isso se empenha por oferecer \u00e0s irm\u00e3s que est\u00e3o no entardecer de sua vida um atendimento digno e humanit\u00e1rio, um cuidado integral.<\/p>\n\n\n\n<p>Hoje as pessoas vivem mais longamente, fruto do desenvolvimento social e cient\u00edfico que o mundo alcan\u00e7ou. Mas constatamos que, em nossa sociedade atual, a beleza e a juventude s\u00e3o \u00edcones e o envelhecimento \u00e9 encarado como derrota. Muito diferente das civiliza\u00e7\u00f5es orientais nas quais os idosos s\u00e3o considerados s\u00e1bios por sua experi\u00eancia, os nossos idosos s\u00e3o colocados \u00e0 margem da fam\u00edlia e da sociedade.<\/p>\n\n\n\n<p>Sabemos que envelhecer \u00e9 uma gra\u00e7a e empreendemos todos os esfor\u00e7os necess\u00e1rios para que nossas irm\u00e3s, j\u00e1 avan\u00e7adas em anos e todas no devido momento, tenhamos um envelhecimento saud\u00e1vel. Para isso, a Regi\u00e3o Mission\u00e1ria S\u00e3o Francisco de Assis mant\u00e9m uma casa Bet\u00e2nia, em Passo Fundo, onde oferece os cuidados respectivos para a as irm\u00e3s idosas e enfermas, j\u00e1 limitadas. \u00c9 um residencial adequado, com m\u00e9dico, enfermeiras, cuidadoras, assist\u00eancia espiritual e pessoal para todos os servi\u00e7os necess\u00e1rios, um espa\u00e7o humanizado, com \u00e1rea verde para tornar ambiente mais adequado.<\/p>\n\n\n\n<p>Al\u00e9m dessa fraternidade Bet\u00e2nia, h\u00e1 uma fraternidade em Marau\/RS, e uma em Xanxer\u00ea\/SC onde s\u00e3o acompanhadas e atendidas irm\u00e3s que est\u00e3o no entardecer de sua vida, mas ainda mant\u00eam certa autonomia, lucidez e sa\u00fade.<br>Em todas as nossas fraternidades h\u00e1 irm\u00e3s que se encontram no entardecer da vida. \u00c9 importante, em todas as fases da exist\u00eancia, manter a sa\u00fade f\u00edsica e mental.<\/p>\n\n\n\n<p>Bendito seja Deus pelo dom da vida, pelo cuidado misericordioso que vamos nos oferecendo  fraternalmente, administrando as provas impostas pela vida para desfrutar de um envelhecimento mais saud\u00e1vel.<\/p>\n\n\n\n<p><\/p>\n\n\n\n<figure class=\"wp-block-gallery has-nested-images columns-default is-cropped wp-block-gallery-1 is-layout-flex wp-block-gallery-is-layout-flex\">\n<figure class=\"wp-block-image size-large\"><img loading=\"lazy\" decoding=\"async\" width=\"791\" height=\"1024\" data-id=\"2216\" src=\"https:\/\/franciscanas.org\/portal\/brasil\/wp-content\/uploads\/sites\/5\/2023\/02\/entardecer-3-791x1024.jpg\" alt=\"\" class=\"wp-image-2216\" srcset=\"https:\/\/franciscanas.org\/portal\/brasil\/wp-content\/uploads\/sites\/5\/2023\/02\/entardecer-3-791x1024.jpg 791w, https:\/\/franciscanas.org\/portal\/brasil\/wp-content\/uploads\/sites\/5\/2023\/02\/entardecer-3-480x622.jpg 480w\" sizes=\"(min-width: 0px) and (max-width: 480px) 480px, (min-width: 481px) 791px, 100vw\" \/><\/figure>\n\n\n\n<figure class=\"wp-block-image size-large\"><img loading=\"lazy\" decoding=\"async\" width=\"1024\" height=\"714\" data-id=\"2218\" src=\"https:\/\/franciscanas.org\/portal\/brasil\/wp-content\/uploads\/sites\/5\/2023\/02\/entardecer-4-1024x714.jpg\" alt=\"\" class=\"wp-image-2218\" srcset=\"https:\/\/franciscanas.org\/portal\/brasil\/wp-content\/uploads\/sites\/5\/2023\/02\/entardecer-4-1024x714.jpg 1024w, https:\/\/franciscanas.org\/portal\/brasil\/wp-content\/uploads\/sites\/5\/2023\/02\/entardecer-4-980x683.jpg 980w, https:\/\/franciscanas.org\/portal\/brasil\/wp-content\/uploads\/sites\/5\/2023\/02\/entardecer-4-480x335.jpg 480w\" sizes=\"(min-width: 0px) and (max-width: 480px) 480px, (min-width: 481px) and (max-width: 980px) 980px, (min-width: 981px) 1024px, 100vw\" \/><\/figure>\n\n\n\n<figure class=\"wp-block-image size-large\"><img loading=\"lazy\" decoding=\"async\" width=\"900\" height=\"706\" data-id=\"2217\" src=\"https:\/\/franciscanas.org\/portal\/brasil\/wp-content\/uploads\/sites\/5\/2023\/02\/entardecer-5.jpg\" alt=\"\" class=\"wp-image-2217\" srcset=\"https:\/\/franciscanas.org\/portal\/brasil\/wp-content\/uploads\/sites\/5\/2023\/02\/entardecer-5.jpg 900w, https:\/\/franciscanas.org\/portal\/brasil\/wp-content\/uploads\/sites\/5\/2023\/02\/entardecer-5-480x377.jpg 480w\" sizes=\"(min-width: 0px) and (max-width: 480px) 480px, (min-width: 481px) 900px, 100vw\" \/><\/figure>\n<\/figure>\n","protected":false},"excerpt":{"rendered":"<p>A idade avan\u00e7ada \u00e9 uma b\u00ean\u00e7\u00e3o de Deus, afirma a Sagrada Escritura. A Regi\u00e3o Mission\u00e1ria S\u00e3o Francisco de Assis olha com carinho e gratid\u00e3o para aquelas irm\u00e3s que foram pioneiras, que nos antecederam, constru\u00edram hist\u00f3ria, abriram caminho e nos deixaram um grande legado com sua vida, seu testemunho de fidelidade e desprendimento e com sua [&hellip;]<\/p>\n","protected":false},"author":1,"featured_media":2215,"comment_status":"closed","ping_status":"closed","sticky":false,"template":"","format":"standard","meta":{"_et_pb_use_builder":"off","_et_pb_old_content":"","_et_gb_content_width":"1200","footnotes":""},"categories":[8],"tags":[],"class_list":["post-2214","post","type-post","status-publish","format-standard","has-post-thumbnail","hentry","category-noticias"],"_links":{"self":[{"href":"https:\/\/franciscanas.org\/portal\/brasil\/wp-json\/wp\/v2\/posts\/2214","targetHints":{"allow":["GET"]}}],"collection":[{"href":"https:\/\/franciscanas.org\/portal\/brasil\/wp-json\/wp\/v2\/posts"}],"about":[{"href":"https:\/\/franciscanas.org\/portal\/brasil\/wp-json\/wp\/v2\/types\/post"}],"author":[{"embeddable":true,"href":"https:\/\/franciscanas.org\/portal\/brasil\/wp-json\/wp\/v2\/users\/1"}],"replies":[{"embeddable":true,"href":"https:\/\/franciscanas.org\/portal\/brasil\/wp-json\/wp\/v2\/comments?post=2214"}],"version-history":[{"count":1,"href":"https:\/\/franciscanas.org\/portal\/brasil\/wp-json\/wp\/v2\/posts\/2214\/revisions"}],"predecessor-version":[{"id":2219,"href":"https:\/\/franciscanas.org\/portal\/brasil\/wp-json\/wp\/v2\/posts\/2214\/revisions\/2219"}],"wp:featuredmedia":[{"embeddable":true,"href":"https:\/\/franciscanas.org\/portal\/brasil\/wp-json\/wp\/v2\/media\/2215"}],"wp:attachment":[{"href":"https:\/\/franciscanas.org\/portal\/brasil\/wp-json\/wp\/v2\/media?parent=2214"}],"wp:term":[{"taxonomy":"category","embeddable":true,"href":"https:\/\/franciscanas.org\/portal\/brasil\/wp-json\/wp\/v2\/categories?post=2214"},{"taxonomy":"post_tag","embeddable":true,"href":"https:\/\/franciscanas.org\/portal\/brasil\/wp-json\/wp\/v2\/tags?post=2214"}],"curies":[{"name":"wp","href":"https:\/\/api.w.org\/{rel}","templated":true}]}}