{"id":2151,"date":"2022-11-25T06:58:51","date_gmt":"2022-11-25T09:58:51","guid":{"rendered":"https:\/\/franciscanas.org\/portal\/brasil\/?p=2151"},"modified":"2022-11-25T07:00:06","modified_gmt":"2022-11-25T10:00:06","slug":"missao-evangelizadora-no-colegio-nuestra-senhora-das-mercedes-de-sincelejo-sucre-co","status":"publish","type":"post","link":"https:\/\/franciscanas.org\/portal\/brasil\/noticias\/missao-evangelizadora-no-colegio-nuestra-senhora-das-mercedes-de-sincelejo-sucre-co\/","title":{"rendered":"Miss\u00e3o Evangelizadora no Col\u00e9gio Nuestra Senhora das Mercedes de Sincelejo, Sucre\/CO"},"content":{"rendered":"\n<p>Na &#8220;flor da savana&#8221; Sincelejo, Sucre\/Col\u00f4mbia, as Irm\u00e3s Franciscanas Mission\u00e1rias de Maria Auxiliadora est\u00e3o presentes com sua miss\u00e3o evangelizadora de oitenta e nove anos de tradi\u00e7\u00e3o, no Col\u00e9gio Nossa Senhora das Mercedes, Institui\u00e7\u00e3o Educacional, com alto reconhecimento regional, forma\u00e7\u00e3o integral de alunos do humanismo crist\u00e3o, com excel\u00eancia acad\u00eamica, vivendo o Evangelho em seu trabalho educativo estendendo o reino de Deus. <\/p>\n\n\n\n<p>A presen\u00e7a do Col\u00e9gio Nossa Senhora das Mercedes na regi\u00e3o se consolidou ao longo dos anos, gra\u00e7as ao trabalho s\u00e9rio, ativo, diligente e comprometido das Irm\u00e3s, Diretoras, Professoras, Pessoal Administrativo e Operativo; que permitem cumprir com altru\u00edsmo e relev\u00e2ncia os processos administrativos, t\u00e9cnicos, cient\u00edficos e demais aspectos relacionados ao campo educacional, tarefa que \u00e9 reconhecida no setor educacional e no p\u00fablico em geral, como Institui\u00e7\u00e3o que forma uma forma\u00e7\u00e3o integral, respeitosa e respeitosa homens e mulheres, com especial sentido de valores, com a marca dos referentes espirituais S\u00e3o Francisco e Santa Maria Bernarda. Destaca-se especialmente que neste trabalho, cada Irm\u00e3 da pastoral e dos diversos cargos que exerce no Campus, com seu testemunho de vida e o alegre an\u00fancio da Palavra, tornam presente o Reino de Deus, exteriorizando-se no responsabilidade com o tempo e na hora errada, acompanhar pais, alunos, trabalhadores e toda a comunidade sincelejana, para onde se projeta, considerando assim, o meio ambiente de onde o Col\u00e9gio imprime seu selo diferencial. <\/p>\n\n\n\n<p>Com foco na pessoa, os processos de acompanhamento s\u00e3o orientados, a partir da pedagogia de Santa Maria Bernarda como mission\u00e1ria da Miseric\u00f3rdia, com a qual respondem as dimens\u00f5es socioemocionais e espirituais, como alternativa \u00e0s diferentes situa\u00e7\u00f5es vividas pelas fam\u00edlias deste s\u00e9culo 21. A pedagogia do acompanhamento tamb\u00e9m apoia o plano estrat\u00e9gico da Institui\u00e7\u00e3o, pois a forma como se desenvolve, cria v\u00ednculos, transforma, desperta o sentimento de pertencimento e provoca a incorpora\u00e7\u00e3o de novos benefici\u00e1rios. <\/p>\n\n\n\n<p>O Col\u00e9gio Nossa Senhora das Mercedes &#8220;Fam\u00edlia Mercedista&#8221;, uma combina\u00e7\u00e3o que n\u00e3o s\u00f3 denota duas palavras, porque na diversidade da comunidade pode-se experimentar a fraternidade e a unidade. Nesse sentido, os Mestres e demais obreiros se integraram e aprenderam com a experi\u00eancia de Amor a Deus das Irm\u00e3s Franciscanas Mission\u00e1rias de Maria Auxiliadora, que, por sua orienta\u00e7\u00e3o e orienta\u00e7\u00e3o, permearam seu trabalho. Um dia no Col\u00e9gio Nossa Senhora das Mercedes \u00e9 vivenciar a import\u00e2ncia da sua miss\u00e3o na educa\u00e7\u00e3o de crian\u00e7as e jovens, que, no conv\u00edvio com os seus pares e professores, crescem e desenvolvem o seu pr\u00f3prio sentido de identidade, com a distin\u00e7\u00e3o de valores e compet\u00eancias em as diferentes \u00e1reas do conhecimento, que se articulam com as grandes linhas do nosso espiritual institucional ao trabalho pedag\u00f3gico, social e pastoral em Comunidade, uma combina\u00e7\u00e3o que transforma e tem permitido o crescimento, reconhecimento e competitividade dos alunos em diferentes cen\u00e1rios com excelentes resultados . <\/p>\n\n\n\n<p>Deste modo, na fam\u00edlia Mercedista, a PAZ e o BEM permaneceram como marcas e marca do carisma institucional, que nada mais \u00e9 do que centralizar Jesus Cristo como eixo de toda a forma\u00e7\u00e3o. \u00c9 por isso que, a partir desta orienta\u00e7\u00e3o, em Col\u00e9gio Nossa Senhora das Mercedes, o projeto educativo d\u00e1 continuidade \u00e0s experi\u00eancias mission\u00e1rias da Comunidade e compromete os Pais das redes de pais e escola de fam\u00edlias no processo de forma\u00e7\u00e3o do seu filho, fortalecendo a integra\u00e7\u00e3o fam\u00edlia &#8211; escola e permite canais de participa\u00e7\u00e3o, di\u00e1logo e coopera\u00e7\u00e3o. <\/p>\n\n\n\n<p>Da mesma forma, este projeto educativo onde o Amor de Deus \u00e9 reflexo do amor ao pr\u00f3ximo e de toda a sua cria\u00e7\u00e3o, tem permitido aos alunos se interessarem por atividades de trabalho social e ambiental, enriquecidas com a Miss\u00e3o Pastoral da Irm\u00e3s na Institui\u00e7\u00e3o. , que deu origem a v\u00e1rias iniciativas e \u00e0 contribui\u00e7\u00e3o da Comunidade para o desenvolvimento de projetos institucionais e, assim, para a consecu\u00e7\u00e3o dos objetivos da miss\u00e3o. <\/p>\n\n\n\n<p>Atualmente, a escola conta com mil duzentos e setenta e um alunos, distribu\u00eddos nos n\u00edveis de Pr\u00e9-Escolar, Prim\u00e1rio B\u00e1sico, Secund\u00e1rio B\u00e1sico e N\u00edvel M\u00e9dio. Para o desenvolvimento dos processos, conta com cento e doze leigos e seis religiosos em tempo integral, treze professores conveniados com a Universidade do Norte, quatro estagi\u00e1rios do SENA, tr\u00eas estagi\u00e1rios em psicologia e dois em engenharia industrial da Universidade do Caribe Corpora\u00e7\u00e3o CECAR. , fortalecendo o trabalho t\u00e9cnico e psicossocial dos colaboradores. <\/p>\n\n\n\n<p>Com tudo isso, a Col\u00e9gio Nossa Senhora das Mercedes continua a vislumbrar para o ano de 2023 tem um plano estrat\u00e9gico que lhe permite crescer e se tornar uma institui\u00e7\u00e3o l\u00edder no Caribe colombiano, devido ao alto n\u00edvel na presta\u00e7\u00e3o de servi\u00e7os educacionais, destacada pela forma\u00e7\u00e3o de estudantes espirituais, com consci\u00eancia ecol\u00f3gica e intercultural, comprometidos com a pesquisa e transforma\u00e7\u00e3o social, cr\u00edtico e inovador, respons\u00e1vel pelo uso de novas tecnologias e capaz de interagir em uma l\u00edngua estrangeira (ingl\u00eas), respondendo \u00e0s necessidades deste s\u00e9culo.<\/p>\n\n\n\n<p><\/p>\n\n\n\n<figure class=\"wp-block-gallery has-nested-images columns-2 is-cropped wp-block-gallery-1 is-layout-flex wp-block-gallery-is-layout-flex\">\n<figure class=\"wp-block-image size-large\"><img loading=\"lazy\" decoding=\"async\" width=\"800\" height=\"531\" data-id=\"2156\" src=\"https:\/\/franciscanas.org\/portal\/brasil\/wp-content\/uploads\/sites\/5\/2022\/11\/nsmercedes-1-1.png\" alt=\"\" class=\"wp-image-2156\" srcset=\"https:\/\/franciscanas.org\/portal\/brasil\/wp-content\/uploads\/sites\/5\/2022\/11\/nsmercedes-1-1.png 800w, https:\/\/franciscanas.org\/portal\/brasil\/wp-content\/uploads\/sites\/5\/2022\/11\/nsmercedes-1-1-480x319.png 480w\" sizes=\"(min-width: 0px) and (max-width: 480px) 480px, (min-width: 481px) 800px, 100vw\" \/><\/figure>\n\n\n\n<figure class=\"wp-block-image size-large\"><img loading=\"lazy\" decoding=\"async\" width=\"800\" height=\"467\" data-id=\"2155\" src=\"https:\/\/franciscanas.org\/portal\/brasil\/wp-content\/uploads\/sites\/5\/2022\/11\/nsmercedes-2.png\" alt=\"\" class=\"wp-image-2155\" srcset=\"https:\/\/franciscanas.org\/portal\/brasil\/wp-content\/uploads\/sites\/5\/2022\/11\/nsmercedes-2.png 800w, https:\/\/franciscanas.org\/portal\/brasil\/wp-content\/uploads\/sites\/5\/2022\/11\/nsmercedes-2-480x280.png 480w\" sizes=\"(min-width: 0px) and (max-width: 480px) 480px, (min-width: 481px) 800px, 100vw\" \/><\/figure>\n\n\n\n<figure class=\"wp-block-image size-large\"><img loading=\"lazy\" decoding=\"async\" width=\"800\" height=\"800\" data-id=\"2157\" src=\"https:\/\/franciscanas.org\/portal\/brasil\/wp-content\/uploads\/sites\/5\/2022\/11\/nsmercedes-3.png\" alt=\"\" class=\"wp-image-2157\" srcset=\"https:\/\/franciscanas.org\/portal\/brasil\/wp-content\/uploads\/sites\/5\/2022\/11\/nsmercedes-3.png 800w, https:\/\/franciscanas.org\/portal\/brasil\/wp-content\/uploads\/sites\/5\/2022\/11\/nsmercedes-3-480x480.png 480w\" sizes=\"(min-width: 0px) and (max-width: 480px) 480px, (min-width: 481px) 800px, 100vw\" \/><\/figure>\n\n\n\n<figure class=\"wp-block-image size-large\"><img loading=\"lazy\" decoding=\"async\" width=\"800\" height=\"600\" data-id=\"2154\" src=\"https:\/\/franciscanas.org\/portal\/brasil\/wp-content\/uploads\/sites\/5\/2022\/11\/nsmercedes-4.png\" alt=\"\" class=\"wp-image-2154\" srcset=\"https:\/\/franciscanas.org\/portal\/brasil\/wp-content\/uploads\/sites\/5\/2022\/11\/nsmercedes-4.png 800w, https:\/\/franciscanas.org\/portal\/brasil\/wp-content\/uploads\/sites\/5\/2022\/11\/nsmercedes-4-480x360.png 480w\" sizes=\"(min-width: 0px) and (max-width: 480px) 480px, (min-width: 481px) 800px, 100vw\" \/><\/figure>\n<\/figure>\n","protected":false},"excerpt":{"rendered":"<p>A presen\u00e7a do Col\u00e9gio Nuestra Se\u00f1ora de las Mercedes na regi\u00e3o se consolidou ao longo dos anos, gra\u00e7as ao trabalho s\u00e9rio, ativo, diligente e comprometido das Irm\u00e3s, Diretoras, Professoras, Pessoal Administrativo e Operativo; que permitem cumprir com altru\u00edsmo e relev\u00e2ncia os processos administrativos, t\u00e9cnicos, cient\u00edficos e demais aspectos relacionados ao campo educacional, tarefa que \u00e9 reconhecida no setor educacional e no p\u00fablico em geral, como Institui\u00e7\u00e3o que forma uma forma\u00e7\u00e3o integral, respeitosa e respeitosa homens e mulheres, com especial sentido de valores, com a marca dos referentes espirituais S\u00e3o Francisco e Santa Maria Bernarda. <\/p>\n","protected":false},"author":1,"featured_media":2152,"comment_status":"closed","ping_status":"closed","sticky":false,"template":"","format":"standard","meta":{"_et_pb_use_builder":"off","_et_pb_old_content":"","_et_gb_content_width":"1200","footnotes":""},"categories":[8],"tags":[],"class_list":["post-2151","post","type-post","status-publish","format-standard","has-post-thumbnail","hentry","category-noticias"],"_links":{"self":[{"href":"https:\/\/franciscanas.org\/portal\/brasil\/wp-json\/wp\/v2\/posts\/2151","targetHints":{"allow":["GET"]}}],"collection":[{"href":"https:\/\/franciscanas.org\/portal\/brasil\/wp-json\/wp\/v2\/posts"}],"about":[{"href":"https:\/\/franciscanas.org\/portal\/brasil\/wp-json\/wp\/v2\/types\/post"}],"author":[{"embeddable":true,"href":"https:\/\/franciscanas.org\/portal\/brasil\/wp-json\/wp\/v2\/users\/1"}],"replies":[{"embeddable":true,"href":"https:\/\/franciscanas.org\/portal\/brasil\/wp-json\/wp\/v2\/comments?post=2151"}],"version-history":[{"count":3,"href":"https:\/\/franciscanas.org\/portal\/brasil\/wp-json\/wp\/v2\/posts\/2151\/revisions"}],"predecessor-version":[{"id":2160,"href":"https:\/\/franciscanas.org\/portal\/brasil\/wp-json\/wp\/v2\/posts\/2151\/revisions\/2160"}],"wp:featuredmedia":[{"embeddable":true,"href":"https:\/\/franciscanas.org\/portal\/brasil\/wp-json\/wp\/v2\/media\/2152"}],"wp:attachment":[{"href":"https:\/\/franciscanas.org\/portal\/brasil\/wp-json\/wp\/v2\/media?parent=2151"}],"wp:term":[{"taxonomy":"category","embeddable":true,"href":"https:\/\/franciscanas.org\/portal\/brasil\/wp-json\/wp\/v2\/categories?post=2151"},{"taxonomy":"post_tag","embeddable":true,"href":"https:\/\/franciscanas.org\/portal\/brasil\/wp-json\/wp\/v2\/tags?post=2151"}],"curies":[{"name":"wp","href":"https:\/\/api.w.org\/{rel}","templated":true}]}}