{"id":2107,"date":"2022-10-27T06:00:00","date_gmt":"2022-10-27T09:00:00","guid":{"rendered":"https:\/\/franciscanas.org\/portal\/brasil\/?p=2107"},"modified":"2022-10-26T13:16:35","modified_gmt":"2022-10-26T16:16:35","slug":"colegios-franciscanos-promovem-seminario-sobre-pacto-educativo-global","status":"publish","type":"post","link":"https:\/\/franciscanas.org\/portal\/brasil\/noticias\/colegios-franciscanos-promovem-seminario-sobre-pacto-educativo-global\/","title":{"rendered":"Col\u00e9gios franciscanos promovem semin\u00e1rio sobre pacto educativo global"},"content":{"rendered":"\n<p>No dia 22 de outubro foi realizado em Marau \u2013 RS, o I Semin\u00e1rio da Juventude dos Col\u00e9gios Franciscanos, com o tema \u201cPacto Educativo Global\u201d. O semin\u00e1rio foi organizado pelos estudantes da Pastoral da Juventude Franciscana Mission\u00e1ria (PJFM) do Col\u00e9gio Franciscano Cristo Rei e Col\u00e9gio Franciscano S\u00e3o Jos\u00e9 (Erechim), sob orienta\u00e7\u00e3o das Irm\u00e3s Francisca Rodrigues e Marta Vigne, tendo como palestrantes as estudantes Isabela Bortolon e Luiza Tartari, acompanhadas do professor Gilmar Muniz Garcia que realizou a media\u00e7\u00e3o do semin\u00e1rio.<\/p>\n\n\n\n<p>O Pacto Educativo Global \u00e9 um chamado do Papa Francisco direcionado a toda sociedade para uma educa\u00e7\u00e3o que coloque o jovem como centro do processo educacional promovendo uma educa\u00e7\u00e3o humanista e solid\u00e1ria como forma de transformar a sociedade. Entre os temas abordados no semin\u00e1rio destacam-se os eixos: a) Todos tem direito \u00e0 educa\u00e7\u00e3o; b) Educa\u00e7\u00e3o para o di\u00e1logo e a paz; c) Educa\u00e7\u00e3o para a fraternidade universal e; d) Educa\u00e7\u00e3o tendo em vista uma ecologia integral.<\/p>\n\n\n\n<p>A estudante Luiza Tartari ressaltou que o di\u00e1logo \u00e9 essencial para a melhoria na rela\u00e7\u00e3o entre pais e filhos, sendo que \u201ca participa\u00e7\u00e3o dos filhos nas atividades da casa contribui para o entendimento de ambos, contribuindo para o desenvolvimento de uma rela\u00e7\u00e3o mais fraterna na fam\u00edlia\u201d, bem como a participa\u00e7\u00e3o e engajamento nas atividades escolares e na sociedade.<\/p>\n\n\n\n<p>Tamb\u00e9m foram abordados temas como a renova\u00e7\u00e3o da pol\u00edtica e da economia, a promo\u00e7\u00e3o da mulher e sua participa\u00e7\u00e3o na sociedade e a necessidade de engajamento e promo\u00e7\u00e3o de lugares de fala para elas. Al\u00e9m disso, \u201c\u00e9 importante abrir espa\u00e7o para o di\u00e1logo de uma ecologia integral que envolva o ser humano, como parte do meio ambiente, pois cada pessoa tem sua hist\u00f3ria, suas convic\u00e7\u00f5es, seus medos e merece que tudo isso seja respeitado\u201d, salientou a estudante Isabela Bortolon.<\/p>\n\n\n\n<p>Houve tamb\u00e9m espa\u00e7o para os estudantes falarem de suas experi\u00eancias educacionais nos Col\u00e9gios Franciscanos. \u201cA escola \u00e9 um lugar de encontro onde, al\u00e9m de conhecimentos escolares, aprendemos a ser pessoas preocupadas por uma sociedade melhor e com o meio ambiente\u201d, destacou a estudante Manuela Ogrodowski, do Col\u00e9gio Franciscano S\u00e3o Jos\u00e9.<\/p>\n\n\n\n<p>Para os Col\u00e9gios Franciscanos o I Semin\u00e1rio da Juventude foi um amplo espa\u00e7o de participa\u00e7\u00e3o estudantil e de protagonismo jovem. As tem\u00e1ticas desenvolvidas pelos jovens servir\u00e3o de orienta\u00e7\u00e3o para os trabalhos pastorais dos col\u00e9gios, no pr\u00f3ximo ano.<\/p>\n\n\n\n<p><\/p>\n\n\n\n<figure class=\"wp-block-gallery has-nested-images columns-2 is-cropped wp-block-gallery-1 is-layout-flex wp-block-gallery-is-layout-flex\">\n<figure class=\"wp-block-image size-large\"><img loading=\"lazy\" decoding=\"async\" width=\"1024\" height=\"700\" data-id=\"2109\" src=\"https:\/\/franciscanas.org\/portal\/brasil\/wp-content\/uploads\/sites\/5\/2022\/10\/Foto-1-1024x700.jpg\" alt=\"\" class=\"wp-image-2109\" srcset=\"https:\/\/franciscanas.org\/portal\/brasil\/wp-content\/uploads\/sites\/5\/2022\/10\/Foto-1-1024x700.jpg 1024w, https:\/\/franciscanas.org\/portal\/brasil\/wp-content\/uploads\/sites\/5\/2022\/10\/Foto-1-980x670.jpg 980w, https:\/\/franciscanas.org\/portal\/brasil\/wp-content\/uploads\/sites\/5\/2022\/10\/Foto-1-480x328.jpg 480w\" sizes=\"(min-width: 0px) and (max-width: 480px) 480px, (min-width: 481px) and (max-width: 980px) 980px, (min-width: 981px) 1024px, 100vw\" \/><\/figure>\n\n\n\n<figure class=\"wp-block-image size-large\"><img loading=\"lazy\" decoding=\"async\" width=\"1024\" height=\"727\" data-id=\"2110\" src=\"https:\/\/franciscanas.org\/portal\/brasil\/wp-content\/uploads\/sites\/5\/2022\/10\/Foto-2-1024x727.jpg\" alt=\"\" class=\"wp-image-2110\" srcset=\"https:\/\/franciscanas.org\/portal\/brasil\/wp-content\/uploads\/sites\/5\/2022\/10\/Foto-2-1024x727.jpg 1024w, https:\/\/franciscanas.org\/portal\/brasil\/wp-content\/uploads\/sites\/5\/2022\/10\/Foto-2-980x696.jpg 980w, https:\/\/franciscanas.org\/portal\/brasil\/wp-content\/uploads\/sites\/5\/2022\/10\/Foto-2-480x341.jpg 480w\" sizes=\"(min-width: 0px) and (max-width: 480px) 480px, (min-width: 481px) and (max-width: 980px) 980px, (min-width: 981px) 1024px, 100vw\" \/><\/figure>\n\n\n\n<figure class=\"wp-block-image size-large\"><img loading=\"lazy\" decoding=\"async\" width=\"1024\" height=\"636\" data-id=\"2111\" src=\"https:\/\/franciscanas.org\/portal\/brasil\/wp-content\/uploads\/sites\/5\/2022\/10\/Foto-3-1024x636.jpg\" alt=\"\" class=\"wp-image-2111\" srcset=\"https:\/\/franciscanas.org\/portal\/brasil\/wp-content\/uploads\/sites\/5\/2022\/10\/Foto-3-1024x636.jpg 1024w, https:\/\/franciscanas.org\/portal\/brasil\/wp-content\/uploads\/sites\/5\/2022\/10\/Foto-3-980x609.jpg 980w, https:\/\/franciscanas.org\/portal\/brasil\/wp-content\/uploads\/sites\/5\/2022\/10\/Foto-3-480x298.jpg 480w\" sizes=\"(min-width: 0px) and (max-width: 480px) 480px, (min-width: 481px) and (max-width: 980px) 980px, (min-width: 981px) 1024px, 100vw\" \/><\/figure>\n<\/figure>\n","protected":false},"excerpt":{"rendered":"<p>No dia 22 de outubro foi realizado em Marau \u2013 RS, o I Semin\u00e1rio da Juventude dos Col\u00e9gios Franciscanos, com o tema \u201cPacto Educativo Global\u201d<\/p>\n","protected":false},"author":1,"featured_media":2108,"comment_status":"closed","ping_status":"closed","sticky":false,"template":"","format":"standard","meta":{"_et_pb_use_builder":"off","_et_pb_old_content":"","_et_gb_content_width":"1200","footnotes":""},"categories":[8],"tags":[],"class_list":["post-2107","post","type-post","status-publish","format-standard","has-post-thumbnail","hentry","category-noticias"],"_links":{"self":[{"href":"https:\/\/franciscanas.org\/portal\/brasil\/wp-json\/wp\/v2\/posts\/2107","targetHints":{"allow":["GET"]}}],"collection":[{"href":"https:\/\/franciscanas.org\/portal\/brasil\/wp-json\/wp\/v2\/posts"}],"about":[{"href":"https:\/\/franciscanas.org\/portal\/brasil\/wp-json\/wp\/v2\/types\/post"}],"author":[{"embeddable":true,"href":"https:\/\/franciscanas.org\/portal\/brasil\/wp-json\/wp\/v2\/users\/1"}],"replies":[{"embeddable":true,"href":"https:\/\/franciscanas.org\/portal\/brasil\/wp-json\/wp\/v2\/comments?post=2107"}],"version-history":[{"count":2,"href":"https:\/\/franciscanas.org\/portal\/brasil\/wp-json\/wp\/v2\/posts\/2107\/revisions"}],"predecessor-version":[{"id":2113,"href":"https:\/\/franciscanas.org\/portal\/brasil\/wp-json\/wp\/v2\/posts\/2107\/revisions\/2113"}],"wp:featuredmedia":[{"embeddable":true,"href":"https:\/\/franciscanas.org\/portal\/brasil\/wp-json\/wp\/v2\/media\/2108"}],"wp:attachment":[{"href":"https:\/\/franciscanas.org\/portal\/brasil\/wp-json\/wp\/v2\/media?parent=2107"}],"wp:term":[{"taxonomy":"category","embeddable":true,"href":"https:\/\/franciscanas.org\/portal\/brasil\/wp-json\/wp\/v2\/categories?post=2107"},{"taxonomy":"post_tag","embeddable":true,"href":"https:\/\/franciscanas.org\/portal\/brasil\/wp-json\/wp\/v2\/tags?post=2107"}],"curies":[{"name":"wp","href":"https:\/\/api.w.org\/{rel}","templated":true}]}}