{"id":2090,"date":"2022-10-26T09:00:00","date_gmt":"2022-10-26T12:00:00","guid":{"rendered":"https:\/\/franciscanas.org\/portal\/brasil\/?p=2090"},"modified":"2022-10-26T08:47:04","modified_gmt":"2022-10-26T11:47:04","slug":"buscando-caminhos-de-escuta-e-fidelidade","status":"publish","type":"post","link":"https:\/\/franciscanas.org\/portal\/brasil\/noticias\/buscando-caminhos-de-escuta-e-fidelidade\/","title":{"rendered":"Buscando caminhos de escuta e fidelidade"},"content":{"rendered":"\n<p>De 12 a 16 de setembro de 2022, irm\u00e3s formadoras da Congrega\u00e7\u00e3o de as Irm\u00e3s Franciscanas Mission\u00e1rias de Maria Auxiliadora residentes na Col\u00f4mbia, participaram do &#8220;Semin\u00e1rio Nacional de Acompanhantes de Processos Formativos&#8221; organizado pela Confer\u00eancia de Religiosos da Col\u00f4mbia &#8211; CRC, no Centro Universit\u00e1rio San Alfonso, em Bogot\u00e1, com o objetivo de compartilhar diferentes reflex\u00f5es sobre aspectos relacionados ao acompanhamento e discernimento da vontade de Deus a partir da experi\u00eancia comunit\u00e1ria. Durante este dia de formadores a diferentes n\u00edveis, foram convidados a reflectir e rever estruturas, conceitos, metodologias e roteiros, inspirados no tema: &#8220;JUNTOS DESCOBRINDO A VONTADE DE DEUS: ANDANDO, ACOMPANHANDO E DISCERNIR&#8221;. <\/p>\n\n\n\n<p>O encontro caracterizou-se por um ambiente orante e fraterno de acolhimento, proximidade e integra\u00e7\u00e3o rec\u00edproca entre os diversos carismas e culturas. As reflex\u00f5es foram profundas e pertinentes ao grande desafio da forma\u00e7\u00e3o para a vida religiosos nos tempos modernos. Nos dias 12 e 13, o tema central foi: \u201cJOVENS: NOVAS L\u00cdNGUAS DE DIFERENTES REALIDADES\u201d e contou com a participa\u00e7\u00e3o de Christian Eduardo Cort\u00e9s Mart\u00ednez; nos dias 13 e 14, ter\u00e7a e quarta-feira, com Hna. Ana Francisca Vergara Abril, OP partilhou sobre: \u200b\u200ba \u201cAPROXIMA\u00c7\u00c3O ACOMPANHAMENTO B\u00cdBLICO E DISCERNIMENTO EM COMUNIDADE\u201d; no dia 15 Em setembro, o Presb\u00edtero Herman Rodr\u00edguez Osorio, SJ trabalhou no tema: \u201cFERRAMENTAS ESPIRITUAIS PARA OUVIR E DISCERNIMENTO&#8221;; e no dia 16, sexta-feira, o Ir. Leonardo Terrero Duque, FSC, refletiu sobre: \u200b\u200b\u201cASPECTOS GERAIS DOS ITINER\u00c1RIOS FORMA\u00c7\u00c3O PARA O DISCERNIMENTO\u201d. <\/p>\n\n\n\n<p>Todos os dias celebramos juntos a Eucaristia em harmonia com todas as realidades eclesial e social onde se insere a Vida Religiosa, buscando e querendo ser hoje, luz e esperan\u00e7a do Evangelho. Foi a oportunidade de rezar juntos, considerando tamb\u00e9m as vulnerabilidades, crises e preocupa\u00e7\u00f5es das Congrega\u00e7\u00f5es religiosas neste momento. <\/p>\n\n\n\n<p>Resumindo, foi uma semana formativa muito intensa com muita luz para seguir ouvindo a voz de Deus e servindo fielmente ao seu Reino, na certeza de que Ele continua chamando-nos, enviando-nos e acompanhando-nos pelos caminhos da vida. &#8220;No caminho deles ele beber\u00e1 da torrente, por isso levantar\u00e1 a cabe\u00e7a\u201d. (Sl 109, 7). deixe isso ser nosso confian\u00e7a absoluta, nossa esperan\u00e7a e for\u00e7a em cada novo dia! <\/p>\n\n\n\n<p>&#8220;Senhor, Deus da vida, Deus da hist\u00f3ria, n\u00e3o esque\u00e7as a Tua Alian\u00e7a.&#8221; <\/p>\n\n\n\n<p>Venha, caminha sempre conosco!!!<\/p>\n\n\n\n<p><\/p>\n\n\n\n<figure class=\"wp-block-gallery has-nested-images columns-default is-cropped wp-block-gallery-1 is-layout-flex wp-block-gallery-is-layout-flex\">\n<figure class=\"wp-block-image size-large\"><img loading=\"lazy\" decoding=\"async\" width=\"800\" height=\"435\" data-id=\"2094\" src=\"https:\/\/franciscanas.org\/portal\/brasil\/wp-content\/uploads\/sites\/5\/2022\/10\/formadoras-2.png\" alt=\"\" class=\"wp-image-2094\" srcset=\"https:\/\/franciscanas.org\/portal\/brasil\/wp-content\/uploads\/sites\/5\/2022\/10\/formadoras-2.png 800w, https:\/\/franciscanas.org\/portal\/brasil\/wp-content\/uploads\/sites\/5\/2022\/10\/formadoras-2-480x261.png 480w\" sizes=\"(min-width: 0px) and (max-width: 480px) 480px, (min-width: 481px) 800px, 100vw\" \/><\/figure>\n\n\n\n<figure class=\"wp-block-image size-large\"><img loading=\"lazy\" decoding=\"async\" width=\"800\" height=\"451\" data-id=\"2095\" src=\"https:\/\/franciscanas.org\/portal\/brasil\/wp-content\/uploads\/sites\/5\/2022\/10\/formadoras-3.png\" alt=\"\" class=\"wp-image-2095\" srcset=\"https:\/\/franciscanas.org\/portal\/brasil\/wp-content\/uploads\/sites\/5\/2022\/10\/formadoras-3.png 800w, https:\/\/franciscanas.org\/portal\/brasil\/wp-content\/uploads\/sites\/5\/2022\/10\/formadoras-3-480x271.png 480w\" sizes=\"(min-width: 0px) and (max-width: 480px) 480px, (min-width: 481px) 800px, 100vw\" \/><\/figure>\n<\/figure>\n","protected":false},"excerpt":{"rendered":"<p>de Maria Auxiliadora que vivem na Col\u00f4mbia, participou do &#8220;Semin\u00e1rio Nacional de Acompanhantes de Processos Formativos&#8221; organizado pelo CRC, no Centro Universit\u00e1rio San Alfonso, em Bogot\u00e1, com o objetivo de compartilhar diferentes reflex\u00f5es sobre aspectos relacionados ao acompanhamento e discernimento da vontade de Deus a partir da experi\u00eancia comunit\u00e1ria. <\/p>\n","protected":false},"author":1,"featured_media":2091,"comment_status":"closed","ping_status":"closed","sticky":false,"template":"","format":"standard","meta":{"_et_pb_use_builder":"off","_et_pb_old_content":"","_et_gb_content_width":"1200","footnotes":""},"categories":[8],"tags":[],"class_list":["post-2090","post","type-post","status-publish","format-standard","has-post-thumbnail","hentry","category-noticias"],"_links":{"self":[{"href":"https:\/\/franciscanas.org\/portal\/brasil\/wp-json\/wp\/v2\/posts\/2090","targetHints":{"allow":["GET"]}}],"collection":[{"href":"https:\/\/franciscanas.org\/portal\/brasil\/wp-json\/wp\/v2\/posts"}],"about":[{"href":"https:\/\/franciscanas.org\/portal\/brasil\/wp-json\/wp\/v2\/types\/post"}],"author":[{"embeddable":true,"href":"https:\/\/franciscanas.org\/portal\/brasil\/wp-json\/wp\/v2\/users\/1"}],"replies":[{"embeddable":true,"href":"https:\/\/franciscanas.org\/portal\/brasil\/wp-json\/wp\/v2\/comments?post=2090"}],"version-history":[{"count":3,"href":"https:\/\/franciscanas.org\/portal\/brasil\/wp-json\/wp\/v2\/posts\/2090\/revisions"}],"predecessor-version":[{"id":2098,"href":"https:\/\/franciscanas.org\/portal\/brasil\/wp-json\/wp\/v2\/posts\/2090\/revisions\/2098"}],"wp:featuredmedia":[{"embeddable":true,"href":"https:\/\/franciscanas.org\/portal\/brasil\/wp-json\/wp\/v2\/media\/2091"}],"wp:attachment":[{"href":"https:\/\/franciscanas.org\/portal\/brasil\/wp-json\/wp\/v2\/media?parent=2090"}],"wp:term":[{"taxonomy":"category","embeddable":true,"href":"https:\/\/franciscanas.org\/portal\/brasil\/wp-json\/wp\/v2\/categories?post=2090"},{"taxonomy":"post_tag","embeddable":true,"href":"https:\/\/franciscanas.org\/portal\/brasil\/wp-json\/wp\/v2\/tags?post=2090"}],"curies":[{"name":"wp","href":"https:\/\/api.w.org\/{rel}","templated":true}]}}