{"id":2065,"date":"2022-10-20T11:00:00","date_gmt":"2022-10-20T14:00:00","guid":{"rendered":"https:\/\/franciscanas.org\/portal\/brasil\/?p=2065"},"modified":"2022-10-20T13:11:04","modified_gmt":"2022-10-20T16:11:04","slug":"25-anos-de-consagracao-religiosa-e-fidelidade-de-deus","status":"publish","type":"post","link":"https:\/\/franciscanas.org\/portal\/brasil\/noticias\/25-anos-de-consagracao-religiosa-e-fidelidade-de-deus\/","title":{"rendered":"25 anos de Consagra\u00e7\u00e3o Religiosa e fidelidade de Deus"},"content":{"rendered":"\n<p>No dia 2 de outubro de 2022, a Congrega\u00e7\u00e3o das Irm\u00e3s Franciscanas Mission\u00e1rias de Maria Auxiliadora, na Regi\u00e3o Mission\u00e1ria \u201cSanta Maria Bernarda\u201d, celebramos a fidelidade de Deus em nossas irm\u00e3s Mirian Ereny Ag\u00fcinsaca Satama e Victoria Irene Guarnizo Guayanay ao cumprir suas Bodas de Prata de Consagra\u00e7\u00e3o Religiosa. A celebra\u00e7\u00e3o eucaristica foi presidida por Dom Walter Heras Segarrra, Bispo da Diocese de Loja \u2013 Equador. Marcaram presen\u00e7a a Ir. Marelvi Cecilia Buelvas Mendoza (Animadora Geral) e Domitila Mart\u00ednez Castro (Animadora Regional), demais irm\u00e3s da Regi\u00e3o Mission\u00e1ria presentes nas fraternidades do Equador e parentes de nossas Irm\u00e3s jubilares.<\/p>\n\n\n\n<p><\/p>\n\n\n\n<p>Na Celebra\u00e7\u00e3o Eucar\u00edstica, o Senhor, atrav\u00e9s da sua Palavra, mais uma vez nos fez chamados a experimentar uma f\u00e9 s\u00f3lida e sustentada em Deus, lembrando-nos que esta \u00e9 uma Dom do Pai e que devemos guard\u00e1-lo, testific\u00e1-lo e faz\u00ea-lo crescer. Porque, \u201cQuem come\u00e7ou o trabalho vai lev\u00e1-lo a uma conclus\u00e3o bem sucedida\u201d.  Ap\u00f3s a homilia, as Irm\u00e3s Mirian Ereny Ag\u00fcinsaca e Victoria Guarnizo, renovaram seus Votos Religiosos com amor e fervor, como fizeram anos atr\u00e1s, com o desejo de continuar a encher os vossos dias de dedica\u00e7\u00e3o sacrificial, como obla\u00e7\u00e3o orante pelo miss\u00e3o realizada pelas Irm\u00e3s da Congrega\u00e7\u00e3o das Irm\u00e3s Franciscanas Mission\u00e1rias de Maria Auxiliadora.<\/p>\n\n\n\n<p><\/p>\n\n\n\n<p>S\u00e3o 25 anos de consagra\u00e7\u00e3o, vividos numa dedica\u00e7\u00e3o e doa\u00e7\u00e3o total ao servi\u00e7o de Deus na Congrega\u00e7\u00e3o, um servi\u00e7o que significou alegria e tristeza, fracassos e esperan\u00e7as, experi\u00eancias que fortaleceram seu compromisso com o Reino de Deus, sobretudo, com a grupos desfavorecidos, aprendendo com eles, a viver a simplicidade e a pequenez. Agradecemos a Deus por sua fidelidade e perseveran\u00e7a, e cantamos com elas: &#8220;A minha alma proclama a grandeza do Senhor&#8221;, sentindo nas profundezas do nosso cora\u00e7\u00f5es como \u00e9 bonito viver a fraternidade na fam\u00edlia franciscana.<\/p>\n\n\n\n<p>Ap\u00f3s a Eucaristia, houve refei\u00e7\u00e3o compartilhada com Monsenhor Walter Heras, os Hnas. Marelvi Cecilia Buelvas (Animadora Geral), Domitila Mart\u00ednez (Animadora Regional), Maritza del Carmen Sarango (Conselheira Geral), familiares de nossas Irm\u00e3s do Jubileu e um grande n\u00famero de Irm\u00e3s da Regi\u00e3o Mission\u00e1ria, presente no Equador.<\/p>\n\n\n\n<p><\/p>\n\n\n\n<figure class=\"wp-block-gallery has-nested-images columns-2 wp-block-gallery-1 is-layout-flex wp-block-gallery-is-layout-flex\">\n<figure class=\"wp-block-image size-full\"><img loading=\"lazy\" decoding=\"async\" width=\"800\" height=\"600\" data-id=\"2073\" src=\"https:\/\/franciscanas.org\/portal\/brasil\/wp-content\/uploads\/sites\/5\/2022\/10\/Bodas-Ecuador-1.png\" alt=\"\" class=\"wp-image-2073\" srcset=\"https:\/\/franciscanas.org\/portal\/brasil\/wp-content\/uploads\/sites\/5\/2022\/10\/Bodas-Ecuador-1.png 800w, https:\/\/franciscanas.org\/portal\/brasil\/wp-content\/uploads\/sites\/5\/2022\/10\/Bodas-Ecuador-1-480x360.png 480w\" sizes=\"(min-width: 0px) and (max-width: 480px) 480px, (min-width: 481px) 800px, 100vw\" \/><\/figure>\n\n\n\n<figure class=\"wp-block-image size-full\"><img loading=\"lazy\" decoding=\"async\" width=\"800\" height=\"617\" data-id=\"2071\" src=\"https:\/\/franciscanas.org\/portal\/brasil\/wp-content\/uploads\/sites\/5\/2022\/10\/Bodas-Ecuador-2.png\" alt=\"\" class=\"wp-image-2071\" srcset=\"https:\/\/franciscanas.org\/portal\/brasil\/wp-content\/uploads\/sites\/5\/2022\/10\/Bodas-Ecuador-2.png 800w, https:\/\/franciscanas.org\/portal\/brasil\/wp-content\/uploads\/sites\/5\/2022\/10\/Bodas-Ecuador-2-480x370.png 480w\" sizes=\"(min-width: 0px) and (max-width: 480px) 480px, (min-width: 481px) 800px, 100vw\" \/><\/figure>\n\n\n\n<figure class=\"wp-block-image size-full\"><img loading=\"lazy\" decoding=\"async\" width=\"800\" height=\"600\" data-id=\"2072\" src=\"https:\/\/franciscanas.org\/portal\/brasil\/wp-content\/uploads\/sites\/5\/2022\/10\/Bodas-Ecuador-3.png\" alt=\"\" class=\"wp-image-2072\" srcset=\"https:\/\/franciscanas.org\/portal\/brasil\/wp-content\/uploads\/sites\/5\/2022\/10\/Bodas-Ecuador-3.png 800w, https:\/\/franciscanas.org\/portal\/brasil\/wp-content\/uploads\/sites\/5\/2022\/10\/Bodas-Ecuador-3-480x360.png 480w\" sizes=\"(min-width: 0px) and (max-width: 480px) 480px, (min-width: 481px) 800px, 100vw\" \/><\/figure>\n\n\n\n<figure class=\"wp-block-image size-full\"><img loading=\"lazy\" decoding=\"async\" width=\"800\" height=\"529\" data-id=\"2070\" src=\"https:\/\/franciscanas.org\/portal\/brasil\/wp-content\/uploads\/sites\/5\/2022\/10\/Bodas-Ecuador-4.png\" alt=\"\" class=\"wp-image-2070\" srcset=\"https:\/\/franciscanas.org\/portal\/brasil\/wp-content\/uploads\/sites\/5\/2022\/10\/Bodas-Ecuador-4.png 800w, https:\/\/franciscanas.org\/portal\/brasil\/wp-content\/uploads\/sites\/5\/2022\/10\/Bodas-Ecuador-4-480x317.png 480w\" sizes=\"(min-width: 0px) and (max-width: 480px) 480px, (min-width: 481px) 800px, 100vw\" \/><\/figure>\n<\/figure>\n","protected":false},"excerpt":{"rendered":"<p>No dia 2 de outubro de 2022, a Congrega\u00e7\u00e3o das Irm\u00e3s Franciscanas Mission\u00e1rias de Maria Auxiliadora, na Regi\u00e3o Mission\u00e1ria \u201cSanta Maria Bernarda\u201d, celebramos a fidelidade de Deus em nossas irm\u00e3s Mirian Ereny Ag\u00fcinsaca Satama e Victoria Irene Guarnizo Guayanay ao cumprir suas Bodas de Prata de Consagra\u00e7\u00e3o Religiosa. <\/p>\n","protected":false},"author":1,"featured_media":2068,"comment_status":"closed","ping_status":"closed","sticky":false,"template":"","format":"standard","meta":{"_et_pb_use_builder":"off","_et_pb_old_content":"","_et_gb_content_width":"1200","footnotes":""},"categories":[8],"tags":[],"class_list":["post-2065","post","type-post","status-publish","format-standard","has-post-thumbnail","hentry","category-noticias"],"_links":{"self":[{"href":"https:\/\/franciscanas.org\/portal\/brasil\/wp-json\/wp\/v2\/posts\/2065","targetHints":{"allow":["GET"]}}],"collection":[{"href":"https:\/\/franciscanas.org\/portal\/brasil\/wp-json\/wp\/v2\/posts"}],"about":[{"href":"https:\/\/franciscanas.org\/portal\/brasil\/wp-json\/wp\/v2\/types\/post"}],"author":[{"embeddable":true,"href":"https:\/\/franciscanas.org\/portal\/brasil\/wp-json\/wp\/v2\/users\/1"}],"replies":[{"embeddable":true,"href":"https:\/\/franciscanas.org\/portal\/brasil\/wp-json\/wp\/v2\/comments?post=2065"}],"version-history":[{"count":4,"href":"https:\/\/franciscanas.org\/portal\/brasil\/wp-json\/wp\/v2\/posts\/2065\/revisions"}],"predecessor-version":[{"id":2075,"href":"https:\/\/franciscanas.org\/portal\/brasil\/wp-json\/wp\/v2\/posts\/2065\/revisions\/2075"}],"wp:featuredmedia":[{"embeddable":true,"href":"https:\/\/franciscanas.org\/portal\/brasil\/wp-json\/wp\/v2\/media\/2068"}],"wp:attachment":[{"href":"https:\/\/franciscanas.org\/portal\/brasil\/wp-json\/wp\/v2\/media?parent=2065"}],"wp:term":[{"taxonomy":"category","embeddable":true,"href":"https:\/\/franciscanas.org\/portal\/brasil\/wp-json\/wp\/v2\/categories?post=2065"},{"taxonomy":"post_tag","embeddable":true,"href":"https:\/\/franciscanas.org\/portal\/brasil\/wp-json\/wp\/v2\/tags?post=2065"}],"curies":[{"name":"wp","href":"https:\/\/api.w.org\/{rel}","templated":true}]}}