{"id":2061,"date":"2022-10-15T07:00:00","date_gmt":"2022-10-15T10:00:00","guid":{"rendered":"https:\/\/franciscanas.org\/portal\/brasil\/?p=2061"},"modified":"2022-10-14T22:55:03","modified_gmt":"2022-10-15T01:55:03","slug":"ressonancias-do-retiro-anual-congregacional-shema-israel","status":"publish","type":"post","link":"https:\/\/franciscanas.org\/portal\/brasil\/noticias\/ressonancias-do-retiro-anual-congregacional-shema-israel\/","title":{"rendered":"Resson\u00e2ncias do retiro anual congregacional &#8211; \u201cShem\u00e1 Israel\u201d"},"content":{"rendered":"\n<p>O retiro anual vivenciado pelas Irm\u00e3s Franciscanas Mission\u00e1rias de Maria Auxiliadora, neste ano de 2022, \u00a0sup\u00f5e o contexto congregacional que trata de consolidar o processo de reestrutura\u00e7\u00e3o\/reconfigura\u00e7\u00e3o\/ressignifica\u00e7\u00e3o iniciado em 2016. A partir do XIX Cap\u00edtulo Geral Ordin\u00e1rio, celebrado em setembro de 2021, o lema que motiva a caminhada a vida e miss\u00e3o das irm\u00e3s \u00e9 \u201cFidelidade \u00e0 Alian\u00e7a\u201d. Assim como o povo de Israel passou pela experi\u00eancia do deserto, a fim de conquistar a liberta\u00e7\u00e3o e reconhecer as maravilhas realizadas pelo Deus Vivo que conduz a hist\u00f3ria, ap\u00f3s estabelecer um novo horizonte congregacional, as irm\u00e3s se sentem convocadas a manter-se firmes no processo e consolidar os passos consensuados e iniciados.<\/p>\n\n\n\n<p>Esse caminhar sup\u00f5e reconhecer o amor misericordioso de Deus na vida de cada religiosa em particular, bem como, a necessidade de deixar-se guiar pela gra\u00e7a do Senhor que conduz e orienta, pela a\u00e7\u00e3o do seu Santo Esp\u00edrito, na conquista da convers\u00e3o pessoal e comunit\u00e1ria. Mantendo-se firmes no prop\u00f3sito estabelecido e fi\u00e9is \u00e0 Alian\u00e7a realizada por Aquele que ama, chama e envia, alcan\u00e7a-se a terra prometida e a vida consagrada se revigora na sua voca\u00e7\u00e3o prof\u00e9tica e mission\u00e1ria para atender aos clamores do tempo presente.<\/p>\n\n\n\n<p>A solidez dessa experi\u00eancia depende ainda de que a Vida Consagrada possa se manter atenta aos apelos de Deus, realizando constantemente o discernimento dos esp\u00edritos. Por isso, o retiro anual congregacional vem ocorrendo com os diversos grupos de irm\u00e3s com o tema \u201cShem\u00e1 Israel\u201d, ou seja, \u201cEscuta Israel\u201d. O objetivo geral do retiro \u00e9: Fortalecer a atitude de escuta da voz do Senhor, como condi\u00e7\u00e3o fundamental para permanecer fi\u00e9is \u00e0 alian\u00e7a, na terra prometida da Congrega\u00e7\u00e3o Ressignificada, em seu ser e fazer.<\/p>\n\n\n\n<p>O retiro anual tem uma dura\u00e7\u00e3o de seis dias onde esse tema \u00e9 desenvolvido com seu desdobramento nos seguintes t\u00f3picos:<\/p>\n\n\n\n<p>1\u00ba Dia: Escutar com o cora\u00e7\u00e3o;<\/p>\n\n\n\n<p>2\u00ba &nbsp;Dia: Escutar a Deus na mem\u00f3ria do processo congregacional;<\/p>\n\n\n\n<p>3\u00ba Dia: Escutar como Maria;<\/p>\n\n\n\n<p>4\u00ba Dia: Escuta ao estilo de Francisco, Clara e Bernarda<\/p>\n\n\n\n<p>5\u00ba Dia: Escutar a Deus na vozes contempor\u00e2neas<\/p>\n\n\n\n<p>6\u00ba Dia: Da escuta \u00e0 profecia<\/p>\n\n\n\n<p>A seguir acompanhamos o depoimento de algumas irm\u00e3s sobre a viv\u00eancia pessoal do retiro&#8230;<\/p>\n\n\n\n<p><\/p>\n\n\n\n<figure class=\"wp-block-embed is-type-video is-provider-youtube wp-block-embed-youtube wp-embed-aspect-16-9 wp-has-aspect-ratio\"><div class=\"wp-block-embed__wrapper\">\n<iframe loading=\"lazy\" title=\"retiro\" width=\"1080\" height=\"608\" src=\"https:\/\/www.youtube.com\/embed\/_-AdywJeus8?feature=oembed\"  allow=\"accelerometer; autoplay; clipboard-write; encrypted-media; gyroscope; picture-in-picture\" allowfullscreen><\/iframe>\n<\/div><\/figure>\n","protected":false},"excerpt":{"rendered":"<p>O retiro anual vivenciado pelas Irm\u00e3s Franciscanas Mission\u00e1rias de Maria Auxiliadora, neste ano de 2022, \u00a0sup\u00f5e o contexto congregacional que trata de consolidar o processo de reestrutura\u00e7\u00e3o\/reconfigura\u00e7\u00e3o\/ressignifica\u00e7\u00e3o congregacional.<\/p>\n","protected":false},"author":1,"featured_media":2062,"comment_status":"closed","ping_status":"closed","sticky":false,"template":"","format":"standard","meta":{"_et_pb_use_builder":"off","_et_pb_old_content":"","_et_gb_content_width":"1200","footnotes":""},"categories":[8],"tags":[],"class_list":["post-2061","post","type-post","status-publish","format-standard","has-post-thumbnail","hentry","category-noticias"],"_links":{"self":[{"href":"https:\/\/franciscanas.org\/portal\/brasil\/wp-json\/wp\/v2\/posts\/2061","targetHints":{"allow":["GET"]}}],"collection":[{"href":"https:\/\/franciscanas.org\/portal\/brasil\/wp-json\/wp\/v2\/posts"}],"about":[{"href":"https:\/\/franciscanas.org\/portal\/brasil\/wp-json\/wp\/v2\/types\/post"}],"author":[{"embeddable":true,"href":"https:\/\/franciscanas.org\/portal\/brasil\/wp-json\/wp\/v2\/users\/1"}],"replies":[{"embeddable":true,"href":"https:\/\/franciscanas.org\/portal\/brasil\/wp-json\/wp\/v2\/comments?post=2061"}],"version-history":[{"count":2,"href":"https:\/\/franciscanas.org\/portal\/brasil\/wp-json\/wp\/v2\/posts\/2061\/revisions"}],"predecessor-version":[{"id":2064,"href":"https:\/\/franciscanas.org\/portal\/brasil\/wp-json\/wp\/v2\/posts\/2061\/revisions\/2064"}],"wp:featuredmedia":[{"embeddable":true,"href":"https:\/\/franciscanas.org\/portal\/brasil\/wp-json\/wp\/v2\/media\/2062"}],"wp:attachment":[{"href":"https:\/\/franciscanas.org\/portal\/brasil\/wp-json\/wp\/v2\/media?parent=2061"}],"wp:term":[{"taxonomy":"category","embeddable":true,"href":"https:\/\/franciscanas.org\/portal\/brasil\/wp-json\/wp\/v2\/categories?post=2061"},{"taxonomy":"post_tag","embeddable":true,"href":"https:\/\/franciscanas.org\/portal\/brasil\/wp-json\/wp\/v2\/tags?post=2061"}],"curies":[{"name":"wp","href":"https:\/\/api.w.org\/{rel}","templated":true}]}}