{"id":1922,"date":"2022-10-08T18:00:00","date_gmt":"2022-10-08T21:00:00","guid":{"rendered":"https:\/\/franciscanas.org\/portal\/brasil\/?p=1922"},"modified":"2022-10-10T10:37:27","modified_gmt":"2022-10-10T13:37:27","slug":"regiao-missionaria-sao-francisco-de-assis-celebra-festa-do-patrono-e-jubileus","status":"publish","type":"post","link":"https:\/\/franciscanas.org\/portal\/brasil\/noticias\/regiao-missionaria-sao-francisco-de-assis-celebra-festa-do-patrono-e-jubileus\/","title":{"rendered":"Regi\u00e3o Mission\u00e1ria S\u00e3o Francisco de Assis celebra festa do patrono e jubileus"},"content":{"rendered":"\n<p>No dia 01 de outubro de 2022, na Sede Regional em Passo Fundo, Rio Grande do Sul, Brasil, as irm\u00e3s celebraram a primeira Festa da Regi\u00e3o Mission\u00e1ria S\u00e3o Francisco de Assis. A celebra\u00e7\u00e3o se deu em vista da proximidade do dia S\u00e3o Francisco de Assis &#8211; 04 de outubro &#8211; o padroeiro da Regi\u00e3o. As irm\u00e3s elevam a um hino de louvor a Deus pela vida e voca\u00e7\u00e3o deste santo de quem herdam as bases do carisma congregacional, a quem a Igreja se volta atualmente contemplando o testemunho de seguimento a Jesus Cristo, capaz de respostas t\u00e3o pertinentes para o tempo presente.<\/p>\n\n\n\n<p>A Regi\u00e3o Mission\u00e1ria S\u00e3o Francisco de Assis foi criada durante o XIX Cap\u00edtulo Geral Ordin\u00e1rio da Congrega\u00e7\u00e3o em setembro de 2021, quando suprimiu-se o modelo de organiza\u00e7\u00e3o estabelecido por prov\u00edncias erigindo, assim, as regi\u00f5es mission\u00e1rias. A Regi\u00e3o Mission\u00e1ria S\u00e3o Francisco de Assis situadas as fraternidades, obras e miss\u00f5es existentes na Bol\u00edvia, no Brazil, no Chile e no Peru. S\u00e3o Francisco \u00e9, portanto, um dos referentes do carisma no qual as irm\u00e3s de toda a Congrega\u00e7\u00e3o se inspiram para viver a consolida\u00e7\u00e3o do processo de ressignifica\u00e7\u00e3o congregacional, em \u201cFidelidade \u00e0 Alian\u00e7a\u201d que Deus realiza com consagradas e consagrados.<\/p>\n\n\n\n<p>Num clima muito alegre e fraterno, celebrou-se, tamb\u00e9m, dos jubileus de vida consagrada das irm\u00e3s que completam 60 e 70 anos de Vida Religiosa durante 2022. As irm\u00e3s jubilares s\u00e3o testemunho vivo de que Deus \u00e9 sempre fiel. De que \u00e9 poss\u00edvel superar toda e qualquer dificuldade para permanecer no caminho do seguimento a Jesus, na entrega generosa \u00e0 miss\u00e3o de anunciar o seu Reino. Deus confere aos seus vida em abund\u00e2ncia, no dom do Esp\u00edrito para \u201c<em>fazer novas todas coisas<\/em>\u201d(Ap 21,5).<\/p>\n\n\n\n<p>S\u00e3o irm\u00e3s jubilares:<br><\/p>\n\n\n\n<p>De 70 anos de Vida Religiosa<\/p>\n\n\n\n<p><\/p>\n\n\n\n<div class=\"wp-block-media-text is-stacked-on-mobile\" style=\"grid-template-columns:28% auto\"><figure class=\"wp-block-media-text__media\"><img loading=\"lazy\" decoding=\"async\" width=\"600\" height=\"407\" src=\"https:\/\/franciscanas.org\/portal\/brasil\/wp-content\/uploads\/sites\/5\/2022\/10\/Leonidia-1.png\" alt=\"\" class=\"wp-image-1957 size-full\" srcset=\"https:\/\/franciscanas.org\/portal\/brasil\/wp-content\/uploads\/sites\/5\/2022\/10\/Leonidia-1.png 600w, https:\/\/franciscanas.org\/portal\/brasil\/wp-content\/uploads\/sites\/5\/2022\/10\/Leonidia-1-480x326.png 480w\" sizes=\"(min-width: 0px) and (max-width: 480px) 480px, (min-width: 481px) 600px, 100vw\" \/><\/figure><div class=\"wp-block-media-text__content\">\n<h2 class=\"has-medium-font-size wp-block-heading\">Ir. Leon\u00eddia Stieven<\/h2>\n\n\n\n<p>Nasceu em 13 de setembro de 1928, na cidade de Xaxim, estado de Santa Catarina. Fez sua primeira profiss\u00e3o religiosa no ano de 1952. Formou-se professora e atuou na miss\u00e3o, especialmente com crian\u00e7as das s\u00e9ries iniciais. Gosta muito do artesanato e trabalhos manuais. \u00c9 uma irm\u00e3 muito alegre, dispon\u00edvel, cheia de pequenos detalhes no trato com as pessoas e demais irm\u00e3s.<\/p>\n\n\n\n<p><\/p>\n<\/div><\/div>\n\n\n\n<p><\/p>\n\n\n\n<div class=\"wp-block-media-text is-stacked-on-mobile is-vertically-aligned-center\" style=\"grid-template-columns:28% auto\"><figure class=\"wp-block-media-text__media\"><img loading=\"lazy\" decoding=\"async\" width=\"1024\" height=\"735\" src=\"https:\/\/franciscanas.org\/portal\/brasil\/wp-content\/uploads\/sites\/5\/2022\/10\/IrAngelaGai-19-1024x735.jpg\" alt=\"\" class=\"wp-image-1934 size-full\" srcset=\"https:\/\/franciscanas.org\/portal\/brasil\/wp-content\/uploads\/sites\/5\/2022\/10\/IrAngelaGai-19-1024x735.jpg 1024w, https:\/\/franciscanas.org\/portal\/brasil\/wp-content\/uploads\/sites\/5\/2022\/10\/IrAngelaGai-19-300x215.jpg 300w, https:\/\/franciscanas.org\/portal\/brasil\/wp-content\/uploads\/sites\/5\/2022\/10\/IrAngelaGai-19-768x551.jpg 768w, https:\/\/franciscanas.org\/portal\/brasil\/wp-content\/uploads\/sites\/5\/2022\/10\/IrAngelaGai-19-1536x1102.jpg 1536w, https:\/\/franciscanas.org\/portal\/brasil\/wp-content\/uploads\/sites\/5\/2022\/10\/IrAngelaGai-19-2048x1470.jpg 2048w, https:\/\/franciscanas.org\/portal\/brasil\/wp-content\/uploads\/sites\/5\/2022\/10\/IrAngelaGai-19-1080x775.jpg 1080w\" sizes=\"(max-width: 1024px) 100vw, 1024px\" \/><\/figure><div class=\"wp-block-media-text__content\">\n<h2 class=\"has-medium-font-size wp-block-heading\">Ir. Angela Gai<\/h2>\n\n\n\n<p>Nasceu em 20 de mar\u00e7o de 1925 em Iju\u00ed, no estado do Rio Grande do Sul. Fez a primeira profiss\u00e3o religiosa em fevereiro de 1952. Formou-se como auxiliar de enfermagem. Sempre muito pronta e dedicada ao servi\u00e7o, atuou na \u00e1rea da sa\u00fade e nos servi\u00e7os gerais. Atualmente, est\u00e1 na Fraternidade Bet\u00e2nia de Passo Fundo para cuidados de sa\u00fade.<\/p>\n<\/div><\/div>\n\n\n\n<p><\/p>\n\n\n\n<p>De 60 anos de Vida Religiosa<\/p>\n\n\n\n<p><\/p>\n\n\n\n<div class=\"wp-block-media-text is-stacked-on-mobile\" style=\"grid-template-columns:28% auto\"><figure class=\"wp-block-media-text__media\"><img loading=\"lazy\" decoding=\"async\" width=\"600\" height=\"412\" src=\"https:\/\/franciscanas.org\/portal\/brasil\/wp-content\/uploads\/sites\/5\/2022\/10\/Gentilina-1.png\" alt=\"\" class=\"wp-image-1958 size-full\" srcset=\"https:\/\/franciscanas.org\/portal\/brasil\/wp-content\/uploads\/sites\/5\/2022\/10\/Gentilina-1.png 600w, https:\/\/franciscanas.org\/portal\/brasil\/wp-content\/uploads\/sites\/5\/2022\/10\/Gentilina-1-480x330.png 480w\" sizes=\"(min-width: 0px) and (max-width: 480px) 480px, (min-width: 481px) 600px, 100vw\" \/><\/figure><div class=\"wp-block-media-text__content\">\n<h2 class=\"has-medium-font-size wp-block-heading\">Ir. Gentilina Zamberlan<\/h2>\n\n\n\n<p>Nasceu em Panambi, no estado do Rio Grande do Sul, no dia 05 de outubro de 1936. Fez a primeira profiss\u00e3o religiosa em janeiro de 1962. Formou-se como Auxiliar de Enfermagem e atuou em hospitais e cuidado de pessoas idosas. Tamb\u00e9m se dedicou \u00e0 arte da costura, malharia. Atualmente se dedica aos servi\u00e7os gerais. \u00c9 uma mulher pr\u00e1tica, dedicada e de bom gosto. Tem apre\u00e7o pela m\u00fasica e canto, com o que colabora na anima\u00e7\u00e3o lit\u00fargica. Reside em Camargo, Rio Grande do Sul, Brasil.<\/p>\n<\/div><\/div>\n\n\n\n<p><\/p>\n\n\n\n<div class=\"wp-block-media-text is-stacked-on-mobile\" style=\"grid-template-columns:28% auto\"><figure class=\"wp-block-media-text__media\"><img loading=\"lazy\" decoding=\"async\" width=\"600\" height=\"414\" src=\"https:\/\/franciscanas.org\/portal\/brasil\/wp-content\/uploads\/sites\/5\/2022\/10\/Gisela-1.png\" alt=\"\" class=\"wp-image-1959 size-full\" srcset=\"https:\/\/franciscanas.org\/portal\/brasil\/wp-content\/uploads\/sites\/5\/2022\/10\/Gisela-1.png 600w, https:\/\/franciscanas.org\/portal\/brasil\/wp-content\/uploads\/sites\/5\/2022\/10\/Gisela-1-480x331.png 480w\" sizes=\"(min-width: 0px) and (max-width: 480px) 480px, (min-width: 481px) 600px, 100vw\" \/><\/figure><div class=\"wp-block-media-text__content\">\n<h2 class=\"has-medium-font-size wp-block-heading\">Ir. Gisela Bruxel<\/h2>\n\n\n\n<p>Nasceu em Paverama, no estado do Rio Grande do Sul, no dia 26 de janeiro de 1942. Em 1962, fez a primeira profiss\u00e3o religiosa. Formada em Ci\u00eancias Sociais, atuou como professora na educa\u00e7\u00e3o b\u00e1sica por muitos anos. Tamb\u00e9m atuou na forma\u00e7\u00e3o catequ\u00e9tica, b\u00edblica, mission\u00e1ria e espiritualidade. Ainda desenvolve hoje atividades pastorais em Erechim, Rio Grande do Sul, Brasil.<\/p>\n<\/div><\/div>\n\n\n\n<p><\/p>\n\n\n\n<div class=\"wp-block-media-text is-stacked-on-mobile\" style=\"grid-template-columns:28% auto\"><figure class=\"wp-block-media-text__media\"><img loading=\"lazy\" decoding=\"async\" width=\"600\" height=\"408\" src=\"https:\/\/franciscanas.org\/portal\/brasil\/wp-content\/uploads\/sites\/5\/2022\/10\/Gelma-1.png\" alt=\"\" class=\"wp-image-1960 size-full\" srcset=\"https:\/\/franciscanas.org\/portal\/brasil\/wp-content\/uploads\/sites\/5\/2022\/10\/Gelma-1.png 600w, https:\/\/franciscanas.org\/portal\/brasil\/wp-content\/uploads\/sites\/5\/2022\/10\/Gelma-1-480x326.png 480w\" sizes=\"(min-width: 0px) and (max-width: 480px) 480px, (min-width: 481px) 600px, 100vw\" \/><\/figure><div class=\"wp-block-media-text__content\">\n<h2 class=\"has-medium-font-size wp-block-heading\">Ir. Gelma Feranti<\/h2>\n\n\n\n<p>Nasceu na cidade de Garibaldi, no Rio Grande do Sul, no dia 03 de maio de 1942. Fez a primeira profiss\u00e3o religiosa em janeiro de 1962. Atuou como professora no ensino b\u00e1sico, magist\u00e9rio e ensino superior. Tamb\u00e9m realizou forma\u00e7\u00e3o na \u00e1rea da espiritualidade e pastoral, onde muito atuou. Hoje realiza sua miss\u00e3o no Residencial Madre Bernarda de Gaurama, no Rio Grande do Sul, Brasil, obra que atende pessoas idosas.<\/p>\n<\/div><\/div>\n\n\n\n<p><\/p>\n\n\n\n<div class=\"wp-block-media-text is-stacked-on-mobile\" style=\"grid-template-columns:28% auto\"><figure class=\"wp-block-media-text__media\"><img loading=\"lazy\" decoding=\"async\" width=\"600\" height=\"414\" src=\"https:\/\/franciscanas.org\/portal\/brasil\/wp-content\/uploads\/sites\/5\/2022\/10\/medi-1.png\" alt=\"\" class=\"wp-image-1961 size-full\" srcset=\"https:\/\/franciscanas.org\/portal\/brasil\/wp-content\/uploads\/sites\/5\/2022\/10\/medi-1.png 600w, https:\/\/franciscanas.org\/portal\/brasil\/wp-content\/uploads\/sites\/5\/2022\/10\/medi-1-480x331.png 480w\" sizes=\"(min-width: 0px) and (max-width: 480px) 480px, (min-width: 481px) 600px, 100vw\" \/><\/figure><div class=\"wp-block-media-text__content\">\n<h2 class=\"has-medium-font-size wp-block-heading\">Ir. Medianeira Triarca<\/h2>\n\n\n\n<p>Nasceu em 04 de mar\u00e7o de 1942, em Severiano de Almeida, no Rio Grande do Sul. Em janeiro de 1952, realizou a primeira profiss\u00e3o religiosa. Formou-se professora de Letras (Portugu\u00eas), atuando na educa\u00e7\u00e3o b\u00e1sica e no magist\u00e9rio. Desenvolveu grande trabalho na \u00e1rea da pastoral paroquial e anima\u00e7\u00e3o vocacional. \u00c9 dotada de muitos dons art\u00edsticos. Hoje reside na Fraternidade Bet\u00e2nia de Passo Fundo para cuidados de sa\u00fade.<\/p>\n<\/div><\/div>\n\n\n\n<p><\/p>\n\n\n\n<div class=\"wp-block-media-text is-stacked-on-mobile\" style=\"grid-template-columns:28% auto\"><figure class=\"wp-block-media-text__media\"><img loading=\"lazy\" decoding=\"async\" width=\"600\" height=\"430\" src=\"https:\/\/franciscanas.org\/portal\/brasil\/wp-content\/uploads\/sites\/5\/2022\/10\/Jurema-1.png\" alt=\"\" class=\"wp-image-1962 size-full\" srcset=\"https:\/\/franciscanas.org\/portal\/brasil\/wp-content\/uploads\/sites\/5\/2022\/10\/Jurema-1.png 600w, https:\/\/franciscanas.org\/portal\/brasil\/wp-content\/uploads\/sites\/5\/2022\/10\/Jurema-1-480x344.png 480w\" sizes=\"(min-width: 0px) and (max-width: 480px) 480px, (min-width: 481px) 600px, 100vw\" \/><\/figure><div class=\"wp-block-media-text__content\">\n<h2 class=\"has-medium-font-size wp-block-heading\">Ir. Jurema Fazolo<\/h2>\n\n\n\n<p>Nasceu em Caxambu do Sul, no estado de Santa Catarina, no dia 21 de agosto de 1942. Fez sua primeira profiss\u00e3o religiosa em janeiro de 1962. Formou-se como professora, atuando na miss\u00e3o educativa por muitos anos. Tamb\u00e9m aperfei\u00e7oou-se na \u00e1rea da espiritualidade, catequese e forma\u00e7\u00e3o humana, o que a permitiu desenvolver atua\u00e7\u00e3o pastoral, especialmente na catequese. Sempre demonstrou muito amor e alegria com na miss\u00e3o. Atualmente reside em Chapec\u00f3, Santa Catarina.<\/p>\n\n\n\n<p><\/p>\n<\/div><\/div>\n\n\n\n<p><\/p>\n\n\n\n<div class=\"wp-block-media-text is-stacked-on-mobile\" style=\"grid-template-columns:28% auto\"><figure class=\"wp-block-media-text__media\"><img loading=\"lazy\" decoding=\"async\" width=\"600\" height=\"439\" src=\"https:\/\/franciscanas.org\/portal\/brasil\/wp-content\/uploads\/sites\/5\/2022\/10\/Irma-1.png\" alt=\"\" class=\"wp-image-1963 size-full\" srcset=\"https:\/\/franciscanas.org\/portal\/brasil\/wp-content\/uploads\/sites\/5\/2022\/10\/Irma-1.png 600w, https:\/\/franciscanas.org\/portal\/brasil\/wp-content\/uploads\/sites\/5\/2022\/10\/Irma-1-480x351.png 480w\" sizes=\"(min-width: 0px) and (max-width: 480px) 480px, (min-width: 481px) 600px, 100vw\" \/><\/figure><div class=\"wp-block-media-text__content\">\n<h2 class=\"has-medium-font-size wp-block-heading\">Ir. Irma Miotto<\/h2>\n\n\n\n<p>Nasceu no dia 17 de novembro de 1942, em Severiano de Almeida, no estado do Rio Grande do Sul. Fez a primeira profiss\u00e3o religiosa em janeiro de 1962. Formou-se como Auxiliar de Enfermagem exercendo a miss\u00e3o em hospitais e no cuidado de pessoas idosas. Muito habilidosa em manualidades, desenvolveu muitos dons e trabalhos art\u00edsticos. Continua colaborando com a miss\u00e3o da educadora no Col\u00e9gio Franciscano S\u00e3o Jos\u00e9 de Erechim, Rio Grande do Sul.<\/p>\n\n\n\n<p><\/p>\n<\/div><\/div>\n\n\n\n<p><\/p>\n\n\n\n<div class=\"wp-block-media-text is-stacked-on-mobile\" style=\"grid-template-columns:28% auto\"><figure class=\"wp-block-media-text__media\"><img loading=\"lazy\" decoding=\"async\" width=\"600\" height=\"411\" src=\"https:\/\/franciscanas.org\/portal\/brasil\/wp-content\/uploads\/sites\/5\/2022\/10\/Metilde-1.png\" alt=\"\" class=\"wp-image-1964 size-full\" srcset=\"https:\/\/franciscanas.org\/portal\/brasil\/wp-content\/uploads\/sites\/5\/2022\/10\/Metilde-1.png 600w, https:\/\/franciscanas.org\/portal\/brasil\/wp-content\/uploads\/sites\/5\/2022\/10\/Metilde-1-480x329.png 480w\" sizes=\"(min-width: 0px) and (max-width: 480px) 480px, (min-width: 481px) 600px, 100vw\" \/><\/figure><div class=\"wp-block-media-text__content\">\n<h2 class=\"has-medium-font-size wp-block-heading\">Ir. Metilde Sonda<\/h2>\n\n\n\n<p>Nasceu no dia 03 de fevereiro de 1936, em Erechim no Rio Grande do Sul. Realizou a primeira profiss\u00e3o religiosa em janeiro de 1962. Sua forma\u00e7\u00e3o \u00e9 como Auxiliar de Enfermagem. Atuou na miss\u00e3o da sa\u00fade e administra\u00e7\u00e3o hospitalar. Sempre muito dedicada e abnegada nestes servi\u00e7os. Atualmente, comp\u00f5e a fraternidade do Asilo Santo Ant\u00f4nio de Cruz Alta no Rio Grande do Sul.<\/p>\n\n\n\n<p><\/p>\n<\/div><\/div>\n\n\n\n<p><\/p>\n\n\n\n<div class=\"wp-block-media-text is-stacked-on-mobile\" style=\"grid-template-columns:28% auto\"><figure class=\"wp-block-media-text__media\"><img loading=\"lazy\" decoding=\"async\" width=\"600\" height=\"394\" src=\"https:\/\/franciscanas.org\/portal\/brasil\/wp-content\/uploads\/sites\/5\/2022\/10\/Trieste-1.png\" alt=\"\" class=\"wp-image-1965 size-full\" srcset=\"https:\/\/franciscanas.org\/portal\/brasil\/wp-content\/uploads\/sites\/5\/2022\/10\/Trieste-1.png 600w, https:\/\/franciscanas.org\/portal\/brasil\/wp-content\/uploads\/sites\/5\/2022\/10\/Trieste-1-480x315.png 480w\" sizes=\"(min-width: 0px) and (max-width: 480px) 480px, (min-width: 481px) 600px, 100vw\" \/><\/figure><div class=\"wp-block-media-text__content\">\n<h2 class=\"has-medium-font-size wp-block-heading\">Ir. Trieste Sonda<\/h2>\n\n\n\n<p>Nasceu no dia 10 de fevereiro de 1939, em Erechim, no Rio Grande do Sul. Fez a profiss\u00e3o religiosa em janeiro de 1962. Sua forma\u00e7\u00e3o \u00e9 como Auxiliar de Enfermagem e Radiologia. Atuou muitos anos na \u00e1rea da sa\u00fade, tanto em hospitais como no cuidado de pessoas idosas. Dotada de muitos dons pr\u00e1ticos, colaborou muitos anos como cozinheira e nos servi\u00e7os gerais das fraternidades. De personalidade alegre, simples e acolhedora revela-se amante da natureza e pessoa contemplativa. \u00c9 membro da fraternidade da Sede Regional em Passo Fundo, Rio Grande do Sul.<\/p>\n<\/div><\/div>\n\n\n\n<p><\/p>\n\n\n\n<p><\/p>\n\n\n\n<p><\/p>\n","protected":false},"excerpt":{"rendered":"<p>No dia 01 de outubro de 2022, na Sede Regional em Passo Fundo, Rio Grande do Sul, Brasil, as irm\u00e3s celebraram a primeira Festa da Regi\u00e3o Mission\u00e1ria S\u00e3o Francisco de Assis. A celebra\u00e7\u00e3o se deu em vista da proximidade do dia S\u00e3o Francisco de Assis &#8211; 04 de outubro &#8211; o padroeiro da Regi\u00e3o. As irm\u00e3s elevam a um hino de louvor a Deus pela vida e voca\u00e7\u00e3o deste santo de quem herdam as bases do carisma congregacional, a quem a Igreja se volta atualmente contemplando o testemunho de seguimento a Jesus Cristo, capaz de respostas t\u00e3o pertinentes para o tempo presente.<\/p>\n","protected":false},"author":1,"featured_media":1923,"comment_status":"closed","ping_status":"closed","sticky":false,"template":"","format":"standard","meta":{"_et_pb_use_builder":"off","_et_pb_old_content":"","_et_gb_content_width":"1200","footnotes":""},"categories":[8],"tags":[],"class_list":["post-1922","post","type-post","status-publish","format-standard","has-post-thumbnail","hentry","category-noticias"],"_links":{"self":[{"href":"https:\/\/franciscanas.org\/portal\/brasil\/wp-json\/wp\/v2\/posts\/1922","targetHints":{"allow":["GET"]}}],"collection":[{"href":"https:\/\/franciscanas.org\/portal\/brasil\/wp-json\/wp\/v2\/posts"}],"about":[{"href":"https:\/\/franciscanas.org\/portal\/brasil\/wp-json\/wp\/v2\/types\/post"}],"author":[{"embeddable":true,"href":"https:\/\/franciscanas.org\/portal\/brasil\/wp-json\/wp\/v2\/users\/1"}],"replies":[{"embeddable":true,"href":"https:\/\/franciscanas.org\/portal\/brasil\/wp-json\/wp\/v2\/comments?post=1922"}],"version-history":[{"count":11,"href":"https:\/\/franciscanas.org\/portal\/brasil\/wp-json\/wp\/v2\/posts\/1922\/revisions"}],"predecessor-version":[{"id":1968,"href":"https:\/\/franciscanas.org\/portal\/brasil\/wp-json\/wp\/v2\/posts\/1922\/revisions\/1968"}],"wp:featuredmedia":[{"embeddable":true,"href":"https:\/\/franciscanas.org\/portal\/brasil\/wp-json\/wp\/v2\/media\/1923"}],"wp:attachment":[{"href":"https:\/\/franciscanas.org\/portal\/brasil\/wp-json\/wp\/v2\/media?parent=1922"}],"wp:term":[{"taxonomy":"category","embeddable":true,"href":"https:\/\/franciscanas.org\/portal\/brasil\/wp-json\/wp\/v2\/categories?post=1922"},{"taxonomy":"post_tag","embeddable":true,"href":"https:\/\/franciscanas.org\/portal\/brasil\/wp-json\/wp\/v2\/tags?post=1922"}],"curies":[{"name":"wp","href":"https:\/\/api.w.org\/{rel}","templated":true}]}}