{"id":1792,"date":"2022-09-13T23:59:00","date_gmt":"2022-09-14T02:59:00","guid":{"rendered":"https:\/\/franciscanas.org\/portal\/brasil\/?p=1792"},"modified":"2022-09-13T22:40:57","modified_gmt":"2022-09-14T01:40:57","slug":"o-chamado-de-deus-no-despontar-da-aurora","status":"publish","type":"post","link":"https:\/\/franciscanas.org\/portal\/brasil\/noticias\/o-chamado-de-deus-no-despontar-da-aurora\/","title":{"rendered":"O chamado de Deus no despontar da aurora"},"content":{"rendered":"\n<p>Roc\u00edo Cumanda Aguinzaca Valdiviezo, \u00e9 uma jovem de 19 anos, nascida em uma fam\u00edlia simples e zelosa, que ganha a vida trabalhando entre a plan\u00edcie e a serra de Chuquiribamba (Loja\/Equador), um dia sentiu em seu cora\u00e7\u00e3o o chamado do Senhor para come\u00e7ar uma aventura fascinante: conhecer a Vida Consagrada.<\/p>\n\n\n\n<p>Depois de quase um ano de conviv\u00eancia com as Irm\u00e3s Franciscanas Mission\u00e1rias de Maria Auxiliadora, Roc\u00edo Cumanda expressa:<br>\u201cDurante estes dez meses de partilha com as Irm\u00e3s da Fraternidade Maria Auxiliadora de Quito\/Equador e outras Irm\u00e3s de passagem, minha experi\u00eancia foi melhor do que imaginei, por isso sou grata a Deus e a Comunidade por essa oportunidade. \u00c9 verdade que nem tudo s\u00e3o cor-de-rosa, mas tenho a certeza de que, mesmo os momentos desafiadores, t\u00eam sido de grande ajuda para o meu processo vocacional\u201d.<\/p>\n\n\n\n<p>Roc\u00edo Cumanda n\u00e3o foi a \u00fanica jovem chamada a viver esta experi\u00eancia durante o ano de 2022 e, com a gra\u00e7a de Deus, segue alegre e perseverante sua caminhada vocacional. O pr\u00e9-postulantado \u00e9 uma etapa importante para a jovem conhecer e viver mais de perto o que \u00e9 a Vida Religiosa.<\/p>\n\n\n\n<p>\u00c9 tamb\u00e9m um espa\u00e7o para que a Comunidade Religiosa conhe\u00e7a a jovem, ajudando-a a discernir suas motiva\u00e7\u00f5es. Assim como Deus escolheu a Virgem Maria e lhe confiou uma miss\u00e3o de fundamental na hist\u00f3ria da salva\u00e7\u00e3o, hoje ele continua chamando muitos jovens e os convida a n\u00e3o ter medo de consagrar suas vidas a Ele, como diz o Papa Francisco: &#8220;Deus n\u00e3o tira nada, mas tudo d\u00e1\u201d. Paz e bem.<\/p>\n\n\n\n<p style=\"font-size:14px\">Por Ir. Flor Acosta S\u00e1nchez \u2013 Acompanhante do Pr\u00e9-postulantado<\/p>\n","protected":false},"excerpt":{"rendered":"<p>Roc\u00edo Cumanda Aguinzaca Valdiviezo, \u00e9 uma jovem de 19 anos, nascida em uma fam\u00edlia simples e zelosa, que ganha a vida trabalhando entre a plan\u00edcie e a serra de Chuquiribamba (Loja\/Equador), um dia sentiu em seu cora\u00e7\u00e3o o chamado do Senhor para come\u00e7ar uma aventura fascinante: conhecer a Vida Consagrada. Depois de quase um ano [&hellip;]<\/p>\n","protected":false},"author":1,"featured_media":1794,"comment_status":"closed","ping_status":"closed","sticky":false,"template":"","format":"standard","meta":{"_et_pb_use_builder":"off","_et_pb_old_content":"","_et_gb_content_width":"1200","footnotes":""},"categories":[8],"tags":[],"class_list":["post-1792","post","type-post","status-publish","format-standard","has-post-thumbnail","hentry","category-noticias"],"_links":{"self":[{"href":"https:\/\/franciscanas.org\/portal\/brasil\/wp-json\/wp\/v2\/posts\/1792","targetHints":{"allow":["GET"]}}],"collection":[{"href":"https:\/\/franciscanas.org\/portal\/brasil\/wp-json\/wp\/v2\/posts"}],"about":[{"href":"https:\/\/franciscanas.org\/portal\/brasil\/wp-json\/wp\/v2\/types\/post"}],"author":[{"embeddable":true,"href":"https:\/\/franciscanas.org\/portal\/brasil\/wp-json\/wp\/v2\/users\/1"}],"replies":[{"embeddable":true,"href":"https:\/\/franciscanas.org\/portal\/brasil\/wp-json\/wp\/v2\/comments?post=1792"}],"version-history":[{"count":2,"href":"https:\/\/franciscanas.org\/portal\/brasil\/wp-json\/wp\/v2\/posts\/1792\/revisions"}],"predecessor-version":[{"id":1796,"href":"https:\/\/franciscanas.org\/portal\/brasil\/wp-json\/wp\/v2\/posts\/1792\/revisions\/1796"}],"wp:featuredmedia":[{"embeddable":true,"href":"https:\/\/franciscanas.org\/portal\/brasil\/wp-json\/wp\/v2\/media\/1794"}],"wp:attachment":[{"href":"https:\/\/franciscanas.org\/portal\/brasil\/wp-json\/wp\/v2\/media?parent=1792"}],"wp:term":[{"taxonomy":"category","embeddable":true,"href":"https:\/\/franciscanas.org\/portal\/brasil\/wp-json\/wp\/v2\/categories?post=1792"},{"taxonomy":"post_tag","embeddable":true,"href":"https:\/\/franciscanas.org\/portal\/brasil\/wp-json\/wp\/v2\/tags?post=1792"}],"curies":[{"name":"wp","href":"https:\/\/api.w.org\/{rel}","templated":true}]}}