{"id":1706,"date":"2022-08-26T07:00:00","date_gmt":"2022-08-26T10:00:00","guid":{"rendered":"https:\/\/franciscanas.org\/portal\/brasil\/?p=1706"},"modified":"2022-08-22T22:58:05","modified_gmt":"2022-08-23T01:58:05","slug":"um-olhar-de-amor-na-educacao-frutos-da-nossa-congregacao","status":"publish","type":"post","link":"https:\/\/franciscanas.org\/portal\/brasil\/noticias\/um-olhar-de-amor-na-educacao-frutos-da-nossa-congregacao\/","title":{"rendered":"Um olhar de amor na educa\u00e7\u00e3o&#8230; Frutos da nossa Congrega\u00e7\u00e3o"},"content":{"rendered":"\n<p>A Congrega\u00e7\u00e3o das Irm\u00e3s Franciscanas Mission\u00e1rias de Maria Auxiliadora, na Regi\u00e3o Mission\u00e1ria \u201cSanta Maria Bernarda\u201d, participa do \u00e1rduo trabalho evangelizador e mission\u00e1rio na cidade de Cartagena, na Col\u00f4mbia, no bairro Nelson Mandela, promovendo a viv\u00eancia dos valores do amor, justi\u00e7a, paz e perd\u00e3o; pr\u00f3prios da f\u00e9 crist\u00e3 cat\u00f3lica e da vida franciscana, com a finalidade de educar e capacitar plenamente nossos confiados da Funda\u00e7\u00e3o Madre Elfride: institui\u00e7\u00f5es educativas Bernardo Foegen e Bertha Suttner. A\u00ed, nossa fraternidade se define como uma comunidade de irm\u00e3s mission\u00e1rias por excel\u00eancia na espiritualidade franciscana e de Santa Maria Bernarda. <\/p>\n\n\n\n<p>No desejo da recordada Madre Elfride, a congrega\u00e7\u00e3o quis simplesmente contribuir para a educa\u00e7\u00e3o das crian\u00e7as mais necessitadas, atrav\u00e9s do apelo \u00e0 constru\u00e7\u00e3o de uma sociedade melhor, onde possamos ser instrumentos de paz e bem, amantes da natureza e defensores dos direitos humanos, apoio \u00e0 fam\u00edlia como c\u00e9lula primordial da sociedade e primeira escola de amor e forma\u00e7\u00e3o. Este trabalho \u00e1rduo \u00e9 desenvolvido atrav\u00e9s de v\u00ednculos com benfeitores, que contribuem para solucionar as necessidades de nosso trabalho educacional. <\/p>\n\n\n\n<p>Nas sedes educativas foi inaugurada uma Sala de Aula Interativa em nossos espa\u00e7os educacionais, concedida pela Funda\u00e7\u00e3o Franziskaner Helfen, de Bonn &#8211; Alemanha. As salas de aula levam precisamente esse nome. S\u00e3o um espa\u00e7o interativo que incorpora o uso das TICs no processo de ensino-aprendizagem, onde alunos, professores, pais e a comunidade educativa em geral participam de forma din\u00e2mica. <\/p>\n\n\n\n<p>Visando o princ\u00edpio de uma educa\u00e7\u00e3o integral, existe uma alian\u00e7a entre a Fundaci\u00f3n Madre Elfride e a Fundaci\u00f3n Tenaris-Tubo Caribe, cujo objetivo \u00e9 oferecer uma educa\u00e7\u00e3o de qualidade que permita que alunos e graduados tenham ferramentas que fortale\u00e7am seu conhecimento e aprendizado, que torn\u00e1-los competitivos e com habilidades que lhes permitam obter emprego decente e, no melhor dos casos, criar projetos para gerar emprego e oportunidades para outros. Por isso, a Funda\u00e7\u00e3o Madre Elfride disp\u00f5e de espa\u00e7os modernos e equipados com maquin\u00e1rio que, com o apoio estrat\u00e9gico e oportuno da Funda\u00e7\u00e3o Tenaris, \u00e9 oferecido aos alunos. Temos o programa de MEC\u00c2NICA INDUSTRIAL E MANUTEN\u00c7\u00c3O EL\u00c9TRICA. <\/p>\n\n\n\n<p>Para saber mais sobre este trabalho mission\u00e1rio congregacional, convidamos voc\u00ea a visitar o site da funda\u00e7\u00e3o e suas redes sociais: <\/p>\n\n\n\n<p><strong>Site:<\/strong> www.fundacionmadreelfride.edu.co<br><strong>Facebook:<\/strong> Fundaci\u00f3n Madre Elfride Cartagena<br><strong>Canal de YouTube:<\/strong> Fundaci\u00f3n Madre Elfride<br><strong>Instagram:<\/strong> @fundacionmadreelfride<\/p>\n\n\n\n<p><\/p>\n\n\n\n<p><\/p>\n\n\n\n<figure class=\"wp-block-gallery has-nested-images columns-2 is-cropped wp-block-gallery-1 is-layout-flex wp-block-gallery-is-layout-flex\">\n<figure class=\"wp-block-image size-large\"><img loading=\"lazy\" decoding=\"async\" width=\"800\" height=\"500\" data-id=\"1711\" src=\"https:\/\/franciscanas.org\/portal\/brasil\/wp-content\/uploads\/sites\/5\/2022\/08\/01-N.-Mandela.png\" alt=\"\" class=\"wp-image-1711\" srcset=\"https:\/\/franciscanas.org\/portal\/brasil\/wp-content\/uploads\/sites\/5\/2022\/08\/01-N.-Mandela.png 800w, https:\/\/franciscanas.org\/portal\/brasil\/wp-content\/uploads\/sites\/5\/2022\/08\/01-N.-Mandela-480x300.png 480w\" sizes=\"(min-width: 0px) and (max-width: 480px) 480px, (min-width: 481px) 800px, 100vw\" \/><\/figure>\n\n\n\n<figure class=\"wp-block-image size-large\"><img loading=\"lazy\" decoding=\"async\" width=\"800\" height=\"500\" data-id=\"1709\" src=\"https:\/\/franciscanas.org\/portal\/brasil\/wp-content\/uploads\/sites\/5\/2022\/08\/02-n.-Mandela.png\" alt=\"\" class=\"wp-image-1709\" srcset=\"https:\/\/franciscanas.org\/portal\/brasil\/wp-content\/uploads\/sites\/5\/2022\/08\/02-n.-Mandela.png 800w, https:\/\/franciscanas.org\/portal\/brasil\/wp-content\/uploads\/sites\/5\/2022\/08\/02-n.-Mandela-480x300.png 480w\" sizes=\"(min-width: 0px) and (max-width: 480px) 480px, (min-width: 481px) 800px, 100vw\" \/><\/figure>\n\n\n\n<figure class=\"wp-block-image size-large\"><img loading=\"lazy\" decoding=\"async\" width=\"800\" height=\"500\" data-id=\"1710\" src=\"https:\/\/franciscanas.org\/portal\/brasil\/wp-content\/uploads\/sites\/5\/2022\/08\/04-N.-Mandela.png\" alt=\"\" class=\"wp-image-1710\" srcset=\"https:\/\/franciscanas.org\/portal\/brasil\/wp-content\/uploads\/sites\/5\/2022\/08\/04-N.-Mandela.png 800w, https:\/\/franciscanas.org\/portal\/brasil\/wp-content\/uploads\/sites\/5\/2022\/08\/04-N.-Mandela-480x300.png 480w\" sizes=\"(min-width: 0px) and (max-width: 480px) 480px, (min-width: 481px) 800px, 100vw\" \/><\/figure>\n\n\n\n<figure class=\"wp-block-image size-large\"><img loading=\"lazy\" decoding=\"async\" width=\"800\" height=\"500\" data-id=\"1714\" src=\"https:\/\/franciscanas.org\/portal\/brasil\/wp-content\/uploads\/sites\/5\/2022\/08\/05-N.-Mandela.png\" alt=\"\" class=\"wp-image-1714\" srcset=\"https:\/\/franciscanas.org\/portal\/brasil\/wp-content\/uploads\/sites\/5\/2022\/08\/05-N.-Mandela.png 800w, https:\/\/franciscanas.org\/portal\/brasil\/wp-content\/uploads\/sites\/5\/2022\/08\/05-N.-Mandela-480x300.png 480w\" sizes=\"(min-width: 0px) and (max-width: 480px) 480px, (min-width: 481px) 800px, 100vw\" \/><\/figure>\n\n\n\n<figure class=\"wp-block-image size-large\"><img loading=\"lazy\" decoding=\"async\" width=\"800\" height=\"500\" data-id=\"1712\" src=\"https:\/\/franciscanas.org\/portal\/brasil\/wp-content\/uploads\/sites\/5\/2022\/08\/06-N.-Mandela.png\" alt=\"\" class=\"wp-image-1712\" srcset=\"https:\/\/franciscanas.org\/portal\/brasil\/wp-content\/uploads\/sites\/5\/2022\/08\/06-N.-Mandela.png 800w, https:\/\/franciscanas.org\/portal\/brasil\/wp-content\/uploads\/sites\/5\/2022\/08\/06-N.-Mandela-480x300.png 480w\" sizes=\"(min-width: 0px) and (max-width: 480px) 480px, (min-width: 481px) 800px, 100vw\" \/><\/figure>\n\n\n\n<figure class=\"wp-block-image size-large\"><img loading=\"lazy\" decoding=\"async\" width=\"800\" height=\"500\" data-id=\"1713\" src=\"https:\/\/franciscanas.org\/portal\/brasil\/wp-content\/uploads\/sites\/5\/2022\/08\/08-N.-Mandela.png\" alt=\"\" class=\"wp-image-1713\" srcset=\"https:\/\/franciscanas.org\/portal\/brasil\/wp-content\/uploads\/sites\/5\/2022\/08\/08-N.-Mandela.png 800w, https:\/\/franciscanas.org\/portal\/brasil\/wp-content\/uploads\/sites\/5\/2022\/08\/08-N.-Mandela-480x300.png 480w\" sizes=\"(min-width: 0px) and (max-width: 480px) 480px, (min-width: 481px) 800px, 100vw\" \/><\/figure>\n<\/figure>\n","protected":false},"excerpt":{"rendered":"<p>A Congrega\u00e7\u00e3o das Irm\u00e3s Franciscanas Mission\u00e1rias de Maria Auxiliadora, na Regi\u00e3o Mission\u00e1ria \u201cSanta Maria Bernarda\u201d, participa do \u00e1rduo trabalho evangelizador e mission\u00e1rio na cidade de Cartagena, na Col\u00f4mbia, no bairro Nelson Mandela, promovendo a viv\u00eancia dos valores do amor, justi\u00e7a, paz e perd\u00e3o; pr\u00f3prios da f\u00e9 crist\u00e3 cat\u00f3lica e da vida franciscana, com a finalidade [&hellip;]<\/p>\n","protected":false},"author":1,"featured_media":1707,"comment_status":"closed","ping_status":"closed","sticky":false,"template":"","format":"standard","meta":{"_et_pb_use_builder":"off","_et_pb_old_content":"","_et_gb_content_width":"1200","footnotes":""},"categories":[8],"tags":[],"class_list":["post-1706","post","type-post","status-publish","format-standard","has-post-thumbnail","hentry","category-noticias"],"_links":{"self":[{"href":"https:\/\/franciscanas.org\/portal\/brasil\/wp-json\/wp\/v2\/posts\/1706","targetHints":{"allow":["GET"]}}],"collection":[{"href":"https:\/\/franciscanas.org\/portal\/brasil\/wp-json\/wp\/v2\/posts"}],"about":[{"href":"https:\/\/franciscanas.org\/portal\/brasil\/wp-json\/wp\/v2\/types\/post"}],"author":[{"embeddable":true,"href":"https:\/\/franciscanas.org\/portal\/brasil\/wp-json\/wp\/v2\/users\/1"}],"replies":[{"embeddable":true,"href":"https:\/\/franciscanas.org\/portal\/brasil\/wp-json\/wp\/v2\/comments?post=1706"}],"version-history":[{"count":3,"href":"https:\/\/franciscanas.org\/portal\/brasil\/wp-json\/wp\/v2\/posts\/1706\/revisions"}],"predecessor-version":[{"id":1718,"href":"https:\/\/franciscanas.org\/portal\/brasil\/wp-json\/wp\/v2\/posts\/1706\/revisions\/1718"}],"wp:featuredmedia":[{"embeddable":true,"href":"https:\/\/franciscanas.org\/portal\/brasil\/wp-json\/wp\/v2\/media\/1707"}],"wp:attachment":[{"href":"https:\/\/franciscanas.org\/portal\/brasil\/wp-json\/wp\/v2\/media?parent=1706"}],"wp:term":[{"taxonomy":"category","embeddable":true,"href":"https:\/\/franciscanas.org\/portal\/brasil\/wp-json\/wp\/v2\/categories?post=1706"},{"taxonomy":"post_tag","embeddable":true,"href":"https:\/\/franciscanas.org\/portal\/brasil\/wp-json\/wp\/v2\/tags?post=1706"}],"curies":[{"name":"wp","href":"https:\/\/api.w.org\/{rel}","templated":true}]}}