{"id":1683,"date":"2022-08-06T07:00:00","date_gmt":"2022-08-06T10:00:00","guid":{"rendered":"https:\/\/franciscanas.org\/portal\/brasil\/?p=1683"},"modified":"2022-08-19T18:51:29","modified_gmt":"2022-08-19T21:51:29","slug":"projetos-pastorais-transformando-realidades-do-nosso-grao-de-areia","status":"publish","type":"post","link":"https:\/\/franciscanas.org\/portal\/brasil\/noticias\/projetos-pastorais-transformando-realidades-do-nosso-grao-de-areia\/","title":{"rendered":"Projetos Pastorais: transformando realidades do nosso gr\u00e3o de areia"},"content":{"rendered":"\n<p>Como filhas de Santa Maria Bernarda, continuamos comprometidas com a op\u00e7\u00e3o pelos pobres, quando olhamos a realidade e encontramos os rostos de milhares de formas de pobreza, que representam o rosto de Cristo sofredor, que nos olha e nos desafia. Esta op\u00e7\u00e3o nos inspira a nos esfor\u00e7ar para realmente alcan\u00e7\u00e1-los com nosso servi\u00e7o mission\u00e1rio solid\u00e1rio, criando alternativas.<\/p>\n\n\n\n<p>Desejamos continuar com a miss\u00e3o, respondendo ao Plano Congregacional Global na dimens\u00e3o da Solidariedade Mission\u00e1ria. De 29 a 31 de julho foi realizada uma Oficina de Projetos Pastorais, com a participa\u00e7\u00e3o de 5 leigos e 31 irm\u00e3s, em nosso Centro de Espiritualidade, Cartagena. O objetivo foi capacitar irm\u00e3s e leigos na elabora\u00e7\u00e3o de projetos pastorais que contribuam para a transforma\u00e7\u00e3o da realidade, respondendo aos desafios e perspectivas com sentido solid\u00e1rio e oferecendo elementos para a arrecada\u00e7\u00e3o de recursos a partir da miss\u00e3o.<\/p>\n\n\n\n<p>A reuni\u00e3o contou com a assessoria de Zenaide Rodr\u00edguez de Andrade, com a proposta metodol\u00f3gica baseada na estrat\u00e9gia org\u00e2nica da Congrega\u00e7\u00e3o em seu processo de ressignifica\u00e7\u00e3o das esferas congregacionais que orientam o ser e as atividades mission\u00e1rias. A espiritualidade que animava o encontro foi \u201cRessignificada na Fidelidade \u00e0 Alian\u00e7a\u201d.<\/p>\n\n\n\n<p>Uma irm\u00e3 de cada Regi\u00e3o Mission\u00e1ria da Congrega\u00e7\u00e3o compartilhou um ou dois projetos na troca de experi\u00eancias na equipe, para perceber a situa\u00e7\u00e3o dos projetos, onde foi desenvolvido, como era a realidade antes de promover o projeto, em que situa\u00e7\u00e3o intervimos e quais resultados foram alcan\u00e7ados.<\/p>\n\n\n\n<p>As Irm\u00e3s Silvana Arboit e Cruz Elena Cardona, respons\u00e1veis \u200b\u200bpelo Eixo da Congrega\u00e7\u00e3o Sa\u00edda da organiza\u00e7\u00e3o congregacional, agradecem muito a presen\u00e7a das irm\u00e3s e leigos que participaram.<\/p>\n\n\n\n<p><\/p>\n\n\n\n<figure class=\"wp-block-gallery has-nested-images columns-2 is-cropped wp-block-gallery-1 is-layout-flex wp-block-gallery-is-layout-flex\">\n<figure class=\"wp-block-image size-large\"><img loading=\"lazy\" decoding=\"async\" width=\"800\" height=\"600\" data-id=\"1688\" src=\"https:\/\/franciscanas.org\/portal\/brasil\/wp-content\/uploads\/sites\/5\/2022\/08\/foto-1.png\" alt=\"\" class=\"wp-image-1688\" srcset=\"https:\/\/franciscanas.org\/portal\/brasil\/wp-content\/uploads\/sites\/5\/2022\/08\/foto-1.png 800w, https:\/\/franciscanas.org\/portal\/brasil\/wp-content\/uploads\/sites\/5\/2022\/08\/foto-1-480x360.png 480w\" sizes=\"(min-width: 0px) and (max-width: 480px) 480px, (min-width: 481px) 800px, 100vw\" \/><\/figure>\n\n\n\n<figure class=\"wp-block-image size-large\"><img loading=\"lazy\" decoding=\"async\" width=\"640\" height=\"853\" data-id=\"1690\" src=\"https:\/\/franciscanas.org\/portal\/brasil\/wp-content\/uploads\/sites\/5\/2022\/08\/foto-3.png\" alt=\"\" class=\"wp-image-1690\" srcset=\"https:\/\/franciscanas.org\/portal\/brasil\/wp-content\/uploads\/sites\/5\/2022\/08\/foto-3.png 640w, https:\/\/franciscanas.org\/portal\/brasil\/wp-content\/uploads\/sites\/5\/2022\/08\/foto-3-480x640.png 480w\" sizes=\"(min-width: 0px) and (max-width: 480px) 480px, (min-width: 481px) 640px, 100vw\" \/><\/figure>\n\n\n\n<figure class=\"wp-block-image size-large\"><img loading=\"lazy\" decoding=\"async\" width=\"800\" height=\"505\" data-id=\"1691\" src=\"https:\/\/franciscanas.org\/portal\/brasil\/wp-content\/uploads\/sites\/5\/2022\/08\/foto-4.png\" alt=\"\" class=\"wp-image-1691\" srcset=\"https:\/\/franciscanas.org\/portal\/brasil\/wp-content\/uploads\/sites\/5\/2022\/08\/foto-4.png 800w, https:\/\/franciscanas.org\/portal\/brasil\/wp-content\/uploads\/sites\/5\/2022\/08\/foto-4-480x303.png 480w\" sizes=\"(min-width: 0px) and (max-width: 480px) 480px, (min-width: 481px) 800px, 100vw\" \/><\/figure>\n\n\n\n<figure class=\"wp-block-image size-large\"><img loading=\"lazy\" decoding=\"async\" width=\"800\" height=\"600\" data-id=\"1689\" src=\"https:\/\/franciscanas.org\/portal\/brasil\/wp-content\/uploads\/sites\/5\/2022\/08\/foto-5.png\" alt=\"\" class=\"wp-image-1689\" srcset=\"https:\/\/franciscanas.org\/portal\/brasil\/wp-content\/uploads\/sites\/5\/2022\/08\/foto-5.png 800w, https:\/\/franciscanas.org\/portal\/brasil\/wp-content\/uploads\/sites\/5\/2022\/08\/foto-5-480x360.png 480w\" sizes=\"(min-width: 0px) and (max-width: 480px) 480px, (min-width: 481px) 800px, 100vw\" \/><\/figure>\n\n\n\n<figure class=\"wp-block-image size-large\"><img loading=\"lazy\" decoding=\"async\" width=\"800\" height=\"598\" data-id=\"1685\" src=\"https:\/\/franciscanas.org\/portal\/brasil\/wp-content\/uploads\/sites\/5\/2022\/08\/foto-6.png\" alt=\"\" class=\"wp-image-1685\" srcset=\"https:\/\/franciscanas.org\/portal\/brasil\/wp-content\/uploads\/sites\/5\/2022\/08\/foto-6.png 800w, https:\/\/franciscanas.org\/portal\/brasil\/wp-content\/uploads\/sites\/5\/2022\/08\/foto-6-480x359.png 480w\" sizes=\"(min-width: 0px) and (max-width: 480px) 480px, (min-width: 481px) 800px, 100vw\" \/><\/figure>\n\n\n\n<figure class=\"wp-block-image size-large\"><img loading=\"lazy\" decoding=\"async\" width=\"800\" height=\"600\" data-id=\"1686\" src=\"https:\/\/franciscanas.org\/portal\/brasil\/wp-content\/uploads\/sites\/5\/2022\/08\/foto-7.png\" alt=\"\" class=\"wp-image-1686\" srcset=\"https:\/\/franciscanas.org\/portal\/brasil\/wp-content\/uploads\/sites\/5\/2022\/08\/foto-7.png 800w, https:\/\/franciscanas.org\/portal\/brasil\/wp-content\/uploads\/sites\/5\/2022\/08\/foto-7-480x360.png 480w\" sizes=\"(min-width: 0px) and (max-width: 480px) 480px, (min-width: 481px) 800px, 100vw\" \/><\/figure>\n\n\n\n<figure class=\"wp-block-image size-large\"><img loading=\"lazy\" decoding=\"async\" width=\"800\" height=\"515\" data-id=\"1687\" src=\"https:\/\/franciscanas.org\/portal\/brasil\/wp-content\/uploads\/sites\/5\/2022\/08\/foto-8.png\" alt=\"\" class=\"wp-image-1687\" srcset=\"https:\/\/franciscanas.org\/portal\/brasil\/wp-content\/uploads\/sites\/5\/2022\/08\/foto-8.png 800w, https:\/\/franciscanas.org\/portal\/brasil\/wp-content\/uploads\/sites\/5\/2022\/08\/foto-8-480x309.png 480w\" sizes=\"(min-width: 0px) and (max-width: 480px) 480px, (min-width: 481px) 800px, 100vw\" \/><\/figure>\n<\/figure>\n","protected":false},"excerpt":{"rendered":"<p>Desejamos continuar com a miss\u00e3o, respondendo ao Plano Congregacional Global na dimens\u00e3o da Solidariedade Mission\u00e1ria. De 29 a 31 de julho foi realizada uma Oficina de Projetos Pastorais, com a participa\u00e7\u00e3o de 5 leigos e 31 irm\u00e3s, em nosso Centro de Espiritualidade, Cartagena. <\/p>\n","protected":false},"author":1,"featured_media":1684,"comment_status":"closed","ping_status":"closed","sticky":false,"template":"","format":"standard","meta":{"_et_pb_use_builder":"off","_et_pb_old_content":"","_et_gb_content_width":"1200","footnotes":""},"categories":[8],"tags":[],"class_list":["post-1683","post","type-post","status-publish","format-standard","has-post-thumbnail","hentry","category-noticias"],"_links":{"self":[{"href":"https:\/\/franciscanas.org\/portal\/brasil\/wp-json\/wp\/v2\/posts\/1683","targetHints":{"allow":["GET"]}}],"collection":[{"href":"https:\/\/franciscanas.org\/portal\/brasil\/wp-json\/wp\/v2\/posts"}],"about":[{"href":"https:\/\/franciscanas.org\/portal\/brasil\/wp-json\/wp\/v2\/types\/post"}],"author":[{"embeddable":true,"href":"https:\/\/franciscanas.org\/portal\/brasil\/wp-json\/wp\/v2\/users\/1"}],"replies":[{"embeddable":true,"href":"https:\/\/franciscanas.org\/portal\/brasil\/wp-json\/wp\/v2\/comments?post=1683"}],"version-history":[{"count":1,"href":"https:\/\/franciscanas.org\/portal\/brasil\/wp-json\/wp\/v2\/posts\/1683\/revisions"}],"predecessor-version":[{"id":1692,"href":"https:\/\/franciscanas.org\/portal\/brasil\/wp-json\/wp\/v2\/posts\/1683\/revisions\/1692"}],"wp:featuredmedia":[{"embeddable":true,"href":"https:\/\/franciscanas.org\/portal\/brasil\/wp-json\/wp\/v2\/media\/1684"}],"wp:attachment":[{"href":"https:\/\/franciscanas.org\/portal\/brasil\/wp-json\/wp\/v2\/media?parent=1683"}],"wp:term":[{"taxonomy":"category","embeddable":true,"href":"https:\/\/franciscanas.org\/portal\/brasil\/wp-json\/wp\/v2\/categories?post=1683"},{"taxonomy":"post_tag","embeddable":true,"href":"https:\/\/franciscanas.org\/portal\/brasil\/wp-json\/wp\/v2\/tags?post=1683"}],"curies":[{"name":"wp","href":"https:\/\/api.w.org\/{rel}","templated":true}]}}