{"id":1670,"date":"2022-07-31T11:00:00","date_gmt":"2022-07-31T14:00:00","guid":{"rendered":"https:\/\/franciscanas.org\/portal\/brasil\/?p=1670"},"modified":"2022-08-12T23:16:15","modified_gmt":"2022-08-13T02:16:15","slug":"missao-vivida-e-compartilhada-ao-estilo-de-madre-bernarda","status":"publish","type":"post","link":"https:\/\/franciscanas.org\/portal\/brasil\/noticias\/missao-vivida-e-compartilhada-ao-estilo-de-madre-bernarda\/","title":{"rendered":"Miss\u00e3o vivida e compartilhada ao estilo de Madre Bernarda"},"content":{"rendered":"\n<blockquote class=\"wp-block-quote is-layout-flow wp-block-quote-is-layout-flow\" style=\"font-size:23px\"><p>Sirva a todos com amor, de manh\u00e3 \u00e0 noite!<\/p><cite>Santa Maria Bernarda<\/cite><\/blockquote>\n\n\n\n<p>O processo de reestrutura\u00e7\u00e3o que estamos realizando na Congrega\u00e7\u00e3o, tem sua \u00faltima etapa ressignificando nosso ser e fazer, o que implica unificar os sentidos que nossa vida deve ter e a a\u00e7\u00e3o mission\u00e1ria realizada por cada irm\u00e3 e leigo no campo da pastoral educativa. e sa\u00fade, ressignificando assim nossa miss\u00e3o evangelizadora congregacional.<\/p>\n\n\n\n<p>Para isso, as Irm\u00e3s Cruz Elena Cardona e Silvana Arboit, respons\u00e1veis \u200b\u200bpor dinamizar o Eixo Congrega\u00e7\u00e3o em Sa\u00edda, organizaram encontros virtuais com o pessoal envolvido na miss\u00e3o da educa\u00e7\u00e3o, Irm\u00e3s e Leigos, Reitores, Vice-Reitores, Coordenadores, Conselheiros Educacionais&#8230; E  com o pessoal envolvido na miss\u00e3o da sa\u00fade, Irm\u00e3s e Leigos, Diretores, Gerentes, Enfermeiros, T\u00e9cnicos, Auxiliares de Enfermagem, cuidadores, cl\u00ednicas, asilos, casas para Irm\u00e3s mais velhas e sa\u00fade informal, nos dias 9 e 16 de julho, respectivamente.<\/p>\n\n\n\n<p>Esses encontros tiveram o objetivo de favorecer o conhecimento e a integra\u00e7\u00e3o de Irm\u00e3s e leigos que atuam na pastoral educativa e de sa\u00fade da Congrega\u00e7\u00e3o, para unificar algumas diretrizes e crit\u00e9rios na miss\u00e3o evangelizadora.<\/p>\n\n\n\n<p>O diretores respons\u00e1veis apresentaram as institui\u00e7\u00f5es de Ensino e\/ou Obras de Sa\u00fade de acordo \u00e0 Regi\u00e3o Mission\u00e1ria com o nome, localiza\u00e7\u00e3o, modalidade (privada ou de conv\u00eanio), n\u00famero de pessoas envolvidas e dois valores do Carisma que fortalecem a miss\u00e3o realizada.<\/p>\n\n\n\n<p>Os participantes expressaram preocupa\u00e7\u00f5es e sugest\u00f5es para a miss\u00e3o da Congrega\u00e7\u00e3o, neste processo de consolida\u00e7\u00e3o, para continuar trabalhando em unidade entre Irm\u00e3s e Leigos, nos diversos campos de miss\u00e3o.<\/p>\n\n\n\n<p>Agradecemos imensamente a valiosa presen\u00e7a de todos os participantes. Deus, nosso bom pai, recompense cada um por dedicar seu tempo e compartilhar a miss\u00e3o, com generosidade, entusiasmo e dedica\u00e7\u00e3o respons\u00e1vel.<\/p>\n\n\n\n<p><\/p>\n\n\n\n<figure class=\"wp-block-gallery has-nested-images columns-2 is-cropped wp-block-gallery-1 is-layout-flex wp-block-gallery-is-layout-flex\">\n<figure class=\"wp-block-image size-large\"><img loading=\"lazy\" decoding=\"async\" width=\"1024\" height=\"513\" data-id=\"1674\" src=\"https:\/\/franciscanas.org\/portal\/brasil\/wp-content\/uploads\/sites\/5\/2022\/08\/Educacion-2-1-1024x513.png\" alt=\"\" class=\"wp-image-1674\" srcset=\"https:\/\/franciscanas.org\/portal\/brasil\/wp-content\/uploads\/sites\/5\/2022\/08\/Educacion-2-1-980x491.png 980w, https:\/\/franciscanas.org\/portal\/brasil\/wp-content\/uploads\/sites\/5\/2022\/08\/Educacion-2-1-480x240.png 480w\" sizes=\"(min-width: 0px) and (max-width: 480px) 480px, (min-width: 481px) and (max-width: 980px) 980px, (min-width: 981px) 1024px, 100vw\" \/><\/figure>\n\n\n\n<figure class=\"wp-block-image size-large\"><img loading=\"lazy\" decoding=\"async\" width=\"1024\" height=\"496\" data-id=\"1675\" src=\"https:\/\/franciscanas.org\/portal\/brasil\/wp-content\/uploads\/sites\/5\/2022\/08\/Educacion-1024x496.png\" alt=\"\" class=\"wp-image-1675\" srcset=\"https:\/\/franciscanas.org\/portal\/brasil\/wp-content\/uploads\/sites\/5\/2022\/08\/Educacion-980x474.png 980w, https:\/\/franciscanas.org\/portal\/brasil\/wp-content\/uploads\/sites\/5\/2022\/08\/Educacion-480x232.png 480w\" sizes=\"(min-width: 0px) and (max-width: 480px) 480px, (min-width: 481px) and (max-width: 980px) 980px, (min-width: 981px) 1024px, 100vw\" \/><\/figure>\n\n\n\n<figure class=\"wp-block-image size-large\"><img loading=\"lazy\" decoding=\"async\" width=\"1024\" height=\"456\" data-id=\"1672\" src=\"https:\/\/franciscanas.org\/portal\/brasil\/wp-content\/uploads\/sites\/5\/2022\/08\/Salud-1-1024x456.jpg\" alt=\"\" class=\"wp-image-1672\" srcset=\"https:\/\/franciscanas.org\/portal\/brasil\/wp-content\/uploads\/sites\/5\/2022\/08\/Salud-1-1024x456.jpg 1024w, https:\/\/franciscanas.org\/portal\/brasil\/wp-content\/uploads\/sites\/5\/2022\/08\/Salud-1-980x436.jpg 980w, https:\/\/franciscanas.org\/portal\/brasil\/wp-content\/uploads\/sites\/5\/2022\/08\/Salud-1-480x214.jpg 480w\" sizes=\"(min-width: 0px) and (max-width: 480px) 480px, (min-width: 481px) and (max-width: 980px) 980px, (min-width: 981px) 1024px, 100vw\" \/><\/figure>\n\n\n\n<figure class=\"wp-block-image size-large\"><img loading=\"lazy\" decoding=\"async\" width=\"1024\" height=\"454\" data-id=\"1673\" src=\"https:\/\/franciscanas.org\/portal\/brasil\/wp-content\/uploads\/sites\/5\/2022\/08\/Salud-2-1024x454.jpg\" alt=\"\" class=\"wp-image-1673\" srcset=\"https:\/\/franciscanas.org\/portal\/brasil\/wp-content\/uploads\/sites\/5\/2022\/08\/Salud-2-1024x454.jpg 1024w, https:\/\/franciscanas.org\/portal\/brasil\/wp-content\/uploads\/sites\/5\/2022\/08\/Salud-2-980x434.jpg 980w, https:\/\/franciscanas.org\/portal\/brasil\/wp-content\/uploads\/sites\/5\/2022\/08\/Salud-2-480x213.jpg 480w\" sizes=\"(min-width: 0px) and (max-width: 480px) 480px, (min-width: 481px) and (max-width: 980px) 980px, (min-width: 981px) 1024px, 100vw\" \/><\/figure>\n<\/figure>\n","protected":false},"excerpt":{"rendered":"<p>Sirva a todos com amor, de manh\u00e3 \u00e0 noite! Santa Maria Bernarda O processo de reestrutura\u00e7\u00e3o que estamos realizando na Congrega\u00e7\u00e3o, tem sua \u00faltima etapa ressignificando nosso ser e fazer, o que implica unificar os sentidos que nossa vida deve ter e a a\u00e7\u00e3o mission\u00e1ria realizada por cada irm\u00e3 e leigo no campo da pastoral [&hellip;]<\/p>\n","protected":false},"author":1,"featured_media":1671,"comment_status":"closed","ping_status":"closed","sticky":false,"template":"","format":"standard","meta":{"_et_pb_use_builder":"off","_et_pb_old_content":"","_et_gb_content_width":"1200","footnotes":""},"categories":[8],"tags":[],"class_list":["post-1670","post","type-post","status-publish","format-standard","has-post-thumbnail","hentry","category-noticias"],"_links":{"self":[{"href":"https:\/\/franciscanas.org\/portal\/brasil\/wp-json\/wp\/v2\/posts\/1670","targetHints":{"allow":["GET"]}}],"collection":[{"href":"https:\/\/franciscanas.org\/portal\/brasil\/wp-json\/wp\/v2\/posts"}],"about":[{"href":"https:\/\/franciscanas.org\/portal\/brasil\/wp-json\/wp\/v2\/types\/post"}],"author":[{"embeddable":true,"href":"https:\/\/franciscanas.org\/portal\/brasil\/wp-json\/wp\/v2\/users\/1"}],"replies":[{"embeddable":true,"href":"https:\/\/franciscanas.org\/portal\/brasil\/wp-json\/wp\/v2\/comments?post=1670"}],"version-history":[{"count":4,"href":"https:\/\/franciscanas.org\/portal\/brasil\/wp-json\/wp\/v2\/posts\/1670\/revisions"}],"predecessor-version":[{"id":1681,"href":"https:\/\/franciscanas.org\/portal\/brasil\/wp-json\/wp\/v2\/posts\/1670\/revisions\/1681"}],"wp:featuredmedia":[{"embeddable":true,"href":"https:\/\/franciscanas.org\/portal\/brasil\/wp-json\/wp\/v2\/media\/1671"}],"wp:attachment":[{"href":"https:\/\/franciscanas.org\/portal\/brasil\/wp-json\/wp\/v2\/media?parent=1670"}],"wp:term":[{"taxonomy":"category","embeddable":true,"href":"https:\/\/franciscanas.org\/portal\/brasil\/wp-json\/wp\/v2\/categories?post=1670"},{"taxonomy":"post_tag","embeddable":true,"href":"https:\/\/franciscanas.org\/portal\/brasil\/wp-json\/wp\/v2\/tags?post=1670"}],"curies":[{"name":"wp","href":"https:\/\/api.w.org\/{rel}","templated":true}]}}