{"id":1656,"date":"2022-08-13T07:00:00","date_gmt":"2022-08-13T10:00:00","guid":{"rendered":"https:\/\/franciscanas.org\/portal\/brasil\/?p=1656"},"modified":"2022-08-12T11:10:49","modified_gmt":"2022-08-12T14:10:49","slug":"o-colegio-sao-jose-se-prepara-para-celebrar-90-anos-em-bogota","status":"publish","type":"post","link":"https:\/\/franciscanas.org\/portal\/brasil\/noticias\/o-colegio-sao-jose-se-prepara-para-celebrar-90-anos-em-bogota\/","title":{"rendered":"O Col\u00e9gio S\u00e3o Jos\u00e9 se prepara para celebrar 90 anos em Bogot\u00e1"},"content":{"rendered":"\n<p>Pela Ir. Hilda G\u00f3mez Guzm\u00e1n &#8211; Reitora<\/p>\n\n\n\n<p>Dando gra\u00e7as a Deus pela vida e obra do Col\u00e9gio San Jos\u00e9, que se prepara para celebrar seus 90 anos de presen\u00e7a educativa na capital da Col\u00f4mbia, Bogot\u00e1. D.C., lembramos alguns aspectos muito importantes:<\/p>\n\n\n\n<p>1932  &#8211; A Congrega\u00e7\u00e3o das Irm\u00e3s Franciscanas Mission\u00e1rias de Maria Auxiliadora, chega para assumir a fun\u00e7\u00e3o do protetorado, que funcionava desde 1911, cuja miss\u00e3o era formar e acolher mulheres de servi\u00e7o, al\u00e9m de asilo a adultos mais velhos at\u00e9 ao fim dos seus dias, como prel\u00fadio da funda\u00e7\u00e3o da nossa escola.<\/p>\n\n\n\n<p>1933 &#8211; Irm\u00e3 Luisa Bohler, fundadora, inicia na primeira segunda-feira de fevereiro, com um grupo de 25 alunos da primeira s\u00e9rie.<\/p>\n\n\n\n<p>1955 &#8211; Formatura da primeira turma de formandos. Nesse per\u00edodo, foi constru\u00eddo o edif\u00edcio norte do Col\u00e9gio San Jos\u00e9, ampliando suas instala\u00e7\u00f5es para oferecer um servi\u00e7o de qualidade.<\/p>\n\n\n\n<p>1962 &#8211; Inicia-se o trabalho no Centro Nocturno de Educa\u00e7\u00e3o de Adultos \u201cSan Jos\u00e9\u201d, para responder \u00e0 necessidade do momento, de formar e educar adultos para uma sociedade melhor.<\/p>\n\n\n\n<p>2017 &#8211; Inicia-se a integra\u00e7\u00e3o dos alunos (homens e mulheres), marcando uma transforma\u00e7\u00e3o na hist\u00f3ria do Col\u00e9gio, pois passamos da modalidade feminina para a mista, iniciando a coeduca\u00e7\u00e3o.<\/p>\n\n\n\n<p>2022 &#8211;  A comunidade educativa est\u00e1 muito motivada a celebrar com alegria a presen\u00e7a de Deus na institui\u00e7\u00e3o educativa, Col\u00e9gio San Jos\u00e9, sua ajuda e miseric\u00f3rdia em todos os momentos, mesmo em meio \u00e0s dificuldades que possam surgir.<\/p>\n\n\n\n<p>Tamb\u00e9m com base no exemplo de S\u00e3o Jos\u00e9, gostamos de levar seu nome desde 1933, hist\u00f3ria que fica registrada at\u00e9 hoje, com mulheres guerreiras, que com sua consagra\u00e7\u00e3o compreenderam o grande prop\u00f3sito de construir uma obra que tenha em seus alicerces a ora\u00e7\u00e3o, miseric\u00f3rdia, sil\u00eancio, prud\u00eancia, sacrif\u00edcio, tenacidade para enfrentar os desafios e muita confian\u00e7a na Provid\u00eancia de Deus tem mantido a bela miss\u00e3o de educar e formar homens e mulheres para uma sociedade comprometida em ser e fazer integralmente, baseada no amor.<\/p>\n\n\n\n<p>O Col\u00e9gio S\u00e3o Jos\u00e9 de Bogot\u00e1 celebre seus 90 anos de host\u00f3ria em 2023.<\/p>\n\n\n\n<p><\/p>\n\n\n\n<p class=\"has-vivid-cyan-blue-color has-text-color\">Saiba mais sobre o Colegio S\u00e3o Jos\u00e9&#8230; Acesso http:\/\/colegio-sanjose.co\/<\/p>\n\n\n\n<p class=\"has-vivid-cyan-blue-color has-text-color\"><\/p>\n\n\n\n<figure class=\"wp-block-gallery has-nested-images columns-default is-cropped wp-block-gallery-1 is-layout-flex wp-block-gallery-is-layout-flex\">\n<figure class=\"wp-block-image size-large\"><img loading=\"lazy\" decoding=\"async\" width=\"800\" height=\"492\" data-id=\"1662\" src=\"https:\/\/franciscanas.org\/portal\/brasil\/wp-content\/uploads\/sites\/5\/2022\/08\/2Colegio-San-Jose.png\" alt=\"\" class=\"wp-image-1662\" srcset=\"https:\/\/franciscanas.org\/portal\/brasil\/wp-content\/uploads\/sites\/5\/2022\/08\/2Colegio-San-Jose.png 800w, https:\/\/franciscanas.org\/portal\/brasil\/wp-content\/uploads\/sites\/5\/2022\/08\/2Colegio-San-Jose-480x295.png 480w\" sizes=\"(min-width: 0px) and (max-width: 480px) 480px, (min-width: 481px) 800px, 100vw\" \/><\/figure>\n\n\n\n<figure class=\"wp-block-image size-large\"><img loading=\"lazy\" decoding=\"async\" width=\"800\" height=\"473\" data-id=\"1663\" src=\"https:\/\/franciscanas.org\/portal\/brasil\/wp-content\/uploads\/sites\/5\/2022\/08\/3Colegio-San-Jose.png\" alt=\"\" class=\"wp-image-1663\" srcset=\"https:\/\/franciscanas.org\/portal\/brasil\/wp-content\/uploads\/sites\/5\/2022\/08\/3Colegio-San-Jose.png 800w, https:\/\/franciscanas.org\/portal\/brasil\/wp-content\/uploads\/sites\/5\/2022\/08\/3Colegio-San-Jose-480x284.png 480w\" sizes=\"(min-width: 0px) and (max-width: 480px) 480px, (min-width: 481px) 800px, 100vw\" \/><\/figure>\n<\/figure>\n","protected":false},"excerpt":{"rendered":"<p>Pela Ir. Hilda G\u00f3mez Guzm\u00e1n &#8211; Reitora Dando gra\u00e7as a Deus pela vida e obra do Col\u00e9gio San Jos\u00e9, que se prepara para celebrar seus 90 anos de presen\u00e7a educativa na capital da Col\u00f4mbia, Bogot\u00e1. D.C., lembramos alguns aspectos muito importantes: 1932 &#8211; A Congrega\u00e7\u00e3o das Irm\u00e3s Franciscanas Mission\u00e1rias de Maria Auxiliadora, chega para assumir [&hellip;]<\/p>\n","protected":false},"author":1,"featured_media":1658,"comment_status":"closed","ping_status":"closed","sticky":false,"template":"","format":"standard","meta":{"_et_pb_use_builder":"off","_et_pb_old_content":"","_et_gb_content_width":"1200","footnotes":""},"categories":[8],"tags":[],"class_list":["post-1656","post","type-post","status-publish","format-standard","has-post-thumbnail","hentry","category-noticias"],"_links":{"self":[{"href":"https:\/\/franciscanas.org\/portal\/brasil\/wp-json\/wp\/v2\/posts\/1656","targetHints":{"allow":["GET"]}}],"collection":[{"href":"https:\/\/franciscanas.org\/portal\/brasil\/wp-json\/wp\/v2\/posts"}],"about":[{"href":"https:\/\/franciscanas.org\/portal\/brasil\/wp-json\/wp\/v2\/types\/post"}],"author":[{"embeddable":true,"href":"https:\/\/franciscanas.org\/portal\/brasil\/wp-json\/wp\/v2\/users\/1"}],"replies":[{"embeddable":true,"href":"https:\/\/franciscanas.org\/portal\/brasil\/wp-json\/wp\/v2\/comments?post=1656"}],"version-history":[{"count":7,"href":"https:\/\/franciscanas.org\/portal\/brasil\/wp-json\/wp\/v2\/posts\/1656\/revisions"}],"predecessor-version":[{"id":1669,"href":"https:\/\/franciscanas.org\/portal\/brasil\/wp-json\/wp\/v2\/posts\/1656\/revisions\/1669"}],"wp:featuredmedia":[{"embeddable":true,"href":"https:\/\/franciscanas.org\/portal\/brasil\/wp-json\/wp\/v2\/media\/1658"}],"wp:attachment":[{"href":"https:\/\/franciscanas.org\/portal\/brasil\/wp-json\/wp\/v2\/media?parent=1656"}],"wp:term":[{"taxonomy":"category","embeddable":true,"href":"https:\/\/franciscanas.org\/portal\/brasil\/wp-json\/wp\/v2\/categories?post=1656"},{"taxonomy":"post_tag","embeddable":true,"href":"https:\/\/franciscanas.org\/portal\/brasil\/wp-json\/wp\/v2\/tags?post=1656"}],"curies":[{"name":"wp","href":"https:\/\/api.w.org\/{rel}","templated":true}]}}