{"id":1574,"date":"2022-07-14T17:01:00","date_gmt":"2022-07-14T20:01:00","guid":{"rendered":"https:\/\/franciscanas.org\/portal\/brasil\/?p=1574"},"modified":"2022-08-03T22:20:10","modified_gmt":"2022-08-04T01:20:10","slug":"projeto-transformacao-completa-15-anos%ef%bf%bc-%ef%bf%bc","status":"publish","type":"post","link":"https:\/\/franciscanas.org\/portal\/brasil\/noticias\/projeto-transformacao-completa-15-anos%ef%bf%bc-%ef%bf%bc\/","title":{"rendered":"Projeto TransformA\u00e7\u00e3o completa 15 anos"},"content":{"rendered":"\n<p>O Projeto TransformA\u00e7\u00e3o \u00e9 uma entidade de assist\u00eancia social com sede em Passo Fundo, Rio Grande do Sul, Brasil. Surgiu no ano de 2007 como gesto concreto a partir da reflex\u00e3o da Campanha da Fraternidade, promovida pela Igreja do Brasil no per\u00edodo de Quaresma daquele ano. Essa campanha trazia como tema \u201cFraternidade e Amaz\u00f4nia\u201d e lema \u201cVida e miss\u00e3o neste ch\u00e3o\u201d. De fato, as realidades pr\u00f3prias da Amaz\u00f4nia, as quest\u00f5es ambientais, o contexto dos habitantes desta realidade&#8230; vinham tomando corpo em \u00e2mbito social e eclesial.<\/p>\n\n\n\n<p>As inquieta\u00e7\u00f5es despertadas por este tema foram ganhando resson\u00e2ncia na realidade local da cidade de Passo Fundo. Embora situada no extremo sul do pa\u00eds, bem distante da Amaz\u00f4nia, em alguns espa\u00e7os p\u00fablicos e eclesiais discutiam-se as quest\u00f5es ambientais ligadas ao munic\u00edpio. Ganhava notoriedade a condi\u00e7\u00e3o dos catadores individuais, cerca de 1500 pessoas, que disputavam espa\u00e7o nas ruas da cidade e buscavam no \u2018lixo\u2019 um meio de garantir a renda, frente a uma situa\u00e7\u00e3o econ\u00f4mica inst\u00e1vel. Entre esses catadores, muitos eram mulheres e crian\u00e7as. Outro ponto de aten\u00e7\u00e3o da sociedade local, voltava-se para a gest\u00e3o do \u2018lix\u00e3o\u2019 da cidade, ou seja, o espa\u00e7o onde era aterrado todo o lixo produzido pelos moradores ap\u00f3s coletado das ruas pelo munic\u00edpio. Esse espa\u00e7o, tamb\u00e9m conhecido por aterro sanit\u00e1rio, al\u00e9m de ser em si mesmo uma preocupa\u00e7\u00e3o ambiental, ainda representava riscos \u00e0 sa\u00fade e \u00e0 vida de catadores que mal esperavam a chegada dos caminh\u00f5es para recolher o material ainda em condi\u00e7\u00f5es de separa\u00e7\u00e3o e venda.<\/p>\n\n\n\n<p>Diante desta conjuntura, algumas institui\u00e7\u00f5es eclesiais j\u00e1 estavam dialogando e mobilizando-se a fim de criar algum tipo de a\u00e7\u00e3o como resposta, especialmente \u00e0s necessidades das pessoas envolvidas no assunto, no sentido de dar voz, colaborar na garantia dos direitos e apoiar as necessidades de emprego e renda de uma popula\u00e7\u00e3o pobre, sofrida e marginalizada atrav\u00e9s de uma vis\u00e3o de emancipa\u00e7\u00e3o. Foi assim que teve origem a Associa\u00e7\u00e3o de Entidades do Projeto TransformA\u00e7\u00e3o.<\/p>\n\n\n\n<p>O Projeto TransformA\u00e7\u00e3o nasceu de pequenas iniciativas e foi crescendo a partir de um processo sistem\u00e1tico de planejamento e organiza\u00e7\u00e3o assumido pelas entidades e pessoas que nele se engajam. Atualmente s\u00e3o entidades integrantes da Associa\u00e7\u00e3o das Entidades do Projeto TransformA\u00e7\u00e3o: Irm\u00e3s Franciscanas Mission\u00e1rias de Maria Auxiliadora, Caritas Arquidiocesana de Passo Fundo, Congrega\u00e7\u00e3o de Nossa Senhora &#8211; Notre Dame, Congrega\u00e7\u00e3o Mission\u00e1ria Redentorista e os Mission\u00e1rios da Sagrada Fam\u00edlia.<\/p>\n\n\n\n<p>O Projeto TransformA\u00e7\u00e3o foi conquistando espa\u00e7o e reconhecimento da comunidade, do poder p\u00fablico e privado, bem como, no meio eclesial, apoiado-se em di\u00e1logos, parcerias, colabora\u00e7\u00e3o de pessoas e empresas, voluntariado&#8230; Mas especialmente, atuando de forma organizada na realidade de periferia por meio de em atividades formativas, de conscientiza\u00e7\u00e3o e atividades que fomentam o protagonismo e emancipa\u00e7\u00e3o das pessoas envolvidas nos programas que desenvolve.<\/p>\n\n\n\n<p>O Projeto TransformA\u00e7\u00e3o desenvolve esse trabalho atrav\u00e9s dos programas assim organizados:<\/p>\n\n\n\n<ul class=\"wp-block-list\"><li>Programa Educa\u00e7\u00e3o Socioambiental: Onde realiza a\u00e7\u00f5es de conscientiza\u00e7\u00e3o para o p\u00fablico em geral quanto a quest\u00f5es ambientais, bem como, com rela\u00e7\u00e3o ao descarte correto e aproveitamento do res\u00edduo na gera\u00e7\u00e3o de renda;<\/li><li>Programa Cooperativismo: Atua no assessoramento para cria\u00e7\u00e3o e gest\u00e3o de cooperativas de catadores\/recicladores, bem como, na profissionaliza\u00e7\u00e3o destas pessoas que atuam na coleta seletiva. Atualmente, s\u00e3o atendida tr\u00eas cooperativas na cidade de Passo Fundo;<\/li><li>Programa Crian\u00e7as e Adolescentes: Nasceu para atender aos filhos dos recicladores e proporcionar um ambiente formativo para crian\u00e7as e adolescentes na faixa dos 6 aos 15 anos de idade atrav\u00e9s de atividades socioculturais, com possibilidade de encaminhamento para o mercado de trabalho;<\/li><li>Programa Pol\u00edticas P\u00fablicas: Visa a atua\u00e7\u00e3o direta nos conselhos parit\u00e1rios do munic\u00edpio, participando na concep\u00e7\u00e3o de pol\u00edticas p\u00fablicas e gest\u00e3o dos recursos p\u00fablicos. Atualmente est\u00e1 inserido no Conselho Municipal de Assist\u00eancia Social, no Conselho Municipal do Meio Ambiente e no Conselho Municipal da Crian\u00e7a e Adolescente;<\/li><li>Programa Comunica\u00e7\u00e3o e Marketing: Procura dar visibilidade \u00e0s a\u00e7\u00f5es desenvolvidas pelo Projeto TransformA\u00e7\u00e3o e colaborar em a\u00e7\u00f5es de auto sustentabilidade;<\/li><li>Programa Institucional: \u00c9 respons\u00e1vel pela parte de organiza\u00e7\u00e3o, planejamento, recursos e gest\u00e3o do Projeto TransformA\u00e7\u00e3o em si.<\/li><\/ul>\n\n\n\n<p>No dia 12 de julho de 2022, o Projeto TransformA\u00e7\u00e3o recebeu uma homenagem da C\u00e2mara Municipal de Passo Fundo como reconhecimento de sua trajet\u00f3ria no anivers\u00e1rio de 15 anos, bem como, pela import\u00e2ncia que tem na transforma\u00e7\u00e3o da vida das pessoas mais vulner\u00e1veis, os recicladores. A homenagem do Legislativo Municipal teve como porta voz a vereadora Eva Valeria Lorenzatto. Durante o evento, as crian\u00e7as e adolescentes atendidos pelo projeto realizaram uma apresenta\u00e7\u00e3o musical e os recicladores das cooperativas constitu\u00eddas nesta trajet\u00f3ria foram acolhidos no plen\u00e1rio cada em n\u00famero significativo.<\/p>\n\n\n\n<figure class=\"wp-block-image aligncenter size-large\"><img loading=\"lazy\" decoding=\"async\" width=\"1024\" height=\"233\" src=\"https:\/\/franciscanas.org\/portal\/brasil\/wp-content\/uploads\/sites\/5\/2022\/08\/15a-1024x233.png\" alt=\"\" class=\"wp-image-1577\" srcset=\"https:\/\/franciscanas.org\/portal\/brasil\/wp-content\/uploads\/sites\/5\/2022\/08\/15a-980x223.png 980w, https:\/\/franciscanas.org\/portal\/brasil\/wp-content\/uploads\/sites\/5\/2022\/08\/15a-480x109.png 480w\" sizes=\"(min-width: 0px) and (max-width: 480px) 480px, (min-width: 481px) and (max-width: 980px) 980px, (min-width: 981px) 1024px, 100vw\" \/><\/figure>\n\n\n\n<figure class=\"wp-block-gallery has-nested-images columns-default is-cropped wp-block-gallery-1 is-layout-flex wp-block-gallery-is-layout-flex\">\n<figure class=\"wp-block-image size-large\"><img loading=\"lazy\" decoding=\"async\" width=\"800\" height=\"360\" data-id=\"1582\" src=\"https:\/\/franciscanas.org\/portal\/brasil\/wp-content\/uploads\/sites\/5\/2022\/08\/15anos-6.png\" alt=\"\" class=\"wp-image-1582\" srcset=\"https:\/\/franciscanas.org\/portal\/brasil\/wp-content\/uploads\/sites\/5\/2022\/08\/15anos-6.png 800w, https:\/\/franciscanas.org\/portal\/brasil\/wp-content\/uploads\/sites\/5\/2022\/08\/15anos-6-480x216.png 480w\" sizes=\"(min-width: 0px) and (max-width: 480px) 480px, (min-width: 481px) 800px, 100vw\" \/><\/figure>\n\n\n\n<figure class=\"wp-block-image size-large\"><img loading=\"lazy\" decoding=\"async\" width=\"800\" height=\"360\" data-id=\"1580\" src=\"https:\/\/franciscanas.org\/portal\/brasil\/wp-content\/uploads\/sites\/5\/2022\/08\/15anos-15.png\" alt=\"\" class=\"wp-image-1580\" srcset=\"https:\/\/franciscanas.org\/portal\/brasil\/wp-content\/uploads\/sites\/5\/2022\/08\/15anos-15.png 800w, https:\/\/franciscanas.org\/portal\/brasil\/wp-content\/uploads\/sites\/5\/2022\/08\/15anos-15-480x216.png 480w\" sizes=\"(min-width: 0px) and (max-width: 480px) 480px, (min-width: 481px) 800px, 100vw\" \/><\/figure>\n\n\n\n<figure class=\"wp-block-image size-large\"><img loading=\"lazy\" decoding=\"async\" width=\"800\" height=\"360\" data-id=\"1585\" src=\"https:\/\/franciscanas.org\/portal\/brasil\/wp-content\/uploads\/sites\/5\/2022\/08\/15anos-21.png\" alt=\"\" class=\"wp-image-1585\" srcset=\"https:\/\/franciscanas.org\/portal\/brasil\/wp-content\/uploads\/sites\/5\/2022\/08\/15anos-21.png 800w, https:\/\/franciscanas.org\/portal\/brasil\/wp-content\/uploads\/sites\/5\/2022\/08\/15anos-21-480x216.png 480w\" sizes=\"(min-width: 0px) and (max-width: 480px) 480px, (min-width: 481px) 800px, 100vw\" \/><\/figure>\n\n\n\n<figure class=\"wp-block-image size-large\"><img loading=\"lazy\" decoding=\"async\" width=\"800\" height=\"360\" data-id=\"1584\" src=\"https:\/\/franciscanas.org\/portal\/brasil\/wp-content\/uploads\/sites\/5\/2022\/08\/15anos-26.png\" alt=\"\" class=\"wp-image-1584\" srcset=\"https:\/\/franciscanas.org\/portal\/brasil\/wp-content\/uploads\/sites\/5\/2022\/08\/15anos-26.png 800w, https:\/\/franciscanas.org\/portal\/brasil\/wp-content\/uploads\/sites\/5\/2022\/08\/15anos-26-480x216.png 480w\" sizes=\"(min-width: 0px) and (max-width: 480px) 480px, (min-width: 481px) 800px, 100vw\" \/><\/figure>\n\n\n\n<figure class=\"wp-block-image size-large\"><img loading=\"lazy\" decoding=\"async\" width=\"800\" height=\"360\" data-id=\"1579\" src=\"https:\/\/franciscanas.org\/portal\/brasil\/wp-content\/uploads\/sites\/5\/2022\/08\/15anos-38.png\" alt=\"\" class=\"wp-image-1579\" srcset=\"https:\/\/franciscanas.org\/portal\/brasil\/wp-content\/uploads\/sites\/5\/2022\/08\/15anos-38.png 800w, https:\/\/franciscanas.org\/portal\/brasil\/wp-content\/uploads\/sites\/5\/2022\/08\/15anos-38-480x216.png 480w\" sizes=\"(min-width: 0px) and (max-width: 480px) 480px, (min-width: 481px) 800px, 100vw\" \/><\/figure>\n\n\n\n<figure class=\"wp-block-image size-large\"><img loading=\"lazy\" decoding=\"async\" width=\"800\" height=\"360\" data-id=\"1583\" src=\"https:\/\/franciscanas.org\/portal\/brasil\/wp-content\/uploads\/sites\/5\/2022\/08\/15anos-39.png\" alt=\"\" class=\"wp-image-1583\" srcset=\"https:\/\/franciscanas.org\/portal\/brasil\/wp-content\/uploads\/sites\/5\/2022\/08\/15anos-39.png 800w, https:\/\/franciscanas.org\/portal\/brasil\/wp-content\/uploads\/sites\/5\/2022\/08\/15anos-39-480x216.png 480w\" sizes=\"(min-width: 0px) and (max-width: 480px) 480px, (min-width: 481px) 800px, 100vw\" \/><\/figure>\n\n\n\n<figure class=\"wp-block-image size-large\"><img loading=\"lazy\" decoding=\"async\" width=\"800\" height=\"360\" data-id=\"1581\" src=\"https:\/\/franciscanas.org\/portal\/brasil\/wp-content\/uploads\/sites\/5\/2022\/08\/15anos-55.png\" alt=\"\" class=\"wp-image-1581\" srcset=\"https:\/\/franciscanas.org\/portal\/brasil\/wp-content\/uploads\/sites\/5\/2022\/08\/15anos-55.png 800w, https:\/\/franciscanas.org\/portal\/brasil\/wp-content\/uploads\/sites\/5\/2022\/08\/15anos-55-480x216.png 480w\" sizes=\"(min-width: 0px) and (max-width: 480px) 480px, (min-width: 481px) 800px, 100vw\" \/><\/figure>\n<\/figure>\n","protected":false},"excerpt":{"rendered":"<p>O Projeto TransformA\u00e7\u00e3o \u00e9 uma entidade de assist\u00eancia social com sede em Passo Fundo, Rio Grande do Sul, Brasil. Surgiu no ano de 2007 como gesto concreto a partir da reflex\u00e3o da Campanha da Fraternidade, promovida pela Igreja do Brasil no per\u00edodo de Quaresma daquele ano. Essa campanha trazia como tema \u201cFraternidade e Amaz\u00f4nia\u201d e [&hellip;]<\/p>\n","protected":false},"author":1,"featured_media":1578,"comment_status":"closed","ping_status":"closed","sticky":false,"template":"","format":"standard","meta":{"_et_pb_use_builder":"off","_et_pb_old_content":"","_et_gb_content_width":"1200","footnotes":""},"categories":[8],"tags":[78],"class_list":["post-1574","post","type-post","status-publish","format-standard","has-post-thumbnail","hentry","category-noticias","tag-social"],"_links":{"self":[{"href":"https:\/\/franciscanas.org\/portal\/brasil\/wp-json\/wp\/v2\/posts\/1574","targetHints":{"allow":["GET"]}}],"collection":[{"href":"https:\/\/franciscanas.org\/portal\/brasil\/wp-json\/wp\/v2\/posts"}],"about":[{"href":"https:\/\/franciscanas.org\/portal\/brasil\/wp-json\/wp\/v2\/types\/post"}],"author":[{"embeddable":true,"href":"https:\/\/franciscanas.org\/portal\/brasil\/wp-json\/wp\/v2\/users\/1"}],"replies":[{"embeddable":true,"href":"https:\/\/franciscanas.org\/portal\/brasil\/wp-json\/wp\/v2\/comments?post=1574"}],"version-history":[{"count":4,"href":"https:\/\/franciscanas.org\/portal\/brasil\/wp-json\/wp\/v2\/posts\/1574\/revisions"}],"predecessor-version":[{"id":1588,"href":"https:\/\/franciscanas.org\/portal\/brasil\/wp-json\/wp\/v2\/posts\/1574\/revisions\/1588"}],"wp:featuredmedia":[{"embeddable":true,"href":"https:\/\/franciscanas.org\/portal\/brasil\/wp-json\/wp\/v2\/media\/1578"}],"wp:attachment":[{"href":"https:\/\/franciscanas.org\/portal\/brasil\/wp-json\/wp\/v2\/media?parent=1574"}],"wp:term":[{"taxonomy":"category","embeddable":true,"href":"https:\/\/franciscanas.org\/portal\/brasil\/wp-json\/wp\/v2\/categories?post=1574"},{"taxonomy":"post_tag","embeddable":true,"href":"https:\/\/franciscanas.org\/portal\/brasil\/wp-json\/wp\/v2\/tags?post=1574"}],"curies":[{"name":"wp","href":"https:\/\/api.w.org\/{rel}","templated":true}]}}