{"id":1488,"date":"2022-06-28T13:30:00","date_gmt":"2022-06-28T16:30:00","guid":{"rendered":"https:\/\/franciscanas.org\/portal\/brasil\/?p=1488"},"modified":"2022-07-05T17:31:22","modified_gmt":"2022-07-05T20:31:22","slug":"para-uma-vida-religiosa-sinodal","status":"publish","type":"post","link":"https:\/\/franciscanas.org\/portal\/brasil\/noticias\/para-uma-vida-religiosa-sinodal\/","title":{"rendered":"Para uma vida religiosa sinodal"},"content":{"rendered":"\n<p>A sinodalidade \u00e9 constitutiva da Igreja, seu ponto de partida e chegada \u00e9 o povo de Deus. O Papa Francisco nos chamou a viver este processo com os seguintes verbos-chave: Caminhar, ouvir, acolher, acompanhar, dialogar, participar, compartilhar, tornar-se presen\u00e7a da Igreja em comunh\u00e3o, participa\u00e7\u00e3o e miss\u00e3o.<\/p>\n\n\n\n<p>N\u00f3s, como Religiosos, recebemos com alegria este convite e o Congresso de Vida Consagrada, do qual participaram 19 Irm\u00e3s da Congrega\u00e7\u00e3o, foi enriquecido com as contribui\u00e7\u00f5es do Doutor Emilce Cuda, do Padre Ignacio Madera, do Irm\u00e3o Diego Jos\u00e9 D\u00edaz.<br>Alguns ecos de suas confer\u00eancias: Um forte apelo para recuperar a unidade e depois a estrat\u00e9gia. Todos na mesma mesa, com os sentidos despertos para ouvir a voz do Esp\u00edrito.<\/p>\n\n\n\n<p>O processo sinodal \u00e9 sobretudo um processo espiritual. N\u00e3o \u00e9 um exerc\u00edcio mec\u00e2nico de coleta de dados, nem uma s\u00e9rie de reuni\u00f5es e discuss\u00f5es. A escuta sinodal \u00e9 orientada para o discernimento: escutamo-nos uns aos outros, escutamos a tradi\u00e7\u00e3o da f\u00e9 e os sinais dos tempos para discernir o que Deus nos diz no aqui e agora. O discernimento implica reflex\u00e3o e envolve o cora\u00e7\u00e3o e a cabe\u00e7a na tomada de decis\u00f5es, para buscar e encontrar a vontade de Deus. Se a escuta \u00e9 o m\u00e9todo do processo sinodal, o discernimento \u00e9 a meta, a participa\u00e7\u00e3o \u00e9 o caminho. O di\u00e1logo implica o encontro entre as diversas opini\u00f5es, Deus fala atrav\u00e9s daquelas que podemos excluir.<\/p>\n\n\n\n<p>Distinguir das virtudes teologais \u00e9 fazer uma op\u00e7\u00e3o para curar o mundo, h\u00e1 uma estreita liga\u00e7\u00e3o entre as virtudes teologais do batizado e do batizado com os princ\u00edpios da doutrina social da Igreja. Essas virtudes n\u00e3o podem ser vividas em uma intimidade privada, compromete-se a saber estar no mundo sem ser do mundo, para influenciar sua transforma\u00e7\u00e3o.<\/p>\n\n\n\n<p>O processo sinodal exige que vivamos uma experi\u00eancia de fraternidade, implica recuperar a lideran\u00e7a para poder influenciar o projeto do Reino de Deus.<br>Recupere a confiabilidade, fale em nome de Deus, cumpra a vontade de Deus, seja guardi\u00e3o, guardi\u00e3o e sentinela do povo.<br>Enfrentando e superando conflitos, invejas, ci\u00fames, trilhando um caminho de perd\u00e3o e reconcilia\u00e7\u00e3o, buscando o bem comum.<br>A sinodalidade \u00e9 para Deus reinar, caminhamos juntos fazendo um caminho, tecendo rela\u00e7\u00f5es que se estabelecem a partir da soberania de Jesus.<\/p>\n\n\n\n<p>Os grandes desafios que temos que enfrentar hoje como vida consagrada s\u00e3o: A inclus\u00e3o do diverso, nova ministerialidade no exerc\u00edcio da lideran\u00e7a, novos sujeitos, novos cen\u00e1rios, intercongregacionalidade, interreligiosidade, interculturalidade, intermissionalidade e intergeracionalidade.<\/p>\n\n\n\n<p>A sinodalidade deve ser uma oportunidade e n\u00e3o uma moda passageira. Caminhar juntos como a Vida Religiosa nos pede, \u00e0 maneira dos disc\u00edpulos no caminho de Ema\u00fas, suspender as confus\u00f5es do presente para reconhec\u00ea-lo no caminho, isso leva a um ato de confian\u00e7a e esperan\u00e7a. Continue navegando no meio da tempestade porque n\u00e3o podemos simplesmente deixar o navio \u00e0 deriva e deix\u00e1-lo seguir o curso que os ventos indicam. \u00c9 tempo de tomar a Vida Religiosa na m\u00e3o, n\u00e3o se entregar aos altos e baixos diante do n\u00famero, \u00e9 tempo do pouco descanso, dos humildes e dos simples, \u00e9 tempo de permanecer fiel ao mestre, acariciado pela brisa suave do Esp\u00edrito Santo que nos convida a n\u00e3o temer, a n\u00e3o buscar seguran\u00e7as ou previs\u00f5es. Re\u00fanam-se, encorajem-se ao longo do caminho, sejam irm\u00e3os, amigos, percam tempo para o encontro, superem medos e solid\u00e3o porque a \u00fanica certeza \u00e9 que Deus continua operando na hist\u00f3ria.<\/p>\n","protected":false},"excerpt":{"rendered":"<p>A sinodalidade \u00e9 constitutiva da Igreja, seu ponto de partida e chegada \u00e9 o povo de Deus. O Papa Francisco nos chamou a viver este processo com os seguintes verbos-chave: Caminhar, ouvir, acolher, acompanhar, dialogar, participar, compartilhar, tornar-se presen\u00e7a da Igreja em comunh\u00e3o, participa\u00e7\u00e3o e miss\u00e3o.<\/p>\n","protected":false},"author":1,"featured_media":1489,"comment_status":"closed","ping_status":"closed","sticky":false,"template":"","format":"standard","meta":{"_et_pb_use_builder":"off","_et_pb_old_content":"","_et_gb_content_width":"1200","footnotes":""},"categories":[8],"tags":[],"class_list":["post-1488","post","type-post","status-publish","format-standard","has-post-thumbnail","hentry","category-noticias"],"_links":{"self":[{"href":"https:\/\/franciscanas.org\/portal\/brasil\/wp-json\/wp\/v2\/posts\/1488","targetHints":{"allow":["GET"]}}],"collection":[{"href":"https:\/\/franciscanas.org\/portal\/brasil\/wp-json\/wp\/v2\/posts"}],"about":[{"href":"https:\/\/franciscanas.org\/portal\/brasil\/wp-json\/wp\/v2\/types\/post"}],"author":[{"embeddable":true,"href":"https:\/\/franciscanas.org\/portal\/brasil\/wp-json\/wp\/v2\/users\/1"}],"replies":[{"embeddable":true,"href":"https:\/\/franciscanas.org\/portal\/brasil\/wp-json\/wp\/v2\/comments?post=1488"}],"version-history":[{"count":1,"href":"https:\/\/franciscanas.org\/portal\/brasil\/wp-json\/wp\/v2\/posts\/1488\/revisions"}],"predecessor-version":[{"id":1490,"href":"https:\/\/franciscanas.org\/portal\/brasil\/wp-json\/wp\/v2\/posts\/1488\/revisions\/1490"}],"wp:featuredmedia":[{"embeddable":true,"href":"https:\/\/franciscanas.org\/portal\/brasil\/wp-json\/wp\/v2\/media\/1489"}],"wp:attachment":[{"href":"https:\/\/franciscanas.org\/portal\/brasil\/wp-json\/wp\/v2\/media?parent=1488"}],"wp:term":[{"taxonomy":"category","embeddable":true,"href":"https:\/\/franciscanas.org\/portal\/brasil\/wp-json\/wp\/v2\/categories?post=1488"},{"taxonomy":"post_tag","embeddable":true,"href":"https:\/\/franciscanas.org\/portal\/brasil\/wp-json\/wp\/v2\/tags?post=1488"}],"curies":[{"name":"wp","href":"https:\/\/api.w.org\/{rel}","templated":true}]}}