{"id":1472,"date":"2022-07-02T08:55:00","date_gmt":"2022-07-02T11:55:00","guid":{"rendered":"https:\/\/franciscanas.org\/portal\/brasil\/?p=1472"},"modified":"2022-07-05T17:16:41","modified_gmt":"2022-07-05T20:16:41","slug":"hospital-regional-sao-paulo-inaugura-ampliacao-de-espaco-e-servicos","status":"publish","type":"post","link":"https:\/\/franciscanas.org\/portal\/brasil\/noticias\/hospital-regional-sao-paulo-inaugura-ampliacao-de-espaco-e-servicos\/","title":{"rendered":"Hospital Regional S\u00e3o Paulo inaugura amplia\u00e7\u00e3o de espa\u00e7o e servi\u00e7os"},"content":{"rendered":"\n<p>O Hospital Regional S\u00e3o Paulo (HRSP) de Xanxer\u00ea, Santa Catarina, inaugurou no dia 30 de junho, duas novas alas: o setor de Imaginologia e a nova UTI Coronariana. Na solenidade de inaugura\u00e7\u00e3o estiveram presentes autoridades regionais e estaduais, corpo cl\u00ednico, colaboradores do hospital e a comunidade. Estiveram presentes, ainda os membros da diretoria da Associa\u00e7\u00e3o Educacional e Caritativa &#8211; ASSEC, mantenedora do HRSP, bra\u00e7o das Irm\u00e3s Franciscanas Mission\u00e1rias de Maria Auxilidadora de atua\u00e7\u00e3o na \u00e1rea da sa\u00fade. Ir. Ivaldina Basso fez o pronunciamento em nome da entidade.<br><\/p>\n\n\n\n<p>O HRSP \u00e9 refer\u00eancia em cardiologia de alta complexidade na regi\u00e3o oeste do estado de Santa Catarina, Brasil com uma \u00e1rea de abrang\u00eancia no atendimento para 1,3 milh\u00e3o de habitantes. Com a inaugura\u00e7\u00e3o, a popula\u00e7\u00e3o agora conta com um novo e moderno setor de imagem. Na nova ala inaugurada est\u00e3o situados a recep\u00e7\u00e3o de atendimento, duas salas para exames de raio X, mamografia, tomografia, ultrassonografia e ecocardiografia para atendimento dos pacientes do hospital e o p\u00fablico externo.<br><\/p>\n\n\n\n<p>A UTI Coronariana, est\u00e1 localizada no segundo andar do novo bloco do hospital. Conforme a Diretora Geral do HRSP, Ir. Neusa L\u00facio Luiz, \u201ca inaugura\u00e7\u00e3o dos 10 leitos da UTI foi viabilizada atrav\u00e9s de uma parceria com o Governo do Estado. Mesmo ainda n\u00e3o tendo a habilita\u00e7\u00e3o do Minist\u00e9rio da Sa\u00fade, o hospital obteve o compromisso do Governo do Estado, com o aporte de quase R$ 500 mil por m\u00eas necess\u00e1rios para colocar em funcionamento os dez novos leitos de UTI\u201d.<br><\/p>\n\n\n\n<p>Durante a cerim\u00f4nia, o Secret\u00e1rio de Sa\u00fade do Estado de Santa Catarina, Aldo Baptista Neto, destacou a parceria entre o Governo do Estado e o HRSP. \u201cEstamos acompanhando uma obra fruto da parceria e respeito com o dinheiro p\u00fablico. Pessoas focadas e que est\u00e3o trabalhando de forma conjunta para o bem das pessoas. Essa \u00e9 nossa principal miss\u00e3o. N\u00e3o temos d\u00favida, traremos mais servi\u00e7os de sa\u00fade, com mais qualidade, para mais pr\u00f3ximo de quem precisa. Est\u00e1 de parab\u00e9ns o povo da regi\u00e3o e a dire\u00e7\u00e3o do Hospital Regional S\u00e3o Paulo,\u201d afirmou.<br><\/p>\n\n\n\n<p>Os novos setores do HRSP contam com os equipados necess\u00e1rios e a contrata\u00e7\u00e3o de pelo menos 30 novos profissionais, equipe m\u00e9dica e demais colaboradores. Ir. Neusa L\u00facio Luiz salienta que \u201cas inaugura\u00e7\u00f5es representam um avan\u00e7o no atendimento de alta complexidade no servi\u00e7o de cardiologia e dos servi\u00e7os de Imaginologia, pois estamos ampliando espa\u00e7os, com estrutura e equipamentos modernos para auxiliar no atendimento de urg\u00eancia e emerg\u00eancia de pacientes com problemas card\u00edacos\u201d.<br><\/p>\n\n\n\n<p>O Hospital Regional S\u00e3o Paulo realiza um trabalho de refer\u00eancia e excel\u00eancia no atendimento ao SUS &#8211; Sistema \u00danico de Sa\u00fade. \u00c1 servi\u00e7o da comunidade, atento \u00e0 demandas regionais, o hospital representa o compromisso concreto das Irm\u00e3s Franciscanas Mission\u00e1rias de Maria Auxiliadora com a sa\u00fade e com o cuidado das pessoas no momento de fragilidade, a exemplo de Santa Maria Bernarda.<\/p>\n\n\n\n<p><\/p>\n\n\n\n<figure class=\"wp-block-gallery has-nested-images columns-2 is-cropped wp-block-gallery-1 is-layout-flex wp-block-gallery-is-layout-flex\">\n<figure class=\"wp-block-image size-large\"><img loading=\"lazy\" decoding=\"async\" width=\"1024\" height=\"682\" data-id=\"1484\" src=\"https:\/\/franciscanas.org\/portal\/brasil\/wp-content\/uploads\/sites\/5\/2022\/07\/inaugura-1-18-1024x682.jpeg\" alt=\"\" class=\"wp-image-1484\" srcset=\"https:\/\/franciscanas.org\/portal\/brasil\/wp-content\/uploads\/sites\/5\/2022\/07\/inaugura-1-18-1024x682.jpeg 1024w, https:\/\/franciscanas.org\/portal\/brasil\/wp-content\/uploads\/sites\/5\/2022\/07\/inaugura-1-18-980x653.jpeg 980w, https:\/\/franciscanas.org\/portal\/brasil\/wp-content\/uploads\/sites\/5\/2022\/07\/inaugura-1-18-480x320.jpeg 480w\" sizes=\"(min-width: 0px) and (max-width: 480px) 480px, (min-width: 481px) and (max-width: 980px) 980px, (min-width: 981px) 1024px, 100vw\" \/><\/figure>\n\n\n\n<figure class=\"wp-block-image size-large\"><img loading=\"lazy\" decoding=\"async\" width=\"1025\" height=\"592\" data-id=\"1481\" src=\"https:\/\/franciscanas.org\/portal\/brasil\/wp-content\/uploads\/sites\/5\/2022\/07\/inaugura-2-3.jpeg\" alt=\"\" class=\"wp-image-1481\" srcset=\"https:\/\/franciscanas.org\/portal\/brasil\/wp-content\/uploads\/sites\/5\/2022\/07\/inaugura-2-3.jpeg 1025w, https:\/\/franciscanas.org\/portal\/brasil\/wp-content\/uploads\/sites\/5\/2022\/07\/inaugura-2-3-980x566.jpeg 980w, https:\/\/franciscanas.org\/portal\/brasil\/wp-content\/uploads\/sites\/5\/2022\/07\/inaugura-2-3-480x277.jpeg 480w\" sizes=\"(min-width: 0px) and (max-width: 480px) 480px, (min-width: 481px) and (max-width: 980px) 980px, (min-width: 981px) 1025px, 100vw\" \/><\/figure>\n\n\n\n<figure class=\"wp-block-image size-large\"><img loading=\"lazy\" decoding=\"async\" width=\"1024\" height=\"584\" data-id=\"1482\" src=\"https:\/\/franciscanas.org\/portal\/brasil\/wp-content\/uploads\/sites\/5\/2022\/07\/inaugura-2-5-1024x584.jpeg\" alt=\"\" class=\"wp-image-1482\" srcset=\"https:\/\/franciscanas.org\/portal\/brasil\/wp-content\/uploads\/sites\/5\/2022\/07\/inaugura-2-5-1024x584.jpeg 1024w, https:\/\/franciscanas.org\/portal\/brasil\/wp-content\/uploads\/sites\/5\/2022\/07\/inaugura-2-5-980x559.jpeg 980w, https:\/\/franciscanas.org\/portal\/brasil\/wp-content\/uploads\/sites\/5\/2022\/07\/inaugura-2-5-480x274.jpeg 480w\" sizes=\"(min-width: 0px) and (max-width: 480px) 480px, (min-width: 481px) and (max-width: 980px) 980px, (min-width: 981px) 1024px, 100vw\" \/><\/figure>\n\n\n\n<figure class=\"wp-block-image size-large\"><img loading=\"lazy\" decoding=\"async\" width=\"1024\" height=\"572\" data-id=\"1478\" src=\"https:\/\/franciscanas.org\/portal\/brasil\/wp-content\/uploads\/sites\/5\/2022\/07\/inaugura-2-8-1-1024x572.jpeg\" alt=\"\" class=\"wp-image-1478\" srcset=\"https:\/\/franciscanas.org\/portal\/brasil\/wp-content\/uploads\/sites\/5\/2022\/07\/inaugura-2-8-1-1024x572.jpeg 1024w, https:\/\/franciscanas.org\/portal\/brasil\/wp-content\/uploads\/sites\/5\/2022\/07\/inaugura-2-8-1-980x547.jpeg 980w, https:\/\/franciscanas.org\/portal\/brasil\/wp-content\/uploads\/sites\/5\/2022\/07\/inaugura-2-8-1-480x268.jpeg 480w\" sizes=\"(min-width: 0px) and (max-width: 480px) 480px, (min-width: 481px) and (max-width: 980px) 980px, (min-width: 981px) 1024px, 100vw\" \/><\/figure>\n\n\n\n<figure class=\"wp-block-image size-large\"><img loading=\"lazy\" decoding=\"async\" width=\"1011\" height=\"593\" data-id=\"1477\" src=\"https:\/\/franciscanas.org\/portal\/brasil\/wp-content\/uploads\/sites\/5\/2022\/07\/inaugura-2-9.jpeg\" alt=\"\" class=\"wp-image-1477\" srcset=\"https:\/\/franciscanas.org\/portal\/brasil\/wp-content\/uploads\/sites\/5\/2022\/07\/inaugura-2-9.jpeg 1011w, https:\/\/franciscanas.org\/portal\/brasil\/wp-content\/uploads\/sites\/5\/2022\/07\/inaugura-2-9-980x575.jpeg 980w, https:\/\/franciscanas.org\/portal\/brasil\/wp-content\/uploads\/sites\/5\/2022\/07\/inaugura-2-9-480x282.jpeg 480w\" sizes=\"(min-width: 0px) and (max-width: 480px) 480px, (min-width: 481px) and (max-width: 980px) 980px, (min-width: 981px) 1011px, 100vw\" \/><\/figure>\n\n\n\n<figure class=\"wp-block-image size-large\"><img loading=\"lazy\" decoding=\"async\" width=\"1024\" height=\"538\" data-id=\"1480\" src=\"https:\/\/franciscanas.org\/portal\/brasil\/wp-content\/uploads\/sites\/5\/2022\/07\/inaugura-2-13-1024x538.jpeg\" alt=\"\" class=\"wp-image-1480\" srcset=\"https:\/\/franciscanas.org\/portal\/brasil\/wp-content\/uploads\/sites\/5\/2022\/07\/inaugura-2-13-1024x538.jpeg 1024w, https:\/\/franciscanas.org\/portal\/brasil\/wp-content\/uploads\/sites\/5\/2022\/07\/inaugura-2-13-980x515.jpeg 980w, https:\/\/franciscanas.org\/portal\/brasil\/wp-content\/uploads\/sites\/5\/2022\/07\/inaugura-2-13-480x252.jpeg 480w\" sizes=\"(min-width: 0px) and (max-width: 480px) 480px, (min-width: 481px) and (max-width: 980px) 980px, (min-width: 981px) 1024px, 100vw\" \/><\/figure>\n\n\n\n<figure class=\"wp-block-image size-large\"><img loading=\"lazy\" decoding=\"async\" width=\"1024\" height=\"578\" data-id=\"1479\" src=\"https:\/\/franciscanas.org\/portal\/brasil\/wp-content\/uploads\/sites\/5\/2022\/07\/inaugura-2-17-1024x578.jpeg\" alt=\"\" class=\"wp-image-1479\" srcset=\"https:\/\/franciscanas.org\/portal\/brasil\/wp-content\/uploads\/sites\/5\/2022\/07\/inaugura-2-17-1024x578.jpeg 1024w, https:\/\/franciscanas.org\/portal\/brasil\/wp-content\/uploads\/sites\/5\/2022\/07\/inaugura-2-17-980x553.jpeg 980w, https:\/\/franciscanas.org\/portal\/brasil\/wp-content\/uploads\/sites\/5\/2022\/07\/inaugura-2-17-480x271.jpeg 480w\" sizes=\"(min-width: 0px) and (max-width: 480px) 480px, (min-width: 481px) and (max-width: 980px) 980px, (min-width: 981px) 1024px, 100vw\" \/><\/figure>\n<\/figure>\n","protected":false},"excerpt":{"rendered":"<p>O Hospital Regional S\u00e3o Paulo (HRSP) de Xanxer\u00ea, Santa Catarina, inaugurou no dia 30 de junho, duas novas alas: o setor de Imaginologia e a nova UTI Coronariana. <\/p>\n","protected":false},"author":1,"featured_media":1474,"comment_status":"closed","ping_status":"closed","sticky":false,"template":"","format":"standard","meta":{"_et_pb_use_builder":"off","_et_pb_old_content":"","_et_gb_content_width":"1200","footnotes":""},"categories":[8],"tags":[],"class_list":["post-1472","post","type-post","status-publish","format-standard","has-post-thumbnail","hentry","category-noticias"],"_links":{"self":[{"href":"https:\/\/franciscanas.org\/portal\/brasil\/wp-json\/wp\/v2\/posts\/1472","targetHints":{"allow":["GET"]}}],"collection":[{"href":"https:\/\/franciscanas.org\/portal\/brasil\/wp-json\/wp\/v2\/posts"}],"about":[{"href":"https:\/\/franciscanas.org\/portal\/brasil\/wp-json\/wp\/v2\/types\/post"}],"author":[{"embeddable":true,"href":"https:\/\/franciscanas.org\/portal\/brasil\/wp-json\/wp\/v2\/users\/1"}],"replies":[{"embeddable":true,"href":"https:\/\/franciscanas.org\/portal\/brasil\/wp-json\/wp\/v2\/comments?post=1472"}],"version-history":[{"count":4,"href":"https:\/\/franciscanas.org\/portal\/brasil\/wp-json\/wp\/v2\/posts\/1472\/revisions"}],"predecessor-version":[{"id":1487,"href":"https:\/\/franciscanas.org\/portal\/brasil\/wp-json\/wp\/v2\/posts\/1472\/revisions\/1487"}],"wp:featuredmedia":[{"embeddable":true,"href":"https:\/\/franciscanas.org\/portal\/brasil\/wp-json\/wp\/v2\/media\/1474"}],"wp:attachment":[{"href":"https:\/\/franciscanas.org\/portal\/brasil\/wp-json\/wp\/v2\/media?parent=1472"}],"wp:term":[{"taxonomy":"category","embeddable":true,"href":"https:\/\/franciscanas.org\/portal\/brasil\/wp-json\/wp\/v2\/categories?post=1472"},{"taxonomy":"post_tag","embeddable":true,"href":"https:\/\/franciscanas.org\/portal\/brasil\/wp-json\/wp\/v2\/tags?post=1472"}],"curies":[{"name":"wp","href":"https:\/\/api.w.org\/{rel}","templated":true}]}}