{"id":1464,"date":"2022-07-15T08:00:00","date_gmt":"2022-07-15T11:00:00","guid":{"rendered":"https:\/\/franciscanas.org\/portal\/brasil\/?p=1464"},"modified":"2022-07-05T22:17:09","modified_gmt":"2022-07-06T01:17:09","slug":"mulheres-que-deixam-marcas-clinica-madre-bernarda-e-sua-historia","status":"publish","type":"post","link":"https:\/\/franciscanas.org\/portal\/brasil\/noticias\/mulheres-que-deixam-marcas-clinica-madre-bernarda-e-sua-historia\/","title":{"rendered":"Mulheres que deixam marcas: Cl\u00ednica Madre Bernarda e sua hist\u00f3ria"},"content":{"rendered":"\n<p><strong>Em 1952<\/strong>, a pedido de Monsenhor Jos\u00e9 Ignacio L\u00f3pez Uma\u00f1a, para atender a &#8220;Obra P\u00eda Enfermagem&#8221; que trabalhava em Cartagena, com capital doado pela espanhola Becerra de Bacca, a Congrega\u00e7\u00e3o das Irm\u00e3s Franciscanas Mission\u00e1rias de Maria Auxiliadora dirigida por Madre Josefa, se encarrega desse trabalho com oito leitos e para atender os pobres dos bairros de La Providencia. Monsenhor pediu \u00e0 Irm\u00e3 Beatriz L\u00f4nderos, que era enfermeira do Doutor Mois\u00e9s Pianeta Mu\u00f1oz (internista) para iniciar a execu\u00e7\u00e3o de um trabalho maravilhoso.<\/p>\n\n\n\n<p><strong>Em 1955<\/strong>, os recursos se esgotaram e a Enfermaria Obra P\u00eda foi fechada; \u00c9 assim que a estimada Madre Beatriz L\u00f4nderos, sempre iluminada e guiada pelo Senhor, seu zelo apost\u00f3lico e mission\u00e1rio e com grande esp\u00edrito de f\u00e9 e confian\u00e7a na Divina Provid\u00eancia, toma a iniciativa de fundar uma pequena Cl\u00ednica para continuar prestando servi\u00e7os de enfermagem. Nesse mesmo ano, a casa Divina Providencia foi transferida para as atuais instala\u00e7\u00f5es.<\/p>\n\n\n\n<p>Com a ajuda do Doutor Mois\u00e9s Pianeta e do Arquiteto Carlos Uribe, a Cl\u00ednica come\u00e7ou a ser constru\u00edda, e assim, em 25 de mar\u00e7o de 1955, abriu suas portas ao p\u00fablico como CL\u00cdNICA MADRE BERNARDA, em homenagem \u00e0 Reverenda Madre Mar\u00eda Bernarda B\u00fctler, fundadora da Congrega\u00e7\u00e3o das Irm\u00e3s Franciscanas Mission\u00e1rias de Maria Auxiliadora, com as Irm\u00e3s Beatriz L\u00f4nderos, Narcisa Vargas e Carmen Di-Caro. A Cl\u00ednica come\u00e7a com 5 leitos e uma sala de cirurgia, tornando-se uma Institui\u00e7\u00e3o privada com modestos honor\u00e1rios pelo seu suporte.<\/p>\n\n\n\n<p><strong>Em 1956<\/strong>, o primeiro andar come\u00e7ou com 16 leitos e uma pequena sala de parto. Para responder \u00e0 demanda, o Sr. Carlos Uribe, Arquiteto, afirma que o pr\u00e9dio tinha boas funda\u00e7\u00f5es e poderia ser constru\u00eddo um segundo andar. Em 1957, foi constru\u00eddo o segundo andar com 16 leitos, uma capela e um quarto, al\u00e9m de uma sala de cirurgia e esteriliza\u00e7\u00e3o (no primeiro andar), nomeando o doutor Rafael Mu\u00f1oz Tilbe como diretor cient\u00edfico.<\/p>\n\n\n\n<p><strong>Em 1963<\/strong>, continua a amplia\u00e7\u00e3o da planta f\u00edsica, finalizando a constru\u00e7\u00e3o de um novo pr\u00e9dio anexo ao pr\u00e9dio de 3 andares j\u00e1 constru\u00eddo e diversos servi\u00e7os s\u00e3o ampliados; \u00e9 constru\u00edda uma sala para radiografias e outra para emerg\u00eancias, disponibilizando o Dr. Arnold Puello para equipar a sala.<\/p>\n\n\n\n<p><strong>Continuando com as amplia\u00e7\u00f5es de 1965<\/strong>, no primeiro andar s\u00e3o constru\u00eddos o quarto geral para homens e quatro quartos individuais. No segundo andar, 3 salas de cirurgia, ber\u00e7\u00e1rio e 5 salas individuais; no terceiro andar, o Pavilh\u00e3o de Pediatria e cinco quartos individuais mais uma sala comum com 5 leitos. O n\u00famero de leitos aumenta para 57.<\/p>\n\n\n\n<p><strong>De 1966 a 1975<\/strong>, sob a dire\u00e7\u00e3o das Irm\u00e3s Amira Schlssmayer, Narcisa Vargas, Adelgunde Berguer e Vilma Hutter, foram realizadas e conclu\u00eddas as amplia\u00e7\u00f5es da Cl\u00ednica, deixando todos os servi\u00e7os, e agora com um total de 110 leitos; uma ambul\u00e2ncia Volkswagen doada pela MIVA \u00e9 recebida. Todas as especialidades j\u00e1 estavam dispon\u00edveis, sob a dire\u00e7\u00e3o cient\u00edfica dos Doutores Jorge Rey Sarmiento e Tom\u00e1s Campuzano.<\/p>\n\n\n\n<p>As Irm\u00e3s que trabalhavam na Institui\u00e7\u00e3o naquela \u00e9poca realizavam sua miss\u00e3o evangelizadora e pastoral em sil\u00eancio e com grande generosidade se entregavam e se dedicavam ao cuidado dos enfermos que lhes foram confiados. Levando em conta as profundas mudan\u00e7as surgidas com o Vaticano II, que abriu as portas da Igreja, Madre Gaudencia Richter, Superiora Geral, impulsiona a Congrega\u00e7\u00e3o a mudan\u00e7as transcendentais, e \u00e9 assim que come\u00e7a a prepara\u00e7\u00e3o profissional das irm\u00e3s, gera a divis\u00e3o de a Prov\u00edncia de San Francisco, criando a Prov\u00edncia Maria Auxiliadora com sede em Bogot\u00e1; sob a dire\u00e7\u00e3o da Ir. Myriam G\u00f3mez Ram\u00edrez, como Superiora Provincial, inicia os grupos pastorais na Prov\u00edncia, a prepara\u00e7\u00e3o da Pastoral da Sa\u00fade e o Departamento de Enfermagem \u00e9 criado na Cl\u00ednica.<\/p>\n\n\n\n<p><strong>De 1976 a 1985<\/strong>, sob a dire\u00e7\u00e3o de Ir. Maria Arr\u00e1zola e continuando com o despertar da Igreja e as mudan\u00e7as nela geradas, busca-se um minist\u00e9rio de sa\u00fade mais organizado, e assim se organizam e se realizam os encontros programados com as enfermeiras e com o conselho dos Irm\u00e3os de San Juan de Dios e equipe profissional qualificada. As BODAS DE PRATA da Cl\u00ednica s\u00e3o celebrados com grande solenidade e no dia 19 de maio, falecimento de Madre Bernarda, \u00e9 oficializada como data Institucional, celebrando com os funcion\u00e1rios as romarias ao t\u00famulo de Madre Bernarda, fruto do trabalho pastoral realizado para as irm\u00e3s. A Institui\u00e7\u00e3o disp\u00f5e de central telef\u00f3nica e de fisioterapia respirat\u00f3ria e de estadiamento informatizado; O Dr. Tom\u00e1s Campuzano continua a chefiar a Direc\u00e7\u00e3o Cient\u00edfica.<\/p>\n\n\n\n<p><strong>No per\u00edodo de 1986 a 1995<\/strong>, assume a dire\u00e7\u00e3o da Cl\u00ednica Hna. Judith Arquez e como administradora Ir. Odalis Pel\u00e1ez e a prepara\u00e7\u00e3o acad\u00eamica no Sena come\u00e7a para o pessoal que trabalhaava na Institui\u00e7\u00e3o, como pr\u00e9-requisito para a Licen\u00e7a de Funcionamento. Adquirido o primeiro computador para iniciar a sistematiza\u00e7\u00e3o cont\u00e1bil, abrem-se as portas para o rod\u00edzio dos estagi\u00e1rios de Medicina da Universidade de Cartagena, sob a orienta\u00e7\u00e3o e assessoria do Dr. Alonso Cortina. Continua o avan\u00e7o na aquisi\u00e7\u00e3o de equipamentos de alta tecnologia, obtendo-se a licen\u00e7a de opera\u00e7\u00e3o, no segundo n\u00edvel de complexidade. Morre o Dr. Tom\u00e1s Campuzano, que durante vinte anos foi nosso Diretor Cient\u00edfico. Foi nomeado o Dr. Luis Moreno Ballesteros e, ap\u00f3s renunciar, o Dr. Abel Mart\u00ednez Rapalino foi nomeado Diretor Cient\u00edfico. Tendo em conta as mudan\u00e7as geradas na \u00e1rea da sa\u00fade e novas tecnologias, decide-se continuar com a expans\u00e3o, para a qual se solicita autoriza\u00e7\u00e3o ao Governo Provincial para ampliar e remodelar as Instala\u00e7\u00f5es Cl\u00ednicas para prestar um servi\u00e7o mais qualificado, o que foi aprovado. Assim se constr\u00f3i um novo bloco de 3 (tr\u00eas) andares, onde est\u00e1 localizado o Pavilh\u00e3o Madre Beatriz, que conta com 15 apartamentos de luxo, sendo 2 su\u00edtes. Em outubro de 1996, foi inaugurada a Unidade de Terapia Intensiva com 5 leitos. Os servi\u00e7os oferecidos s\u00e3o ampliados, laborat\u00f3rio cl\u00ednico, farm\u00e1cia, consult\u00f3rios m\u00e9dicos especializados, sistematiza\u00e7\u00e3o da \u00e1rea administrativa, entre outros.<\/p>\n\n\n\n<p><strong>Durante o per\u00edodo de 1996 a 2000,<\/strong> assume novamente a dire\u00e7\u00e3o da Cl\u00ednica a Ir. Maria Arr\u00e1zola, apoiando a prepara\u00e7\u00e3o em todos os n\u00edveis para a celebra\u00e7\u00e3o do grande evento da BEATIFICA\u00c7\u00c3O DE NOSSA M\u00c3E BERNARDA. Culmina com a remodela\u00e7\u00e3o da Cl\u00ednica, abrindo-se com uma Eucaristia de A\u00e7\u00e3o de Gra\u00e7as ao Senhor e b\u00ean\u00e7\u00e3o das Instala\u00e7\u00f5es, presidida por Monsenhor Carlos Jos\u00e9 Ruiseco Vieira, Arcebispo de Cartagena, acompanhado tamb\u00e9m pelas Irm\u00e3s. Concilia Hoffer, Vig\u00e1ria Geral e Representante da Madre Geral, Ir. Imelda Toro Carmona, Superiora Provincial, Irm\u00e3s de diversas fraternidades, pessoal m\u00e9dico e param\u00e9dico e pessoal pr\u00f3ximo da nossa Institui\u00e7\u00e3o.<\/p>\n\n\n\n<p><strong>A partir do ano 2001<\/strong>, assume a dire\u00e7\u00e3o da Cl\u00ednica o Hna. Teresa de Jesus Giraldo Giraldo; Sob esta Direc\u00e7\u00e3o, a \u00e1rea do bloco operat\u00f3rio \u00e9 reestruturada, passando a contar com quatro blocos operat\u00f3rios, uma sala de recupera\u00e7\u00e3o e cuidados intensivos neonatais. A Institui\u00e7\u00e3o disp\u00f5e de 116 leitos. O organograma da Cl\u00ednica \u00e9 atualizado, com a assessoria do Dr. Jorge Botero, dando-lhe uma forma circular que demonstra a import\u00e2ncia do trabalho em equipe e da intera\u00e7\u00e3o das diferentes \u00e1reas da cl\u00ednica para a presta\u00e7\u00e3o de servi\u00e7os de qualidade.<\/p>\n\n\n\n<p><strong>Em 2006<\/strong>, foi inaugurada a Unidade de Cuidados Intermedi\u00e1rios para Adultos. Entre 2010 e 2011, a institui\u00e7\u00e3o reestruturou o Servi\u00e7o de Urg\u00eancia e Interna\u00e7\u00e3o, com a abertura do Pronto-Socorro n\u00ba 2, para atendimento de pacientes particulares, Pol\u00edticas e Medicina Pr\u00e9-Paga com o objetivo de melhorar a Oportunidade e Acessibilidade ao Servi\u00e7o.<\/p>\n\n\n\n<p><strong>Em 20 de janeiro de 2012<\/strong>, Ir. Noreiba Quintana Quiroz assume a dire\u00e7\u00e3o, sob sua dire\u00e7\u00e3o, \u00e9 inaugurada a Unidade de Terapia Intensiva Pedi\u00e1trica, que tem capacidade instalada de 11 leitos equipados com tecnologia de ponta.<\/p>\n\n\n\n<p><strong>Em 1\u00ba de setembro de 2013<\/strong>, Ir. assume a dire\u00e7\u00e3o. Flor de Mar\u00eda P\u00e9rez Legu\u00eda, a partir desta data e durante o ano de 2014, realiza-se a remodela\u00e7\u00e3o de grande parte da infraestrutura, fachada, salas, moderniza\u00e7\u00e3o do equipamento cl\u00ednico e instala\u00e7\u00e3o de elevadores modernos. A plataforma estrat\u00e9gica e os padr\u00f5es de qualidade da ISO 9001-2008 s\u00e3o atualizados, a cl\u00ednica tem hoje uma nova imagem corporativa, moderniza\u00e7\u00e3o de toda a plataforma tecnol\u00f3gica e pessoal altamente qualificado.<\/p>\n\n\n\n<p><strong>Em 2015<\/strong>, comemorou-se o 60\u00ba anivers\u00e1rio da Cl\u00ednica Madre Bernarda, com uma Eucaristia de A\u00e7\u00e3o de Gra\u00e7as presidida pelo Padre Carlos Jos\u00e9 Ruiseco Vieira e um jantar no hotel Corales de Indias, celebra\u00e7\u00e3o solene da ocasi\u00e3o. as fraternidades, representantes das autoridades civis e eclesi\u00e1sticas, funcion\u00e1rios e demais colaboradores da Cl\u00ednica.<\/p>\n\n\n\n<p><strong>Em 1\u00ba de dezembro de 2015<\/strong>, foi implantado o novo sistema integrado de informa\u00e7\u00f5es denominado HOSVITAL no ambulat\u00f3rio e posteriormente em 2 de janeiro de 2016 nos demais servi\u00e7os da institui\u00e7\u00e3o, com um sistema robusto, o Hosvital prestando suporte a todos os processos administrativos e assistenciais para o cumprimento dos objetivos institucionais.<\/p>\n\n\n\n<p><strong>Em 2016<\/strong>, foi ampliada a infraestrutura do processo assistencial cir\u00fargico para a cria\u00e7\u00e3o da farm\u00e1cia sat\u00e9lite em cirurgia, \u00e1rea inaugurada em abril de 2016, permitindo a administra\u00e7\u00e3o tempestiva e controlada de medicamentos e insumos aos pacientes. Para este mesmo ano, em 15 de setembro, \u00e9 inaugurada a nova Unidade de Cuidados Intensivos, Intermedi\u00e1rios e B\u00e1sicos Neonatais 12 novas camas, com excelente infraestrutura, equipamentos de \u00faltima gera\u00e7\u00e3o e pessoal altamente qualificado.<\/p>\n\n\n\n<p><strong>Para o ano de 2017<\/strong>, a cl\u00ednica \u00e9 certificada pelo ICONTEC sob a norma ISO 9001-2008, destaca-se tamb\u00e9m a abertura aos servi\u00e7os de Radiologia e Tomografia para os quais adquire modernos equipamentos de imagem, que auxiliam nossa equipe m\u00e9dica no diagn\u00f3stico oportuno dos pacientes. Da mesma forma, no dia 16 de dezembro deste ano, a cl\u00ednica recebe uma visita de inspe\u00e7\u00e3o do Minist\u00e9rio da Sa\u00fade e Prote\u00e7\u00e3o Social para avaliar a estrat\u00e9gia do IAMII, sendo Certificada, sendo a \u00fanica institui\u00e7\u00e3o Credenciada em n\u00edvel Local. Da mesma forma, os servi\u00e7os de Fisioterapia e Fisioterapia Respirat\u00f3ria, anteriormente terceirizados, s\u00e3o assumidos diretamente pela Institui\u00e7\u00e3o.<\/p>\n\n\n\n<p><strong>No dia 5 de outubro de 2018<\/strong>, a Congrega\u00e7\u00e3o das Irm\u00e3s Franciscanas Mission\u00e1rias de Maria Auxiliadora &#8211; Cl\u00ednica Madre Bernarda recebeu o certificado da Icontec International pela atualiza\u00e7\u00e3o da vers\u00e3o ISO 9001:2015, sob a administra\u00e7\u00e3o de Ir. Flor de Maria Perez L\u00e9guia.<\/p>\n\n\n\n<p><strong>Para o ano de 2019<\/strong>, os servi\u00e7os de Lavanderia e Costura anteriormente terceirizados passam a ser assumidos pela Institui\u00e7\u00e3o.<\/p>\n\n\n\n<p><strong>Ano de 2020<\/strong>, a Organiza\u00e7\u00e3o Mundial da Sa\u00fade OMS declara emerg\u00eancia sanit\u00e1ria Pandemia COVID 19 a Cl\u00ednica segue todas as orienta\u00e7\u00f5es governamentais no Decreto 457 de 2020. Uma segunda sala de observa\u00e7\u00e3o est\u00e1 adaptada para responder \u00e0 emerg\u00eancia sanit\u00e1ria.<\/p>\n\n\n\n<p><strong>Ano de 2021<\/strong>, as atividades s\u00e3o retomadas gradativamente, principalmente a reabertura da consulta externa, cirurgias agendadas, etc. S\u00e3o feitas adequa\u00e7\u00f5es nas salas de cirurgia, sala de parto, maternidade e remanejamento dos escrit\u00f3rios administrativos.<\/p>\n\n\n\n<p><strong>Ano de 2022<\/strong>, a Cl\u00ednica conta com 52 leitos de enfermaria geral, 7 leitos pedi\u00e1tricos, 17 leitos de maternidade, 22 leitos de UTI adulto, 12 leitos de UTI neonatal e emerg\u00eancia. Possui: Laborat\u00f3rio Cl\u00ednico, imagens diagn\u00f3sticas, consulta externa. Cirurgia com 4 salas de cirurgia, sala de esteriliza\u00e7\u00e3o, farm\u00e1cia.<\/p>\n\n\n\n<p>Ao longo de toda esta hist\u00f3ria vimos e sentimos a fidelidade de Deus e de Santa Maria Bernarda, que caminharam ao nosso lado infundindo-nos f\u00e9, encorajamento e esperan\u00e7a para realizar a nossa aten\u00e7\u00e3o personalizada segundo os princ\u00edpios do Evangelho e do Carisma Congregacional.<\/p>\n\n\n\n<p><strong>Fonte: <\/strong>Ir. Flor de Mar\u00eda P\u00e9rez Legu\u00eda<\/p>\n","protected":false},"excerpt":{"rendered":"<p>Ao longo de toda esta hist\u00f3ria vimos e sentimos a fidelidade de Deus e de Santa Maria Bernarda, que caminharam ao nosso lado infundindo-nos f\u00e9, encorajamento e esperan\u00e7a para realizar a nossa aten\u00e7\u00e3o personalizada segundo os princ\u00edpios do Evangelho e do Carisma Congregacional.<\/p>\n","protected":false},"author":1,"featured_media":1465,"comment_status":"closed","ping_status":"closed","sticky":false,"template":"","format":"standard","meta":{"_et_pb_use_builder":"off","_et_pb_old_content":"","_et_gb_content_width":"1200","footnotes":""},"categories":[8],"tags":[],"class_list":["post-1464","post","type-post","status-publish","format-standard","has-post-thumbnail","hentry","category-noticias"],"_links":{"self":[{"href":"https:\/\/franciscanas.org\/portal\/brasil\/wp-json\/wp\/v2\/posts\/1464","targetHints":{"allow":["GET"]}}],"collection":[{"href":"https:\/\/franciscanas.org\/portal\/brasil\/wp-json\/wp\/v2\/posts"}],"about":[{"href":"https:\/\/franciscanas.org\/portal\/brasil\/wp-json\/wp\/v2\/types\/post"}],"author":[{"embeddable":true,"href":"https:\/\/franciscanas.org\/portal\/brasil\/wp-json\/wp\/v2\/users\/1"}],"replies":[{"embeddable":true,"href":"https:\/\/franciscanas.org\/portal\/brasil\/wp-json\/wp\/v2\/comments?post=1464"}],"version-history":[{"count":5,"href":"https:\/\/franciscanas.org\/portal\/brasil\/wp-json\/wp\/v2\/posts\/1464\/revisions"}],"predecessor-version":[{"id":1496,"href":"https:\/\/franciscanas.org\/portal\/brasil\/wp-json\/wp\/v2\/posts\/1464\/revisions\/1496"}],"wp:featuredmedia":[{"embeddable":true,"href":"https:\/\/franciscanas.org\/portal\/brasil\/wp-json\/wp\/v2\/media\/1465"}],"wp:attachment":[{"href":"https:\/\/franciscanas.org\/portal\/brasil\/wp-json\/wp\/v2\/media?parent=1464"}],"wp:term":[{"taxonomy":"category","embeddable":true,"href":"https:\/\/franciscanas.org\/portal\/brasil\/wp-json\/wp\/v2\/categories?post=1464"},{"taxonomy":"post_tag","embeddable":true,"href":"https:\/\/franciscanas.org\/portal\/brasil\/wp-json\/wp\/v2\/tags?post=1464"}],"curies":[{"name":"wp","href":"https:\/\/api.w.org\/{rel}","templated":true}]}}