{"id":1453,"date":"2022-07-05T14:41:49","date_gmt":"2022-07-05T17:41:49","guid":{"rendered":"https:\/\/franciscanas.org\/portal\/brasil\/?p=1453"},"modified":"2022-07-05T15:50:45","modified_gmt":"2022-07-05T18:50:45","slug":"clinica-madre-bernarda-67-anos-de-servico-humanizador","status":"publish","type":"post","link":"https:\/\/franciscanas.org\/portal\/brasil\/noticias\/clinica-madre-bernarda-67-anos-de-servico-humanizador\/","title":{"rendered":"Cl\u00ednica Madre Bernarda: 67 anos de servi\u00e7o humanizador"},"content":{"rendered":"\n<p>A Cl\u00ednica &#8220;Madre Bernarda&#8221; leva o nome em homenagem \u00e0 nossa Fundadora, Santa Mar\u00eda Bernarda, &#8220;<em>O trabalho come\u00e7a sob a prote\u00e7\u00e3o da Divina Provid\u00eancia, em 25 de mar\u00e7o de 1955, dia da Anuncia\u00e7\u00e3o<\/em>&#8221; (Livro da Cr\u00f4nica &#8211; n\u00ba 1).<\/p>\n\n\n\n<p>Nasceu, como resposta \u00e0s necessidades emergentes na \u00e1rea da sa\u00fade naquele momento na cidade de Cartagena &#8211; Col\u00f4mbia, por iniciativa das Irm\u00e3s Beatriz Londeros, Narcisa Vargas, Carmen D&#8217;Caro e Ignacia W\u00fcster.<\/p>\n\n\n\n<p>Come\u00e7ou como uma pequena cl\u00ednica com quatro leitos, maternidade e pronto-socorro; Atualmente, possui 52 leitos de enfermaria geral, 7 leitos pedi\u00e1tricos, 17 leitos de maternidade, 22 leitos de UTI adulto, 12 leitos de UTI neonatal, pronto-socorro, laborat\u00f3rio cl\u00ednico, diagn\u00f3stico por imagem e ambulat\u00f3rio. Cirurgia com 4 salas especializadas, sala de esteriliza\u00e7\u00e3o e farm\u00e1cia.<\/p>\n\n\n\n<p>Em 5 de outubro de 2018, recebeu a Certifica\u00e7\u00e3o da Icontec International pela atualiza\u00e7\u00e3o da vers\u00e3o ISO 9001:2015, sob a administra\u00e7\u00e3o do Sr. Flor de Maria Perez L\u00e9guia.<\/p>\n\n\n\n<p>Ao longo de toda esta hist\u00f3ria vimos e sentimos a fidelidade de Deus e de Santa Maria Bernarda, que caminharam ao nosso lado infundindo-nos f\u00e9, encorajamento e esperan\u00e7a para realizar a nossa aten\u00e7\u00e3o personalizada segundo os princ\u00edpios do Evangelho e do Carisma .Congregacional.<\/p>\n\n\n\n<p>Ao longo de 67 anos, as irm\u00e3s e todos os funcion\u00e1rios que trabalharam na Institui\u00e7\u00e3o se preocuparam em colocar em pr\u00e1tica as palavras de Madre Bernarda: &#8220;<em>Cuide bem de seus pacientes, trate a todos com igual amor e carinho, seja anjos do bem, cautelosos e Prudente<\/em>&#8220;.<\/p>\n\n\n\n<p><\/p>\n\n\n\n<figure class=\"wp-block-gallery has-nested-images columns-2 is-cropped wp-block-gallery-1 is-layout-flex wp-block-gallery-is-layout-flex\">\n<figure class=\"wp-block-image size-large\"><img loading=\"lazy\" decoding=\"async\" width=\"800\" height=\"469\" data-id=\"1458\" src=\"https:\/\/franciscanas.org\/portal\/brasil\/wp-content\/uploads\/sites\/5\/2022\/07\/serviciohumanizante4.jpg\" alt=\"\" class=\"wp-image-1458\" srcset=\"https:\/\/franciscanas.org\/portal\/brasil\/wp-content\/uploads\/sites\/5\/2022\/07\/serviciohumanizante4.jpg 800w, https:\/\/franciscanas.org\/portal\/brasil\/wp-content\/uploads\/sites\/5\/2022\/07\/serviciohumanizante4-480x281.jpg 480w\" sizes=\"(min-width: 0px) and (max-width: 480px) 480px, (min-width: 481px) 800px, 100vw\" \/><\/figure>\n\n\n\n<figure class=\"wp-block-image size-large\"><img loading=\"lazy\" decoding=\"async\" width=\"800\" height=\"639\" data-id=\"1457\" src=\"https:\/\/franciscanas.org\/portal\/brasil\/wp-content\/uploads\/sites\/5\/2022\/07\/serviciohumanizante3.jpg\" alt=\"\" class=\"wp-image-1457\" srcset=\"https:\/\/franciscanas.org\/portal\/brasil\/wp-content\/uploads\/sites\/5\/2022\/07\/serviciohumanizante3.jpg 800w, https:\/\/franciscanas.org\/portal\/brasil\/wp-content\/uploads\/sites\/5\/2022\/07\/serviciohumanizante3-480x383.jpg 480w\" sizes=\"(min-width: 0px) and (max-width: 480px) 480px, (min-width: 481px) 800px, 100vw\" \/><\/figure>\n\n\n\n<figure class=\"wp-block-image size-large\"><img loading=\"lazy\" decoding=\"async\" width=\"800\" height=\"566\" data-id=\"1456\" src=\"https:\/\/franciscanas.org\/portal\/brasil\/wp-content\/uploads\/sites\/5\/2022\/07\/serviciohumanizante2.jpg\" alt=\"\" class=\"wp-image-1456\" srcset=\"https:\/\/franciscanas.org\/portal\/brasil\/wp-content\/uploads\/sites\/5\/2022\/07\/serviciohumanizante2.jpg 800w, https:\/\/franciscanas.org\/portal\/brasil\/wp-content\/uploads\/sites\/5\/2022\/07\/serviciohumanizante2-480x340.jpg 480w\" sizes=\"(min-width: 0px) and (max-width: 480px) 480px, (min-width: 481px) 800px, 100vw\" \/><\/figure>\n\n\n\n<figure class=\"wp-block-image size-large\"><img loading=\"lazy\" decoding=\"async\" width=\"800\" height=\"457\" data-id=\"1455\" src=\"https:\/\/franciscanas.org\/portal\/brasil\/wp-content\/uploads\/sites\/5\/2022\/07\/serviciohumanizante.jpg\" alt=\"\" class=\"wp-image-1455\" srcset=\"https:\/\/franciscanas.org\/portal\/brasil\/wp-content\/uploads\/sites\/5\/2022\/07\/serviciohumanizante.jpg 800w, https:\/\/franciscanas.org\/portal\/brasil\/wp-content\/uploads\/sites\/5\/2022\/07\/serviciohumanizante-480x274.jpg 480w\" sizes=\"(min-width: 0px) and (max-width: 480px) 480px, (min-width: 481px) 800px, 100vw\" \/><\/figure>\n<\/figure>\n","protected":false},"excerpt":{"rendered":"<p>Ao longo de 67 anos, as irm\u00e3s e todos os funcion\u00e1rios que trabalharam na Institui\u00e7\u00e3o se preocuparam em colocar em pr\u00e1tica as palavras de Madre Bernarda: &#8220;Cuide bem de seus pacientes, trate a todos com igual amor e carinho, seja anjos do bem, cautelosos e Prudente&#8221;.<\/p>\n","protected":false},"author":1,"featured_media":1456,"comment_status":"closed","ping_status":"closed","sticky":false,"template":"","format":"standard","meta":{"_et_pb_use_builder":"off","_et_pb_old_content":"","_et_gb_content_width":"1200","footnotes":""},"categories":[8],"tags":[65],"class_list":["post-1453","post","type-post","status-publish","format-standard","has-post-thumbnail","hentry","category-noticias","tag-cartagena"],"_links":{"self":[{"href":"https:\/\/franciscanas.org\/portal\/brasil\/wp-json\/wp\/v2\/posts\/1453","targetHints":{"allow":["GET"]}}],"collection":[{"href":"https:\/\/franciscanas.org\/portal\/brasil\/wp-json\/wp\/v2\/posts"}],"about":[{"href":"https:\/\/franciscanas.org\/portal\/brasil\/wp-json\/wp\/v2\/types\/post"}],"author":[{"embeddable":true,"href":"https:\/\/franciscanas.org\/portal\/brasil\/wp-json\/wp\/v2\/users\/1"}],"replies":[{"embeddable":true,"href":"https:\/\/franciscanas.org\/portal\/brasil\/wp-json\/wp\/v2\/comments?post=1453"}],"version-history":[{"count":3,"href":"https:\/\/franciscanas.org\/portal\/brasil\/wp-json\/wp\/v2\/posts\/1453\/revisions"}],"predecessor-version":[{"id":1461,"href":"https:\/\/franciscanas.org\/portal\/brasil\/wp-json\/wp\/v2\/posts\/1453\/revisions\/1461"}],"wp:featuredmedia":[{"embeddable":true,"href":"https:\/\/franciscanas.org\/portal\/brasil\/wp-json\/wp\/v2\/media\/1456"}],"wp:attachment":[{"href":"https:\/\/franciscanas.org\/portal\/brasil\/wp-json\/wp\/v2\/media?parent=1453"}],"wp:term":[{"taxonomy":"category","embeddable":true,"href":"https:\/\/franciscanas.org\/portal\/brasil\/wp-json\/wp\/v2\/categories?post=1453"},{"taxonomy":"post_tag","embeddable":true,"href":"https:\/\/franciscanas.org\/portal\/brasil\/wp-json\/wp\/v2\/tags?post=1453"}],"curies":[{"name":"wp","href":"https:\/\/api.w.org\/{rel}","templated":true}]}}