{"id":1444,"date":"2022-06-19T23:39:42","date_gmt":"2022-06-20T02:39:42","guid":{"rendered":"https:\/\/franciscanas.org\/portal\/brasil\/?p=1444"},"modified":"2022-06-19T23:40:44","modified_gmt":"2022-06-20T02:40:44","slug":"134-anos-de-historia-congregacional","status":"publish","type":"post","link":"https:\/\/franciscanas.org\/portal\/brasil\/noticias\/134-anos-de-historia-congregacional\/","title":{"rendered":"134 anos de hist\u00f3ria congregacional"},"content":{"rendered":"\n<p>Com a alegria que a luz do sol nos traz neste 19 de junho de 2022, recorda-se os 134 anos de funda\u00e7\u00e3o da Congrega\u00e7\u00e3o das Irm\u00e3s Franciscanas Mission\u00e1rias de Maria Auxiliadora. Nos Alpes Su\u00ed\u00e7os, no seio de uma fam\u00edlia religiosa contemplativa, nasceu um sonho mission\u00e1rio revelado a Santa Maria Bernarda , que por descobrir os valores essenciais da vida consagrada, prop\u00f4s-se a viv\u00ea-los radicalmente, na fidelidade ao dom do Esp\u00edrito.<\/p>\n\n\n\n<p>No convento de Maria Hilff, na Sui\u00e7a, a Igreja europeia experimentou um impulso mission\u00e1rio e abriu seus horizontes para outros continentes, especialmente para a Am\u00e9rica Latina. A necessidade de mission\u00e1rios nestas terras, despertou o cora\u00e7\u00e3o mission\u00e1rio de Santa Maria Bernarda e de outras irm\u00e3s, que se dispuseram a deixar sua terra para trabalhar nas miss\u00f5es, superando as dificuldades que exige a passagem de uma vida contemplativa e de clausura para uma vida ativa e apost\u00f3lica. Um grupo de mulheres corajosas reconheceu a vontade divina e tomou a decis\u00e3o de deixar o mosteiro. Uma vez recebida a dispensa papal do clausura e cumpridos os requisitos, Madre Bernarda apresentou sua carta de ren\u00fancia e deixou o convento com suas seis irm\u00e3s: Mar\u00eda Charitas Brader, Maria Isabela Huber, Maria Lorenza Suter, Maria Dominica Spiring, Maria Otmara Haltmeier, novi\u00e7a Maria Michaela Rhoberger.<\/p>\n\n\n\n<p>As pioneiras, nas asas da provid\u00eancia e balan\u00e7ando nos bra\u00e7os do Pai chegam ao Equador, caminhando com o esp\u00edrito inundado de alegria, consci\u00eantes de estar em um lugar t\u00e3o pobre como Chone. Madre Bernarda dizia: assim nosso cora\u00e7\u00e3o estar\u00e1 colocado em Deus e sentiam que a\u00ed era o lugar certo para refletir a luz de seu Senhor. \u201cQueridas filhas, temos pouco tempo para amar e devemos aproveit\u00e1-lo, cumpramos regularmente nossa regra; ela nos dar\u00e1 firmeza para o apostolado e lembrar\u00e1 que o ouro \u00e9 refinado no fogo do amor\u201d (MB).<\/p>\n\n\n\n<p>A casinha de Santa Clara foi o lugar maravilhoso da fraternidade constru\u00edda sobre a simplicidade, humildade e servi\u00e7o caritativo, ela encorajava suas irm\u00e3s a estarem atentas ao menor sinal de apoio e compreens\u00e3o. As mission\u00e1rias encontraram ali uma vida cheia de sacrif\u00edcios e priva\u00e7\u00f5es, clima quente, trabalho pesado, obst\u00e1culos e dificuldades que tiveram de enfrentar continuamente. Empreenderam tudo com amor, com grande zelo pela gl\u00f3ria de Deus e pela salva\u00e7\u00e3o das almas.<\/p>\n\n\n\n<p>A Congrega\u00e7\u00e3o nasce em torno da pobreza, sem pr\u00f3prio e sem nenhum centavo, o alimento diariamente o recebiam do povo. A educa\u00e7\u00e3o foi a primeira tarefa na promo\u00e7\u00e3o da vida, elas trouxeram da Su\u00ed\u00e7a uma excelente forma\u00e7\u00e3o para o ensino. Estavam a servi\u00e7o dos doentes com compaix\u00e3o e caridade. Assim, o carisma da Congrega\u00e7\u00e3o foi marcado desde o in\u00edcio pela pr\u00e1tica concreta das obras de miseric\u00f3rdia.<\/p>\n\n\n\n<p>Fazendo a mem\u00f3ria desta hist\u00f3ria, as Irm\u00e3s Franciscanas Mission\u00e1rias de Maria Auxiliadora celebram hoje, tomando consci\u00eancia de um ontem, de um hoje e de um futuro.<\/p>\n","protected":false},"excerpt":{"rendered":"<p>Com a alegria que a luz do sol nos traz neste 19 de junho de 2022, recorda-se os 134 anos de funda\u00e7\u00e3o da Congrega\u00e7\u00e3o das Irm\u00e3s Franciscanas Mission\u00e1rias de Maria Auxiliadora. Nos Alpes Su\u00ed\u00e7os, no seio de uma fam\u00edlia religiosa contemplativa, nasceu um sonho mission\u00e1rio revelado a Santa Maria Bernarda , que por descobrir os [&hellip;]<\/p>\n","protected":false},"author":1,"featured_media":1445,"comment_status":"closed","ping_status":"closed","sticky":false,"template":"","format":"standard","meta":{"_et_pb_use_builder":"off","_et_pb_old_content":"","_et_gb_content_width":"1200","footnotes":""},"categories":[8],"tags":[],"class_list":["post-1444","post","type-post","status-publish","format-standard","has-post-thumbnail","hentry","category-noticias"],"_links":{"self":[{"href":"https:\/\/franciscanas.org\/portal\/brasil\/wp-json\/wp\/v2\/posts\/1444","targetHints":{"allow":["GET"]}}],"collection":[{"href":"https:\/\/franciscanas.org\/portal\/brasil\/wp-json\/wp\/v2\/posts"}],"about":[{"href":"https:\/\/franciscanas.org\/portal\/brasil\/wp-json\/wp\/v2\/types\/post"}],"author":[{"embeddable":true,"href":"https:\/\/franciscanas.org\/portal\/brasil\/wp-json\/wp\/v2\/users\/1"}],"replies":[{"embeddable":true,"href":"https:\/\/franciscanas.org\/portal\/brasil\/wp-json\/wp\/v2\/comments?post=1444"}],"version-history":[{"count":3,"href":"https:\/\/franciscanas.org\/portal\/brasil\/wp-json\/wp\/v2\/posts\/1444\/revisions"}],"predecessor-version":[{"id":1449,"href":"https:\/\/franciscanas.org\/portal\/brasil\/wp-json\/wp\/v2\/posts\/1444\/revisions\/1449"}],"wp:featuredmedia":[{"embeddable":true,"href":"https:\/\/franciscanas.org\/portal\/brasil\/wp-json\/wp\/v2\/media\/1445"}],"wp:attachment":[{"href":"https:\/\/franciscanas.org\/portal\/brasil\/wp-json\/wp\/v2\/media?parent=1444"}],"wp:term":[{"taxonomy":"category","embeddable":true,"href":"https:\/\/franciscanas.org\/portal\/brasil\/wp-json\/wp\/v2\/categories?post=1444"},{"taxonomy":"post_tag","embeddable":true,"href":"https:\/\/franciscanas.org\/portal\/brasil\/wp-json\/wp\/v2\/tags?post=1444"}],"curies":[{"name":"wp","href":"https:\/\/api.w.org\/{rel}","templated":true}]}}