{"id":1375,"date":"2022-05-18T17:29:00","date_gmt":"2022-05-18T20:29:00","guid":{"rendered":"https:\/\/franciscanas.org\/portal\/brasil\/?p=1375"},"modified":"2022-05-19T17:45:27","modified_gmt":"2022-05-19T20:45:27","slug":"terceiro-dia-do-triduo-festa-de-santa-maria-bernarda","status":"publish","type":"post","link":"https:\/\/franciscanas.org\/portal\/brasil\/noticias\/terceiro-dia-do-triduo-festa-de-santa-maria-bernarda\/","title":{"rendered":"Terceiro dia do Tr\u00edduo \u2013 Festa de Santa Maria Bernarda"},"content":{"rendered":"\n<p>Em parceria com o Canal Cristovisi\u00f3n de Col\u00f4mbia, estamos realizando o Tr\u00edduo em prepara\u00e7\u00e3o \u00e0 festa de Santa Maria Bernarda. Esse Tr\u00edduo foi gravado pelas Irm\u00e3s e leigos ALMABER.&nbsp;<\/p>\n\n\n\n<p>Em seguida, assista ao terceiro dia do Tr\u00edduo:<\/p>\n\n\n\n<p><\/p>\n\n\n\n<figure class=\"wp-block-embed is-type-video is-provider-youtube wp-block-embed-youtube wp-embed-aspect-4-3 wp-has-aspect-ratio\"><div class=\"wp-block-embed__wrapper\">\n<iframe loading=\"lazy\" title=\"DIA 3   TRIDUO SANTA MARIA BERNARDA \/ 2022\" width=\"1080\" height=\"810\" src=\"https:\/\/www.youtube.com\/embed\/q8pPqYXMd6s?feature=oembed\"  allow=\"accelerometer; autoplay; clipboard-write; encrypted-media; gyroscope; picture-in-picture\" allowfullscreen><\/iframe>\n<\/div><\/figure>\n","protected":false},"excerpt":{"rendered":"<p>Em parceria com o Canal Cristovisi\u00f3n de Col\u00f4mbia, estamos realizando o Tr\u00edduo em prepara\u00e7\u00e3o \u00e0 festa de Santa Maria Bernarda. Esse Tr\u00edduo foi gravado pelas Irm\u00e3s e leigos ALMABER.&nbsp; Em seguida, assista ao terceiro dia do Tr\u00edduo:<\/p>\n","protected":false},"author":1,"featured_media":1376,"comment_status":"closed","ping_status":"closed","sticky":false,"template":"","format":"standard","meta":{"_et_pb_use_builder":"off","_et_pb_old_content":"","_et_gb_content_width":"1200","footnotes":""},"categories":[8],"tags":[],"class_list":["post-1375","post","type-post","status-publish","format-standard","has-post-thumbnail","hentry","category-noticias"],"_links":{"self":[{"href":"https:\/\/franciscanas.org\/portal\/brasil\/wp-json\/wp\/v2\/posts\/1375","targetHints":{"allow":["GET"]}}],"collection":[{"href":"https:\/\/franciscanas.org\/portal\/brasil\/wp-json\/wp\/v2\/posts"}],"about":[{"href":"https:\/\/franciscanas.org\/portal\/brasil\/wp-json\/wp\/v2\/types\/post"}],"author":[{"embeddable":true,"href":"https:\/\/franciscanas.org\/portal\/brasil\/wp-json\/wp\/v2\/users\/1"}],"replies":[{"embeddable":true,"href":"https:\/\/franciscanas.org\/portal\/brasil\/wp-json\/wp\/v2\/comments?post=1375"}],"version-history":[{"count":1,"href":"https:\/\/franciscanas.org\/portal\/brasil\/wp-json\/wp\/v2\/posts\/1375\/revisions"}],"predecessor-version":[{"id":1377,"href":"https:\/\/franciscanas.org\/portal\/brasil\/wp-json\/wp\/v2\/posts\/1375\/revisions\/1377"}],"wp:featuredmedia":[{"embeddable":true,"href":"https:\/\/franciscanas.org\/portal\/brasil\/wp-json\/wp\/v2\/media\/1376"}],"wp:attachment":[{"href":"https:\/\/franciscanas.org\/portal\/brasil\/wp-json\/wp\/v2\/media?parent=1375"}],"wp:term":[{"taxonomy":"category","embeddable":true,"href":"https:\/\/franciscanas.org\/portal\/brasil\/wp-json\/wp\/v2\/categories?post=1375"},{"taxonomy":"post_tag","embeddable":true,"href":"https:\/\/franciscanas.org\/portal\/brasil\/wp-json\/wp\/v2\/tags?post=1375"}],"curies":[{"name":"wp","href":"https:\/\/api.w.org\/{rel}","templated":true}]}}