{"id":1371,"date":"2022-05-17T17:21:00","date_gmt":"2022-05-17T20:21:00","guid":{"rendered":"https:\/\/franciscanas.org\/portal\/brasil\/?p=1371"},"modified":"2022-05-19T17:29:14","modified_gmt":"2022-05-19T20:29:14","slug":"segundo-dia-do-triduo-festa-de-santa-maria-bernarda","status":"publish","type":"post","link":"https:\/\/franciscanas.org\/portal\/brasil\/noticias\/segundo-dia-do-triduo-festa-de-santa-maria-bernarda\/","title":{"rendered":"Segundo dia do Tr\u00edduo &#8211; Festa de Santa Maria Bernarda"},"content":{"rendered":"\n<p>Em parceria com o Canal Cristovisi\u00f3n de Col\u00f4mbia, estamos realizando o Tr\u00edduo em prepara\u00e7\u00e3o \u00e0 festa de Santa Maria Bernarda. Esse Tr\u00edduo foi gravado pelas Irm\u00e3s e leigos ALMABER.&nbsp;<\/p>\n\n\n\n<p>Em seguida, assista ao segundo dia do Tr\u00edduo:<\/p>\n\n\n\n<p><\/p>\n\n\n\n<figure class=\"wp-block-embed is-type-video is-provider-youtube wp-block-embed-youtube wp-embed-aspect-4-3 wp-has-aspect-ratio\"><div class=\"wp-block-embed__wrapper\">\n<iframe loading=\"lazy\" title=\"DIA 2   TRIDUO SANTA MARIA BERNARDA \/2022\" width=\"1080\" height=\"810\" src=\"https:\/\/www.youtube.com\/embed\/Y6kaLSfZcLI?feature=oembed\"  allow=\"accelerometer; autoplay; clipboard-write; encrypted-media; gyroscope; picture-in-picture\" allowfullscreen><\/iframe>\n<\/div><\/figure>\n","protected":false},"excerpt":{"rendered":"<p>Em parceria com o Canal Cristovisi\u00f3n de Col\u00f4mbia, estamos realizando o Tr\u00edduo em prepara\u00e7\u00e3o \u00e0 festa de Santa Maria Bernarda. Esse Tr\u00edduo foi gravado pelas Irm\u00e3s e leigos ALMABER.&nbsp; Em seguida, assista ao segundo dia do Tr\u00edduo:<\/p>\n","protected":false},"author":1,"featured_media":1372,"comment_status":"closed","ping_status":"closed","sticky":false,"template":"","format":"standard","meta":{"_et_pb_use_builder":"off","_et_pb_old_content":"","_et_gb_content_width":"1200","footnotes":""},"categories":[8],"tags":[],"class_list":["post-1371","post","type-post","status-publish","format-standard","has-post-thumbnail","hentry","category-noticias"],"_links":{"self":[{"href":"https:\/\/franciscanas.org\/portal\/brasil\/wp-json\/wp\/v2\/posts\/1371","targetHints":{"allow":["GET"]}}],"collection":[{"href":"https:\/\/franciscanas.org\/portal\/brasil\/wp-json\/wp\/v2\/posts"}],"about":[{"href":"https:\/\/franciscanas.org\/portal\/brasil\/wp-json\/wp\/v2\/types\/post"}],"author":[{"embeddable":true,"href":"https:\/\/franciscanas.org\/portal\/brasil\/wp-json\/wp\/v2\/users\/1"}],"replies":[{"embeddable":true,"href":"https:\/\/franciscanas.org\/portal\/brasil\/wp-json\/wp\/v2\/comments?post=1371"}],"version-history":[{"count":2,"href":"https:\/\/franciscanas.org\/portal\/brasil\/wp-json\/wp\/v2\/posts\/1371\/revisions"}],"predecessor-version":[{"id":1374,"href":"https:\/\/franciscanas.org\/portal\/brasil\/wp-json\/wp\/v2\/posts\/1371\/revisions\/1374"}],"wp:featuredmedia":[{"embeddable":true,"href":"https:\/\/franciscanas.org\/portal\/brasil\/wp-json\/wp\/v2\/media\/1372"}],"wp:attachment":[{"href":"https:\/\/franciscanas.org\/portal\/brasil\/wp-json\/wp\/v2\/media?parent=1371"}],"wp:term":[{"taxonomy":"category","embeddable":true,"href":"https:\/\/franciscanas.org\/portal\/brasil\/wp-json\/wp\/v2\/categories?post=1371"},{"taxonomy":"post_tag","embeddable":true,"href":"https:\/\/franciscanas.org\/portal\/brasil\/wp-json\/wp\/v2\/tags?post=1371"}],"curies":[{"name":"wp","href":"https:\/\/api.w.org\/{rel}","templated":true}]}}