{"id":1349,"date":"2022-05-11T17:00:00","date_gmt":"2022-05-11T20:00:00","guid":{"rendered":"https:\/\/franciscanas.org\/portal\/brasil\/?p=1349"},"modified":"2022-05-17T13:12:05","modified_gmt":"2022-05-17T16:12:05","slug":"abracar-a-vulnerabilidade-no-caminho-sinodal","status":"publish","type":"post","link":"https:\/\/franciscanas.org\/portal\/brasil\/noticias\/abracar-a-vulnerabilidade-no-caminho-sinodal\/","title":{"rendered":"Abra\u00e7ar a vulnerabilidade no caminho sinodal"},"content":{"rendered":"\n<p>A Uni\u00e3o Internacional dos Superiores Gerais, est\u00e1 em assembleia em Roma (It\u00e1lia), com o objetivo de compartilhar e refletir sobre os seguintes temas: Vulnerabilidade; Caminhando para um processo sinodal; Vida religiosa e sinodalidade; Acolhimento radical: a caminho das periferias; e Chama para transformar.<\/p>\n\n\n\n<p>A Animadora Geral da Congrega\u00e7\u00e3o das Irm\u00e3s Franciscanas Mission\u00e1rias de Maria Auxiliadora, Ir. Marelvi Cecilia Buelvas Mendoza, est\u00e1 participando deste encontro t\u00e3o importante e transcendental para o Mundo, a Igreja e a Congrega\u00e7\u00e3o. Seguem alguns apontamentos sobre a experi\u00eancia vivida pela Irm\u00e3 Marelvi Cecili Buelvas:<\/p>\n\n\n\n<p>\u201cAbra\u00e7ar a vulnerabilidade foi o tema de hoje. Foi lindo receber os Superiores Gerais de todo o mundo: tantas cores e l\u00ednguas, olhares acolhedores e entusiasmo. Sorrisos escondidos pelas m\u00e1scaras mas transparentes pelo tom de voz e linguagem corporal. Jolanta Kafka, RMI (presidente da UISG), apresentou e convidou os irm\u00e3os e irm\u00e3s a realizarem juntas esta jornada sinodal. O tema deste dia &#8220;Vulnerabilidade&#8221; desafiou todas n\u00f3s a aceitar e abra\u00e7ar nossa vulnerabilidade pessoal e comunit\u00e1ria como um requisito para deixar a gra\u00e7a agir em n\u00f3s e tornar a transforma\u00e7\u00e3o poss\u00edvel\u201d.<\/p>\n\n\n\n<p>O evento acontece de 2 a 6 de maio deste ano de 2022.<\/p>\n\n\n\n<p><strong>Sobre o Plen\u00e1rio da UISG<\/strong><strong><\/strong><\/p>\n\n\n\n<p>A Assembleia Plen\u00e1ria da UISG \u00e9 um dos eventos mais importantes da vida religiosa e re\u00fane os Superiores Gerais das Congrega\u00e7\u00f5es religiosas de Vida Apost\u00f3lica.<\/p>\n\n\n\n<p>Esta assembleia foi concebida de forma diferente no ano de 2022. Seu t\u00edtulo principal \u00e9 <strong>ABRA\u00c7AR A VULNERABILIDADE NO CAMINHO SINODAL<\/strong>, e ocorre em tr\u00eas fases reservadas \u00e0s&nbsp;Superioras Gerais:<\/p>\n\n\n\n<p><strong>Primeira fase<\/strong>: Duas reuni\u00f5es online em 14 de mar\u00e7o e 4 de abril de 2022<\/p>\n\n\n\n<p><strong>Segunda fase<\/strong>&nbsp;(online e presencial l):<\/p>\n\n\n\n<p>Encontro em ROMA no Ergife Palace Hotel: 2 a 6 de maio de 2022<\/p>\n\n\n\n<p><strong>Fase final<\/strong>: reuni\u00e3o online em 11 de julho de 2022<\/p>\n\n\n\n<p>No boletim da UISG n\u00famero 176\/2021 (p\u00e1gina 41), dispon\u00edvel no site da Uni\u00e3o dos Superiores Gerais, o presidente Ir. Jolanta Kafka explica o significado das palavras-chave relacionadas ao tema escolhido para a plen\u00e1ria de 2022:<\/p>\n\n\n\n<p><strong>ABRA<\/strong><strong>\u00c7AR<\/strong>: ternura e aceita\u00e7\u00e3o da nossa realidade e do mundo como ele \u00e9; proximidade com as pragas da humanidade.<\/p>\n\n\n\n<p><strong>VULNERABILIDADE<\/strong>: Como vida religiosa, compartilhamos nossa vulnerabilidade que nos torna fr\u00e1geis como nossas irm\u00e3s e irm\u00e3os.<\/p>\n\n\n\n<p><strong>CAMINHO<\/strong>: Estamos todos envolvidos, cada um com suas possibilidades e sua palavra.<\/p>\n\n\n\n<p><strong>SINODAL<\/strong>: um estilo e um horizonte com vis\u00e3o de futuro, uma pedagogia que nos transforma em comunidade eclesial, tamb\u00e9m com pessoas mais distantes. Pedimos a todas as Irm\u00e3s que acompanhem este processo com suas ora\u00e7\u00f5es.<\/p>\n\n\n\n<p><\/p>\n\n\n\n<p>Leia mais acessando o site da UISG: <a href=\"https:\/\/www.uisg.org\/pt\/\" target=\"_blank\" rel=\"noreferrer noopener\">https:\/\/www.uisg.org\/pt\/<\/a><\/p>\n","protected":false},"excerpt":{"rendered":"<p>A Uni\u00e3o Internacional dos Superiores Gerais, est\u00e1 em assembleia em Roma (It\u00e1lia), com o objetivo de compartilhar e refletir sobre os seguintes temas: Vulnerabilidade; Caminhando para um processo sinodal; Vida religiosa e sinodalidade; Acolhimento radical: a caminho das periferias; e Chama para transformar. A Animadora Geral da Congrega\u00e7\u00e3o das Irm\u00e3s Franciscanas Mission\u00e1rias de Maria Auxiliadora, [&hellip;]<\/p>\n","protected":false},"author":1,"featured_media":1350,"comment_status":"closed","ping_status":"closed","sticky":false,"template":"","format":"standard","meta":{"_et_pb_use_builder":"off","_et_pb_old_content":"","_et_gb_content_width":"1200","footnotes":""},"categories":[8],"tags":[],"class_list":["post-1349","post","type-post","status-publish","format-standard","has-post-thumbnail","hentry","category-noticias"],"_links":{"self":[{"href":"https:\/\/franciscanas.org\/portal\/brasil\/wp-json\/wp\/v2\/posts\/1349","targetHints":{"allow":["GET"]}}],"collection":[{"href":"https:\/\/franciscanas.org\/portal\/brasil\/wp-json\/wp\/v2\/posts"}],"about":[{"href":"https:\/\/franciscanas.org\/portal\/brasil\/wp-json\/wp\/v2\/types\/post"}],"author":[{"embeddable":true,"href":"https:\/\/franciscanas.org\/portal\/brasil\/wp-json\/wp\/v2\/users\/1"}],"replies":[{"embeddable":true,"href":"https:\/\/franciscanas.org\/portal\/brasil\/wp-json\/wp\/v2\/comments?post=1349"}],"version-history":[{"count":4,"href":"https:\/\/franciscanas.org\/portal\/brasil\/wp-json\/wp\/v2\/posts\/1349\/revisions"}],"predecessor-version":[{"id":1370,"href":"https:\/\/franciscanas.org\/portal\/brasil\/wp-json\/wp\/v2\/posts\/1349\/revisions\/1370"}],"wp:featuredmedia":[{"embeddable":true,"href":"https:\/\/franciscanas.org\/portal\/brasil\/wp-json\/wp\/v2\/media\/1350"}],"wp:attachment":[{"href":"https:\/\/franciscanas.org\/portal\/brasil\/wp-json\/wp\/v2\/media?parent=1349"}],"wp:term":[{"taxonomy":"category","embeddable":true,"href":"https:\/\/franciscanas.org\/portal\/brasil\/wp-json\/wp\/v2\/categories?post=1349"},{"taxonomy":"post_tag","embeddable":true,"href":"https:\/\/franciscanas.org\/portal\/brasil\/wp-json\/wp\/v2\/tags?post=1349"}],"curies":[{"name":"wp","href":"https:\/\/api.w.org\/{rel}","templated":true}]}}