{"id":1346,"date":"2022-05-16T17:40:06","date_gmt":"2022-05-16T20:40:06","guid":{"rendered":"https:\/\/franciscanas.org\/portal\/brasil\/?p=1346"},"modified":"2022-05-17T09:56:12","modified_gmt":"2022-05-17T12:56:12","slug":"primeiro-dia-do-triduo-festa-de-santa-maria-bernarda","status":"publish","type":"post","link":"https:\/\/franciscanas.org\/portal\/brasil\/noticias\/primeiro-dia-do-triduo-festa-de-santa-maria-bernarda\/","title":{"rendered":"Primeiro dia do Tr\u00edduo &#8211; Festa de Santa Maria Bernarda"},"content":{"rendered":"\n<p>Em parceria com o Canal Cristovisi\u00f3n de Col\u00f4mbia, estamos realizando o Tr\u00edduo em prepara\u00e7\u00e3o \u00e0 festa de Santa Maria Bernarda. Esse Tr\u00edduo foi gravado pelas Irm\u00e3s e leigos ALMABER. Ser\u00e1 transmitido por Cristovisi\u00f3n, nos seguintes hor\u00e1rios a partir de hoje, dia 16, nos dias 17 e 18 de maio de 2022:<\/p>\n\n\n\n<p>11h e 15m;<\/p>\n\n\n\n<p>14hs e 30m;<\/p>\n\n\n\n<p>21hs e 30m;<\/p>\n\n\n\n<p>Acompanhe e reze conosco, neste primeiro dia. Assista abaixo:<\/p>\n\n\n\n<p><\/p>\n\n\n\n<figure class=\"wp-block-embed is-type-video is-provider-youtube wp-block-embed-youtube wp-embed-aspect-4-3 wp-has-aspect-ratio\"><div class=\"wp-block-embed__wrapper\">\n<iframe loading=\"lazy\" title=\"DIA 1 - TRIDUO SANTA MARIA BERNARDA \/ 2022\" width=\"1080\" height=\"810\" src=\"https:\/\/www.youtube.com\/embed\/1DZeeK0EdiU?feature=oembed\"  allow=\"accelerometer; autoplay; clipboard-write; encrypted-media; gyroscope; picture-in-picture\" allowfullscreen><\/iframe>\n<\/div><\/figure>\n","protected":false},"excerpt":{"rendered":"<p>Em parceria com o Canal Cristovisi\u00f3n de Col\u00f4mbia, estamos realizando o Tr\u00edduo em prepara\u00e7\u00e3o \u00e0 festa de Santa Maria Bernarda. Esse Tr\u00edduo foi gravado pelas Irm\u00e3s e leigos ALMABER. Ser\u00e1 transmitido por Cristovisi\u00f3n, nos seguintes hor\u00e1rios a partir de hoje, dia 16, nos dias 17 e 18 de maio de 2022: 11h e 15m; 14hs [&hellip;]<\/p>\n","protected":false},"author":1,"featured_media":1347,"comment_status":"closed","ping_status":"closed","sticky":false,"template":"","format":"standard","meta":{"_et_pb_use_builder":"off","_et_pb_old_content":"<!-- wp:paragraph -->\n<p>Em parceria com o Canal Cristovisi\u00f3n de Col\u00f4mbia, estamos realizando o Tr\u00edduo em prepara\u00e7\u00e3o \u00e0 festa de Santa Maria Bernarda. Esse Tr\u00edduo foi gravado pelas Irm\u00e3s e leigos ALMABER. Ser\u00e1 transmitido por Cristovisi\u00f3n, nos seguintes hor\u00e1rios a partir de hoje, dia 16, nos dias 17 e 18 de maio de 2022:<\/p>\n<!-- \/wp:paragraph -->\n\n<!-- wp:paragraph -->\n<p>11h e 15m;<\/p>\n<!-- \/wp:paragraph -->\n\n<!-- wp:paragraph -->\n<p>14hs e 30m;<\/p>\n<!-- \/wp:paragraph -->\n\n<!-- wp:paragraph -->\n<p>21hs e 30m;<\/p>\n<!-- \/wp:paragraph -->\n\n<!-- wp:paragraph -->\n<p>Acompanhe e reze conosco, neste primeiro dia. Assista abaixo:<\/p>\n<!-- \/wp:paragraph -->\n\n<!-- wp:html -->\n<iframe width=\"560\" height=\"680\" src=\"https:\/\/www.youtube.com\/embed\/1DZeeK0EdiU\" title=\"YouTube video player\" frameborder=\"0\" allow=\"accelerometer; autoplay; clipboard-write; encrypted-media; gyroscope; picture-in-picture\" allowfullscreen><\/iframe>\n<!-- \/wp:html -->\n\n<!-- wp:embed \/-->\n\n<!-- wp:paragraph -->\n<p><\/p>\n<!-- \/wp:paragraph -->\n\n<!-- wp:embed {\"url\":\"https:\/\/www.youtube.com\/watch?v=1DZeeK0EdiU\",\"type\":\"video\",\"providerNameSlug\":\"youtube\",\"responsive\":true,\"className\":\"wp-embed-aspect-4-3 wp-has-aspect-ratio\"} -->\n<figure class=\"wp-block-embed is-type-video is-provider-youtube wp-block-embed-youtube wp-embed-aspect-4-3 wp-has-aspect-ratio\"><div class=\"wp-block-embed__wrapper\">\nhttps:\/\/www.youtube.com\/watch?v=1DZeeK0EdiU\n<\/div><\/figure>\n<!-- \/wp:embed -->","_et_gb_content_width":"1200","footnotes":""},"categories":[8],"tags":[],"class_list":["post-1346","post","type-post","status-publish","format-standard","has-post-thumbnail","hentry","category-noticias"],"_links":{"self":[{"href":"https:\/\/franciscanas.org\/portal\/brasil\/wp-json\/wp\/v2\/posts\/1346","targetHints":{"allow":["GET"]}}],"collection":[{"href":"https:\/\/franciscanas.org\/portal\/brasil\/wp-json\/wp\/v2\/posts"}],"about":[{"href":"https:\/\/franciscanas.org\/portal\/brasil\/wp-json\/wp\/v2\/types\/post"}],"author":[{"embeddable":true,"href":"https:\/\/franciscanas.org\/portal\/brasil\/wp-json\/wp\/v2\/users\/1"}],"replies":[{"embeddable":true,"href":"https:\/\/franciscanas.org\/portal\/brasil\/wp-json\/wp\/v2\/comments?post=1346"}],"version-history":[{"count":11,"href":"https:\/\/franciscanas.org\/portal\/brasil\/wp-json\/wp\/v2\/posts\/1346\/revisions"}],"predecessor-version":[{"id":1366,"href":"https:\/\/franciscanas.org\/portal\/brasil\/wp-json\/wp\/v2\/posts\/1346\/revisions\/1366"}],"wp:featuredmedia":[{"embeddable":true,"href":"https:\/\/franciscanas.org\/portal\/brasil\/wp-json\/wp\/v2\/media\/1347"}],"wp:attachment":[{"href":"https:\/\/franciscanas.org\/portal\/brasil\/wp-json\/wp\/v2\/media?parent=1346"}],"wp:term":[{"taxonomy":"category","embeddable":true,"href":"https:\/\/franciscanas.org\/portal\/brasil\/wp-json\/wp\/v2\/categories?post=1346"},{"taxonomy":"post_tag","embeddable":true,"href":"https:\/\/franciscanas.org\/portal\/brasil\/wp-json\/wp\/v2\/tags?post=1346"}],"curies":[{"name":"wp","href":"https:\/\/api.w.org\/{rel}","templated":true}]}}