{"id":1327,"date":"2022-05-02T18:23:58","date_gmt":"2022-05-02T21:23:58","guid":{"rendered":"https:\/\/franciscanas.org\/portal\/brasil\/?p=1327"},"modified":"2022-05-02T21:00:50","modified_gmt":"2022-05-03T00:00:50","slug":"encontro-da-equipe-de-animacao-missionaria","status":"publish","type":"post","link":"https:\/\/franciscanas.org\/portal\/brasil\/noticias\/encontro-da-equipe-de-animacao-missionaria\/","title":{"rendered":"Encontro da Equipe de Anima\u00e7\u00e3o Mission\u00e1ria"},"content":{"rendered":"\n<p>Nos dias 29 de abril a 1\u00ba de maio aconteceu, na Casa Geral, em Bogot\u00e1, o Encontro com a Equipe de Anima\u00e7\u00e3o Mission\u00e1ria (EAM), com a participa\u00e7\u00e3o das Irm\u00e3s Coordenadoras desse Eixo, Ir. Jaqueline Pizzi Zilli, Regi\u00e3o S\u00e3o Francisco de Assis, Ir. Miria Aguinsaca, Regi\u00e3o Santa Maria Bernarda, Ir. Marianela Chadid, Regi\u00e3o Santa Clara, a Junta Coordenadora Geral de Laicos ALMABER, composto por Sr. Jorge Botero, Luz Marina Frias e Soraida Caicedo. Coordena esta equipe de miss\u00e3o, as Irm\u00e3s Conselheiras Gerais, Ir. Silvana Arboit e Ir. Cruz Elena Cardona.<\/p>\n\n\n\n<p>Este primeiro encontro presencial teve como objetivo, motivar \u00e0s Irm\u00e3s assessoras do Eixo de Congrega\u00e7\u00e3o em Sa\u00edda, para acompanhar os processos de miss\u00e3o em cada Regi\u00e3o Mission\u00e1ria, dando resposta evangelizadora e prof\u00e9tica aos desafios do momento atual, em fidelidade a Alian\u00e7a, buscando consolidar nosso ser e fazer, em participa\u00e7\u00e3o e comunh\u00e3o.<br>Alguns aspectos importantes trabalhados e consolidados na reuni\u00e3o foram:<\/p>\n\n\n\n<ul class=\"wp-block-list\"><li>Situar irm\u00e3s e leigos no processo congregacional: etapas e Plano de Anima\u00e7\u00e3o Geral; assumir juntos o Documento de Miss\u00e3o; partilhar a dinamiza\u00e7\u00e3o do Eixo de Congrega\u00e7\u00e3o em Sa\u00edda nas regi\u00f5es mission\u00e1rias; dialogar sobre os sonhos e propostas para impulsionar o eixo dois; concretizar a\u00e7\u00f5es comuns para a miss\u00e3o com as tr\u00eas regi\u00f5es mission\u00e1rias para o q\u00fcinq\u00fc\u00eanio e firmar algumas datas.<\/li><li>Paralelo a esse encontro, dia 1\u00ba de maio, pela manh\u00e3, a equipe reunida, promoveu uma reuni\u00e3o virtual com as Irm\u00e3s Coordenadoras das Dimens\u00f5es, juntamente com os leigos coordenadores zonais das tr\u00eas regi\u00f5es mission\u00e1rias, tendo como objetivo, socializar o processo congregacional e o Plano Global Geral e Regional do eixo de congrega\u00e7\u00e3o em sa\u00edda, em coer\u00eancia com o documento de miss\u00e3o e as propostas do Equipe de Anima\u00e7\u00e3o Mission\u00e1ria congregacional para fortalecer e consolidar a unidade na miss\u00e3o.<\/li><\/ul>\n\n\n\n<p>Agradecemos por esses bonitos momentos de unidade, partilha, motiva\u00e7\u00e3o e articula\u00e7\u00e3o. Seguimos animadas\/os, desde o ser e o fazer cada um, com o legado de nossa fundadora Santa Maria Bernarda, \u201cSou e devo ser Mission\u00e1ria\u201d e o convite de Jesus, \u201cIde e anunciai o Evangelho a toda criatura\u201d.<\/p>\n\n\n\n<figure class=\"wp-block-gallery has-nested-images columns-2 is-cropped wp-block-gallery-1 is-layout-flex wp-block-gallery-is-layout-flex\">\n<figure class=\"wp-block-image size-large\"><img loading=\"lazy\" decoding=\"async\" width=\"1024\" height=\"461\" data-id=\"1333\" src=\"https:\/\/franciscanas.org\/portal\/brasil\/wp-content\/uploads\/sites\/5\/2022\/05\/eam-1-1024x461.jpeg\" alt=\"\" class=\"wp-image-1333\" srcset=\"https:\/\/franciscanas.org\/portal\/brasil\/wp-content\/uploads\/sites\/5\/2022\/05\/eam-1-980x441.jpeg 980w, https:\/\/franciscanas.org\/portal\/brasil\/wp-content\/uploads\/sites\/5\/2022\/05\/eam-1-480x216.jpeg 480w\" sizes=\"(min-width: 0px) and (max-width: 480px) 480px, (min-width: 481px) and (max-width: 980px) 980px, (min-width: 981px) 1024px, 100vw\" \/><\/figure>\n\n\n\n<figure class=\"wp-block-image size-large\"><img loading=\"lazy\" decoding=\"async\" width=\"1024\" height=\"461\" data-id=\"1334\" src=\"https:\/\/franciscanas.org\/portal\/brasil\/wp-content\/uploads\/sites\/5\/2022\/05\/eam-3-1024x461.jpeg\" alt=\"\" class=\"wp-image-1334\" srcset=\"https:\/\/franciscanas.org\/portal\/brasil\/wp-content\/uploads\/sites\/5\/2022\/05\/eam-3-980x441.jpeg 980w, https:\/\/franciscanas.org\/portal\/brasil\/wp-content\/uploads\/sites\/5\/2022\/05\/eam-3-480x216.jpeg 480w\" sizes=\"(min-width: 0px) and (max-width: 480px) 480px, (min-width: 481px) and (max-width: 980px) 980px, (min-width: 981px) 1024px, 100vw\" \/><\/figure>\n\n\n\n<figure class=\"wp-block-image size-large\"><img loading=\"lazy\" decoding=\"async\" width=\"1024\" height=\"461\" data-id=\"1332\" src=\"https:\/\/franciscanas.org\/portal\/brasil\/wp-content\/uploads\/sites\/5\/2022\/05\/eam-4-1024x461.jpeg\" alt=\"\" class=\"wp-image-1332\" srcset=\"https:\/\/franciscanas.org\/portal\/brasil\/wp-content\/uploads\/sites\/5\/2022\/05\/eam-4-980x441.jpeg 980w, https:\/\/franciscanas.org\/portal\/brasil\/wp-content\/uploads\/sites\/5\/2022\/05\/eam-4-480x216.jpeg 480w\" sizes=\"(min-width: 0px) and (max-width: 480px) 480px, (min-width: 481px) and (max-width: 980px) 980px, (min-width: 981px) 1024px, 100vw\" \/><\/figure>\n\n\n\n<figure class=\"wp-block-image size-large\"><img loading=\"lazy\" decoding=\"async\" width=\"1024\" height=\"461\" data-id=\"1331\" src=\"https:\/\/franciscanas.org\/portal\/brasil\/wp-content\/uploads\/sites\/5\/2022\/05\/eam-5-1024x461.jpeg\" alt=\"\" class=\"wp-image-1331\" srcset=\"https:\/\/franciscanas.org\/portal\/brasil\/wp-content\/uploads\/sites\/5\/2022\/05\/eam-5-980x441.jpeg 980w, https:\/\/franciscanas.org\/portal\/brasil\/wp-content\/uploads\/sites\/5\/2022\/05\/eam-5-480x216.jpeg 480w\" sizes=\"(min-width: 0px) and (max-width: 480px) 480px, (min-width: 481px) and (max-width: 980px) 980px, (min-width: 981px) 1024px, 100vw\" \/><\/figure>\n<\/figure>\n","protected":false},"excerpt":{"rendered":"<p>Nos dias 29 de abril a 1\u00ba de maio aconteceu, na Casa Geral, em Bogot\u00e1, o Encontro com a Equipe de Anima\u00e7\u00e3o Mission\u00e1ria (EAM), com a participa\u00e7\u00e3o das Irm\u00e3s Coordenadoras desse Eixo, Ir. Jaqueline Pizzi Zilli, Regi\u00e3o S\u00e3o Francisco de Assis, Ir. Miria Aguinsaca, Regi\u00e3o Santa Maria Bernarda, Ir. Marianela Chadid, Regi\u00e3o Santa Clara, a [&hellip;]<\/p>\n","protected":false},"author":1,"featured_media":1328,"comment_status":"closed","ping_status":"closed","sticky":false,"template":"","format":"standard","meta":{"_et_pb_use_builder":"off","_et_pb_old_content":"","_et_gb_content_width":"1200","footnotes":""},"categories":[8],"tags":[],"class_list":["post-1327","post","type-post","status-publish","format-standard","has-post-thumbnail","hentry","category-noticias"],"_links":{"self":[{"href":"https:\/\/franciscanas.org\/portal\/brasil\/wp-json\/wp\/v2\/posts\/1327","targetHints":{"allow":["GET"]}}],"collection":[{"href":"https:\/\/franciscanas.org\/portal\/brasil\/wp-json\/wp\/v2\/posts"}],"about":[{"href":"https:\/\/franciscanas.org\/portal\/brasil\/wp-json\/wp\/v2\/types\/post"}],"author":[{"embeddable":true,"href":"https:\/\/franciscanas.org\/portal\/brasil\/wp-json\/wp\/v2\/users\/1"}],"replies":[{"embeddable":true,"href":"https:\/\/franciscanas.org\/portal\/brasil\/wp-json\/wp\/v2\/comments?post=1327"}],"version-history":[{"count":3,"href":"https:\/\/franciscanas.org\/portal\/brasil\/wp-json\/wp\/v2\/posts\/1327\/revisions"}],"predecessor-version":[{"id":1336,"href":"https:\/\/franciscanas.org\/portal\/brasil\/wp-json\/wp\/v2\/posts\/1327\/revisions\/1336"}],"wp:featuredmedia":[{"embeddable":true,"href":"https:\/\/franciscanas.org\/portal\/brasil\/wp-json\/wp\/v2\/media\/1328"}],"wp:attachment":[{"href":"https:\/\/franciscanas.org\/portal\/brasil\/wp-json\/wp\/v2\/media?parent=1327"}],"wp:term":[{"taxonomy":"category","embeddable":true,"href":"https:\/\/franciscanas.org\/portal\/brasil\/wp-json\/wp\/v2\/categories?post=1327"},{"taxonomy":"post_tag","embeddable":true,"href":"https:\/\/franciscanas.org\/portal\/brasil\/wp-json\/wp\/v2\/tags?post=1327"}],"curies":[{"name":"wp","href":"https:\/\/api.w.org\/{rel}","templated":true}]}}