{"id":1317,"date":"2022-03-25T17:47:00","date_gmt":"2022-03-25T20:47:00","guid":{"rendered":"https:\/\/franciscanas.org\/portal\/brasil\/?p=1317"},"modified":"2022-05-02T18:12:53","modified_gmt":"2022-05-02T21:12:53","slug":"uma-resposta-generosa-a-um-llamado-de-amor","status":"publish","type":"post","link":"https:\/\/franciscanas.org\/portal\/brasil\/noticias\/uma-resposta-generosa-a-um-llamado-de-amor\/","title":{"rendered":"Uma resposta generosa a um llamado de amor"},"content":{"rendered":"\n<p>No dia 25 de mar\u00e7o, na celebra\u00e7\u00e3o da Festa da Anuncia\u00e7\u00e3o do Senhor, as jovens Vanessa Garc\u00eda Giraldo, Osiris Mar\u00eda Guti\u00e9rrez Castilla, Mercedes Julia Soto Vega e Maryury Pe\u00f1a Tovar foram admitidas \u00e0\u00a0etapa do Postulantado na forma\u00e7\u00e3o para a\u00a0Vida Consagrada, durante eucaristia celebrada\u00a0na Fraternidade Santa Maria dos Anjos, Arroz Barato, Cartagena, departamento de Bol\u00edvar, Col\u00f4mbia.<\/p>\n\n\n\n<p>A celebra\u00e7\u00e3o foi acompanhada pela Ir. Luz Mery Cardona, Animadora, Ir. Diana Patricia Aguilar, Ir. Marianela Chadid Anachury da Regi\u00e3o Mission\u00e1ria Santa Clara, Ir. Sandra Avil\u00e9s, Conselheira da Regi\u00e3o Mission\u00e1ria Santa Maria Bernarda e irm\u00e3s de diversas fraternidades pr\u00f3ximas ao local. Da mesma forma, houve a presen\u00e7a dos pais e familiares das jovens.<\/p>\n\n\n\n<p>A Eucaristia foi celebrada pelos padres Lu\u00eds Alberto Correa e Alberto Norman R\u00faa.\u00a0A liturgia foi carregada de simbologia, reafirmando o caminho de resposta ao chamado vocacional das jovens, desejosas de viver com perseveran\u00e7a e fidelidade, a partir dos referentes de Maria, M\u00e3e de Deus, como exemplo de Mulher Mission\u00e1ria, aberta \u00e0 escuta. Da mesma forma, S\u00e3o Francisco de Assis, que se despojou para se revestir de Deus e viver do essencial, tornando-se irm\u00e3o de todos. A Santa Maria Bernarda, que centrou sua vida no Evangelho e com compaix\u00e3o, soube mostrar o Deus de Jesus que a habitava. E a Santa Clara, mulher pobre e contemplativa que amava a Eucaristia. Com esta express\u00e3o as jovens confirmam o desejo de seguir a Cristo, partindo de sua vida e hist\u00f3ria para serem portadoras da Boa Nova como Irm\u00e3s Franciscanas Mission\u00e1rias de Maria Auxiliadora.<\/p>\n\n\n\n<p>A jovens manifestam gratid\u00e3o \u00e0 congrega\u00e7\u00e3o por recebe-las e acolhe-las com amor. As irm\u00e3s s\u00e3o testemunhas deste caminho de convers\u00e3o que empreenderam, acompanhando seus processos de crescimento e discernimento humano-espiritual, para clarear a motiva\u00e7\u00e3o no seguimento de Jesus Cristo, e assim, encarnar o carisma congregacional.<\/p>\n\n\n\n<figure class=\"wp-block-gallery has-nested-images columns-default is-cropped wp-block-gallery-1 is-layout-flex wp-block-gallery-is-layout-flex\">\n<figure class=\"wp-block-image size-large\"><img loading=\"lazy\" decoding=\"async\" width=\"645\" height=\"484\" data-id=\"1323\" src=\"https:\/\/franciscanas.org\/portal\/brasil\/wp-content\/uploads\/sites\/5\/2022\/05\/Imagem1.png\" alt=\"\" class=\"wp-image-1323\" srcset=\"https:\/\/franciscanas.org\/portal\/brasil\/wp-content\/uploads\/sites\/5\/2022\/05\/Imagem1.png 645w, https:\/\/franciscanas.org\/portal\/brasil\/wp-content\/uploads\/sites\/5\/2022\/05\/Imagem1-480x360.png 480w\" sizes=\"(min-width: 0px) and (max-width: 480px) 480px, (min-width: 481px) 645px, 100vw\" \/><\/figure>\n<\/figure>\n","protected":false},"excerpt":{"rendered":"<p>No dia 25 de mar\u00e7o, na celebra\u00e7\u00e3o da Festa da Anuncia\u00e7\u00e3o do Senhor, as jovens Vanessa Garc\u00eda Giraldo, Osiris Mar\u00eda Guti\u00e9rrez Castilla, Mercedes Julia Soto Vega e Maryury Pe\u00f1a Tovar foram admitidas \u00e0\u00a0etapa do Postulantado na forma\u00e7\u00e3o para a\u00a0Vida Consagrada, durante eucaristia celebrada\u00a0na Fraternidade Santa Maria dos Anjos, Arroz Barato, Cartagena, departamento de Bol\u00edvar, Col\u00f4mbia. [&hellip;]<\/p>\n","protected":false},"author":1,"featured_media":1318,"comment_status":"closed","ping_status":"closed","sticky":false,"template":"","format":"standard","meta":{"_et_pb_use_builder":"off","_et_pb_old_content":"","_et_gb_content_width":"1200","footnotes":""},"categories":[8],"tags":[],"class_list":["post-1317","post","type-post","status-publish","format-standard","has-post-thumbnail","hentry","category-noticias"],"_links":{"self":[{"href":"https:\/\/franciscanas.org\/portal\/brasil\/wp-json\/wp\/v2\/posts\/1317","targetHints":{"allow":["GET"]}}],"collection":[{"href":"https:\/\/franciscanas.org\/portal\/brasil\/wp-json\/wp\/v2\/posts"}],"about":[{"href":"https:\/\/franciscanas.org\/portal\/brasil\/wp-json\/wp\/v2\/types\/post"}],"author":[{"embeddable":true,"href":"https:\/\/franciscanas.org\/portal\/brasil\/wp-json\/wp\/v2\/users\/1"}],"replies":[{"embeddable":true,"href":"https:\/\/franciscanas.org\/portal\/brasil\/wp-json\/wp\/v2\/comments?post=1317"}],"version-history":[{"count":4,"href":"https:\/\/franciscanas.org\/portal\/brasil\/wp-json\/wp\/v2\/posts\/1317\/revisions"}],"predecessor-version":[{"id":1326,"href":"https:\/\/franciscanas.org\/portal\/brasil\/wp-json\/wp\/v2\/posts\/1317\/revisions\/1326"}],"wp:featuredmedia":[{"embeddable":true,"href":"https:\/\/franciscanas.org\/portal\/brasil\/wp-json\/wp\/v2\/media\/1318"}],"wp:attachment":[{"href":"https:\/\/franciscanas.org\/portal\/brasil\/wp-json\/wp\/v2\/media?parent=1317"}],"wp:term":[{"taxonomy":"category","embeddable":true,"href":"https:\/\/franciscanas.org\/portal\/brasil\/wp-json\/wp\/v2\/categories?post=1317"},{"taxonomy":"post_tag","embeddable":true,"href":"https:\/\/franciscanas.org\/portal\/brasil\/wp-json\/wp\/v2\/tags?post=1317"}],"curies":[{"name":"wp","href":"https:\/\/api.w.org\/{rel}","templated":true}]}}