{"id":1308,"date":"2022-02-27T17:16:00","date_gmt":"2022-02-27T20:16:00","guid":{"rendered":"https:\/\/franciscanas.org\/portal\/brasil\/?p=1308"},"modified":"2022-05-02T17:33:45","modified_gmt":"2022-05-02T20:33:45","slug":"boas-novas-do-noviciado-congregacional","status":"publish","type":"post","link":"https:\/\/franciscanas.org\/portal\/brasil\/noticias\/boas-novas-do-noviciado-congregacional\/","title":{"rendered":"Boas novas do Noviciado Congregacional"},"content":{"rendered":"\n<p>No dia 27 de fevereiro de 2022, domingo, ingressaram ao noviciado congregacional seis jovens de diferentes pa\u00edses e continentes. Esta etapa formativa da caminhada de forma\u00e7\u00e3o \u00e0 Vida Consagrada na Congrega\u00e7\u00e3o das Irm\u00e3s Franciscanas Mission\u00e1rias de Maria Auxiliadora proporciona \u00e0s formandas uma viv\u00eancia multicultural que enriquece a consolida\u00e7\u00e3o da identidade e compromisso mission\u00e1rio nesta forma de vida.<\/p>\n\n\n\n<p>As jovens que conformam esse grupo s\u00e3o:<\/p>\n\n\n\n<ul class=\"wp-block-list\"><li>Marize Santina da Silva natural de Bom Jardim, estado de Pernanbuco, Brasil;<\/li><li>Natalia Pe\u00f1a Castellanos, natural de Bogot\u00e1, Distrito Capital, Col\u00f4mbia;<\/li><li>Gissel Alexandra Benavidez Jurado, natural de Pasto departamento de Nari\u00f1o, Col\u00f4mbia;<\/li><li>Angelin Traor\u00e9, natural de Koulikoro, Regi\u00e3o de Koulikoro, Mali, na \u00c1frica.<\/li><li>Maria Paola Hern\u00e1ndez Herrera, natural de Sincelejo, departamento de Sucre, Col\u00f4mbia;<\/li><li>Diana Elizabet Aguilar, natural da cidade de Loja, Prov\u00edncia de Loja, no Equador;<\/li><\/ul>\n\n\n\n<p>A celebra\u00e7\u00e3o aconteceu na comunidade de La Raya, em Caldas, departamento de Antioquia, Col\u00f4mbia. O momento foi precedido pelo retiro preparat\u00f3rio que teve como tema \u201cA casa sobre a rocha\u201d e a missa presidida pelo Padre Daniel Quijano.<\/p>\n\n\n\n<p>A celebra\u00e7\u00e3o de ingresso ao Noviciado contou com a presen\u00e7a da Amimadora Geral, Ir. Marelvi Buelvas, da mestra de Novi\u00e7as, Ir. Alba Giraldo, do Governo da Regi\u00e3o Mission\u00e1ria Santa Clara e outra irm\u00e3s da fraternidade formadora, bem como,das fraternidades pr\u00f3ximas ao local. Em um ambiente muito fraterno e alegre as jovens se comprometeram a viver com fidelidade o per\u00edodo formativo, buscando discernir e responder com generosidade \u00e0 voca\u00e7\u00e3o confiada por Deus Nosso Senhor.<\/p>\n\n\n\n<p>Com carinho acompanhemos \u00e0s nossas irm\u00e3s novi\u00e7as e rezemos pela sua perseveran\u00e7a.<\/p>\n\n\n\n<figure class=\"wp-block-gallery has-nested-images columns-2 wp-block-gallery-1 is-layout-flex wp-block-gallery-is-layout-flex\">\n<figure class=\"wp-block-image size-large\"><img loading=\"lazy\" decoding=\"async\" width=\"1024\" height=\"768\" data-id=\"1312\" src=\"https:\/\/franciscanas.org\/portal\/brasil\/wp-content\/uploads\/sites\/5\/2022\/05\/Noviciado-1-1024x768.jpeg\" alt=\"\" class=\"wp-image-1312\" srcset=\"https:\/\/franciscanas.org\/portal\/brasil\/wp-content\/uploads\/sites\/5\/2022\/05\/Noviciado-1-1024x768.jpeg 1024w, https:\/\/franciscanas.org\/portal\/brasil\/wp-content\/uploads\/sites\/5\/2022\/05\/Noviciado-1-980x735.jpeg 980w, https:\/\/franciscanas.org\/portal\/brasil\/wp-content\/uploads\/sites\/5\/2022\/05\/Noviciado-1-480x360.jpeg 480w\" sizes=\"(min-width: 0px) and (max-width: 480px) 480px, (min-width: 481px) and (max-width: 980px) 980px, (min-width: 981px) 1024px, 100vw\" \/><\/figure>\n\n\n\n<figure class=\"wp-block-image size-large\"><img loading=\"lazy\" decoding=\"async\" width=\"1024\" height=\"768\" data-id=\"1313\" src=\"https:\/\/franciscanas.org\/portal\/brasil\/wp-content\/uploads\/sites\/5\/2022\/05\/Noviciado-2-1024x768.jpeg\" alt=\"\" class=\"wp-image-1313\" srcset=\"https:\/\/franciscanas.org\/portal\/brasil\/wp-content\/uploads\/sites\/5\/2022\/05\/Noviciado-2-1024x768.jpeg 1024w, https:\/\/franciscanas.org\/portal\/brasil\/wp-content\/uploads\/sites\/5\/2022\/05\/Noviciado-2-980x735.jpeg 980w, https:\/\/franciscanas.org\/portal\/brasil\/wp-content\/uploads\/sites\/5\/2022\/05\/Noviciado-2-480x360.jpeg 480w\" sizes=\"(min-width: 0px) and (max-width: 480px) 480px, (min-width: 481px) and (max-width: 980px) 980px, (min-width: 981px) 1024px, 100vw\" \/><\/figure>\n\n\n\n<figure class=\"wp-block-image size-large\"><img loading=\"lazy\" decoding=\"async\" width=\"1024\" height=\"768\" data-id=\"1310\" src=\"https:\/\/franciscanas.org\/portal\/brasil\/wp-content\/uploads\/sites\/5\/2022\/05\/Noviciado-3-1024x768.jpeg\" alt=\"\" class=\"wp-image-1310\" srcset=\"https:\/\/franciscanas.org\/portal\/brasil\/wp-content\/uploads\/sites\/5\/2022\/05\/Noviciado-3-1024x768.jpeg 1024w, https:\/\/franciscanas.org\/portal\/brasil\/wp-content\/uploads\/sites\/5\/2022\/05\/Noviciado-3-980x735.jpeg 980w, https:\/\/franciscanas.org\/portal\/brasil\/wp-content\/uploads\/sites\/5\/2022\/05\/Noviciado-3-480x360.jpeg 480w\" sizes=\"(min-width: 0px) and (max-width: 480px) 480px, (min-width: 481px) and (max-width: 980px) 980px, (min-width: 981px) 1024px, 100vw\" \/><\/figure>\n\n\n\n<figure class=\"wp-block-image size-large\"><img loading=\"lazy\" decoding=\"async\" width=\"1024\" height=\"768\" data-id=\"1311\" src=\"https:\/\/franciscanas.org\/portal\/brasil\/wp-content\/uploads\/sites\/5\/2022\/05\/Noviciado-5-1024x768.jpeg\" alt=\"\" class=\"wp-image-1311\" srcset=\"https:\/\/franciscanas.org\/portal\/brasil\/wp-content\/uploads\/sites\/5\/2022\/05\/Noviciado-5-1024x768.jpeg 1024w, https:\/\/franciscanas.org\/portal\/brasil\/wp-content\/uploads\/sites\/5\/2022\/05\/Noviciado-5-980x735.jpeg 980w, https:\/\/franciscanas.org\/portal\/brasil\/wp-content\/uploads\/sites\/5\/2022\/05\/Noviciado-5-480x360.jpeg 480w\" sizes=\"(min-width: 0px) and (max-width: 480px) 480px, (min-width: 481px) and (max-width: 980px) 980px, (min-width: 981px) 1024px, 100vw\" \/><\/figure>\n<\/figure>\n","protected":false},"excerpt":{"rendered":"<p>No dia 27 de fevereiro de 2022, domingo, ingressaram ao noviciado congregacional seis jovens de diferentes pa\u00edses e continentes. Esta etapa formativa da caminhada de forma\u00e7\u00e3o \u00e0 Vida Consagrada na Congrega\u00e7\u00e3o das Irm\u00e3s Franciscanas Mission\u00e1rias de Maria Auxiliadora proporciona \u00e0s formandas uma viv\u00eancia multicultural que enriquece a consolida\u00e7\u00e3o da identidade e compromisso mission\u00e1rio nesta forma [&hellip;]<\/p>\n","protected":false},"author":1,"featured_media":1309,"comment_status":"closed","ping_status":"closed","sticky":false,"template":"","format":"standard","meta":{"_et_pb_use_builder":"off","_et_pb_old_content":"","_et_gb_content_width":"1200","footnotes":""},"categories":[8],"tags":[],"class_list":["post-1308","post","type-post","status-publish","format-standard","has-post-thumbnail","hentry","category-noticias"],"_links":{"self":[{"href":"https:\/\/franciscanas.org\/portal\/brasil\/wp-json\/wp\/v2\/posts\/1308","targetHints":{"allow":["GET"]}}],"collection":[{"href":"https:\/\/franciscanas.org\/portal\/brasil\/wp-json\/wp\/v2\/posts"}],"about":[{"href":"https:\/\/franciscanas.org\/portal\/brasil\/wp-json\/wp\/v2\/types\/post"}],"author":[{"embeddable":true,"href":"https:\/\/franciscanas.org\/portal\/brasil\/wp-json\/wp\/v2\/users\/1"}],"replies":[{"embeddable":true,"href":"https:\/\/franciscanas.org\/portal\/brasil\/wp-json\/wp\/v2\/comments?post=1308"}],"version-history":[{"count":2,"href":"https:\/\/franciscanas.org\/portal\/brasil\/wp-json\/wp\/v2\/posts\/1308\/revisions"}],"predecessor-version":[{"id":1316,"href":"https:\/\/franciscanas.org\/portal\/brasil\/wp-json\/wp\/v2\/posts\/1308\/revisions\/1316"}],"wp:featuredmedia":[{"embeddable":true,"href":"https:\/\/franciscanas.org\/portal\/brasil\/wp-json\/wp\/v2\/media\/1309"}],"wp:attachment":[{"href":"https:\/\/franciscanas.org\/portal\/brasil\/wp-json\/wp\/v2\/media?parent=1308"}],"wp:term":[{"taxonomy":"category","embeddable":true,"href":"https:\/\/franciscanas.org\/portal\/brasil\/wp-json\/wp\/v2\/categories?post=1308"},{"taxonomy":"post_tag","embeddable":true,"href":"https:\/\/franciscanas.org\/portal\/brasil\/wp-json\/wp\/v2\/tags?post=1308"}],"curies":[{"name":"wp","href":"https:\/\/api.w.org\/{rel}","templated":true}]}}