{"id":1068,"date":"2021-12-26T07:09:17","date_gmt":"2021-12-26T10:09:17","guid":{"rendered":"https:\/\/franciscanas.org\/portal\/brasil\/?p=1068"},"modified":"2022-01-04T17:17:47","modified_gmt":"2022-01-04T20:17:47","slug":"i-asamblea-regional-ordinaria-de-la-region-misionera-sao-francisco","status":"publish","type":"post","link":"https:\/\/franciscanas.org\/portal\/brasil\/noticias\/i-asamblea-regional-ordinaria-de-la-region-misionera-sao-francisco\/","title":{"rendered":"I Assembleia Regional Ordin\u00e1ria da Regi\u00e3o Mission\u00e1ria S\u00e3o Francisco de Assis"},"content":{"rendered":"\n<p>Inicia neste domingo, 26 de dezembro, \u00e1s 9hs e 30 minutos, hor\u00e1rio de Bras\u00edlia, a I Assembleia Ordin\u00e1ria da Regi\u00e3o S\u00e3o Francisco de Assis. A assembleia ocorre em Passo Fundo, Rio Grande do Sul, Brasil, na sede da extinta Prov\u00edncia Imaculada Concei\u00e7\u00e3o.<\/p>\n\n\n\n<p>Desde o XIX Cap\u00edtulo Geral Ordin\u00e1rio das Irm\u00e3s Franciscanas Mission\u00e1rias de Maria Auxiliadora, realizado em setembro de 2021, a Congrega\u00e7\u00e3o vive um novo dinamismo, promovendo um novo modelo de organiza\u00e7\u00e3o e express\u00e3o mission\u00e1ria, materializado a partir da extin\u00e7\u00e3o do modelo das Prov\u00edncias e a cria\u00e7\u00e3o de tr\u00eas regi\u00f5es mission\u00e1rias.<br>A Regi\u00e3o Mission\u00e1ria de S\u00e3o Francisco de Assis agrupa as fraternidades religiosas que compunham as extintas Prov\u00edncias de Imaculada Concei\u00e7\u00e3o (Brasil), Santa Clara (Brasil), as fraternidades localizadas no Chile, no Peru e na Bol\u00edvia.<\/p>\n\n\n\n<p>Com a realiza\u00e7\u00e3o da I Assembleia da Regi\u00e3o Mission\u00e1ria S\u00e3o Francisco de Assis consolida-se o processo iniciado no XIX Cap\u00edtulo Geral Ordin\u00e1rio, que d\u00e1 corpo ao processo de reconfigura\u00e7\u00e3o congregacional. Nesta oportunidade, a regi\u00e3o mission\u00e1ria estabelece os horizontes que mover\u00e3o a miss\u00e3o e as lideran\u00e7as respons\u00e1veis \u200b\u200bpelo acompanhamento das irm\u00e3s, das fraternidades e da a\u00e7\u00e3o evangelizadora nos pr\u00f3ximos cinco anos.<\/p>\n\n\n\n<p>A I Assembleia da Regi\u00e3o Mission\u00e1ria S\u00e3o Francisco de Assis tem programa que termina no dia 31 de dezembro. Os momentos que ser\u00e3o transmitidos pelo Canal da Regi\u00e3o Mission\u00e1ria no YouTube s\u00e3o os seguintes:<\/p>\n\n\n\n<p><\/p>\n\n\n\n<ol class=\"wp-block-list\"><li>Abertura da I Assembleia Regional Ordin\u00e1ria<br>Dia 26\/12<br>Hor\u00e1rio: 9h30, fuso hor\u00e1rio de Bras\u00edlia, Brasil.<\/li><\/ol>\n\n\n\n<p><\/p>\n\n\n\n<iframe loading=\"lazy\" src=\"https:\/\/www.youtube.com\/embed\/qTq89YbhFP4\" title=\"YouTube video player\" allow=\"accelerometer; autoplay; clipboard-write; encrypted-media; gyroscope; picture-in-picture\" allowfullscreen=\"\" width=\"800\" height=\"600\" frameborder=\"0\"><\/iframe>\n\n\n\n<p><\/p>\n\n\n\n<p>2. Posse do Governo Regional eleito.<br>Dia 30\/12<br>Hor\u00e1rio: 18h, fuso hor\u00e1rio de Bras\u00edlia, Brasil.<\/p>\n\n\n\n<iframe loading=\"lazy\" src=\"https:\/\/www.youtube.com\/embed\/2ahmhlZyxTE\" title=\"YouTube video player\" allow=\"accelerometer; autoplay; clipboard-write; encrypted-media; gyroscope; picture-in-picture\" allowfullscreen=\"\" width=\"800\" height=\"600\" frameborder=\"0\"><\/iframe>\n\n\n\n<p><\/p>\n\n\n\n<p>3. Encerramento da I Assembleia Regional Ordin\u00e1ria<br>Dia 31\/12<br>Hor\u00e1rio: 16h, fuso hor\u00e1rio de Bras\u00edlia, Brasil.<\/p>\n\n\n\n<p><\/p>\n\n\n\n<iframe loading=\"lazy\" src=\"https:\/\/www.youtube.com\/embed\/_Vc3oGmIN1k\" title=\"YouTube video player\" allow=\"accelerometer; autoplay; clipboard-write; encrypted-media; gyroscope; picture-in-picture\" allowfullscreen=\"\" width=\"800\" height=\"600\" frameborder=\"0\"><\/iframe>\n","protected":false},"excerpt":{"rendered":"<p>Inicia neste domingo, 26 de dezembro, \u00e1s 9hs e 30 minutos, hor\u00e1rio de Bras\u00edlia, a I Assembleia Ordin\u00e1ria da Regi\u00e3o S\u00e3o Francisco de Assis. A assembleia ocorre em Passo Fundo, Rio Grande do Sul, Brasil, na sede da extinta Prov\u00edncia Imaculada Concei\u00e7\u00e3o. Desde o XIX Cap\u00edtulo Geral Ordin\u00e1rio das Irm\u00e3s Franciscanas Mission\u00e1rias de Maria Auxiliadora, [&hellip;]<\/p>\n","protected":false},"author":1,"featured_media":1073,"comment_status":"closed","ping_status":"closed","sticky":false,"template":"","format":"standard","meta":{"_et_pb_use_builder":"off","_et_pb_old_content":"<!-- wp:paragraph -->\n<p>Inicia neste domingo, 26 de dezembro, \u00e1s 9hs e 30 minutos, hor\u00e1rio de Bras\u00edlia, a I Assembleia Ordin\u00e1ria da Regi\u00e3o S\u00e3o Francisco de Assis. A assembleia ocorre em Passo Fundo, Rio Grande do Sul, Brasil, na sede da extinta Prov\u00edncia Imaculada Concei\u00e7\u00e3o.<\/p>\n<!-- \/wp:paragraph -->\n\n<!-- wp:paragraph -->\n<p>Desde o XIX Cap\u00edtulo Geral Ordin\u00e1rio das Irm\u00e3s Franciscanas Mission\u00e1rias de Maria Auxiliadora, realizado em setembro de 2021, a Congrega\u00e7\u00e3o vive um novo dinamismo, promovendo um novo modelo de organiza\u00e7\u00e3o e express\u00e3o mission\u00e1ria, materializado a partir da extin\u00e7\u00e3o do modelo das Prov\u00edncias e a cria\u00e7\u00e3o de tr\u00eas regi\u00f5es mission\u00e1rias.<br>A Regi\u00e3o Mission\u00e1ria de S\u00e3o Francisco de Assis agrupa as fraternidades religiosas que compunham as extintas Prov\u00edncias de Imaculada Concei\u00e7\u00e3o (Brasil), Santa Clara (Brasil), as fraternidades localizadas no Chile, no Peru e na Bol\u00edvia.<\/p>\n<!-- \/wp:paragraph -->\n\n<!-- wp:paragraph -->\n<p>Com a realiza\u00e7\u00e3o da I Assembleia da Regi\u00e3o Mission\u00e1ria S\u00e3o Francisco de Assis consolida-se o processo iniciado no XIX Cap\u00edtulo Geral Ordin\u00e1rio, que d\u00e1 corpo ao processo de reconfigura\u00e7\u00e3o congregacional. Nesta oportunidade, a regi\u00e3o mission\u00e1ria estabelece os horizontes que mover\u00e3o a miss\u00e3o e as lideran\u00e7as respons\u00e1veis \u200b\u200bpelo acompanhamento das irm\u00e3s, das fraternidades e da a\u00e7\u00e3o evangelizadora nos pr\u00f3ximos cinco anos.<\/p>\n<!-- \/wp:paragraph -->\n\n<!-- wp:paragraph -->\n<p>A I Assembleia da Regi\u00e3o Mission\u00e1ria S\u00e3o Francisco de Assis tem programa que termina no dia 31 de dezembro. Os momentos que ser\u00e3o transmitidos pelo Canal da Regi\u00e3o Mission\u00e1ria no YouTube s\u00e3o os seguintes:<\/p>\n<!-- \/wp:paragraph -->\n\n<!-- wp:paragraph -->\n<p><\/p>\n<!-- \/wp:paragraph -->\n\n<!-- wp:list {\"ordered\":true} -->\n<ol><li>Abertura da I Assembleia Regional Ordin\u00e1ria<br>Dia 26\/12<br>Hor\u00e1rio: 9h30, fuso hor\u00e1rio de Bras\u00edlia, Brasil.<\/li><\/ol>\n<!-- \/wp:list -->\n\n<!-- wp:paragraph -->\n<p><\/p>\n<!-- \/wp:paragraph -->\n\n<!-- wp:html -->\n<iframe width=\"800\" height=\"600\" src=\"https:\/\/www.youtube.com\/embed\/qTq89YbhFP4\" title=\"YouTube video player\" frameborder=\"0\" allow=\"accelerometer; autoplay; clipboard-write; encrypted-media; gyroscope; picture-in-picture\" allowfullscreen><\/iframe>\n<!-- \/wp:html -->\n\n<!-- wp:paragraph -->\n<p><\/p>\n<!-- \/wp:paragraph -->\n\n<!-- wp:paragraph -->\n<p>2. Posse do Governo Regional eleito.<br>Dia 30\/12<br>Hor\u00e1rio: 18h, fuso hor\u00e1rio de Bras\u00edlia, Brasil.<\/p>\n<!-- \/wp:paragraph -->\n\n<!-- wp:html -->\n<iframe width=\"800\" height=\"600\" src=\"https:\/\/www.youtube.com\/embed\/2ahmhlZyxTE\" title=\"YouTube video player\" frameborder=\"0\" allow=\"accelerometer; autoplay; clipboard-write; encrypted-media; gyroscope; picture-in-picture\" allowfullscreen><\/iframe>\n<!-- \/wp:html -->\n\n<!-- wp:paragraph -->\n<p><\/p>\n<!-- \/wp:paragraph -->\n\n<!-- wp:paragraph -->\n<p>3. Encerramento da I Assembleia Regional Ordin\u00e1ria<br>Dia 31\/12<br>Hor\u00e1rio: 16h, fuso hor\u00e1rio de Bras\u00edlia, Brasil.<\/p>\n<!-- \/wp:paragraph -->\n\n<!-- wp:paragraph -->\n<p><\/p>\n<!-- \/wp:paragraph -->\n\n<!-- wp:html -->\n<iframe width=\"800\" height=\"600\" src=\"https:\/\/www.youtube.com\/embed\/_Vc3oGmIN1k\" title=\"YouTube video player\" frameborder=\"0\" allow=\"accelerometer; autoplay; clipboard-write; encrypted-media; gyroscope; picture-in-picture\" allowfullscreen><\/iframe>\n<!-- \/wp:html -->","_et_gb_content_width":"1200","footnotes":""},"categories":[8],"tags":[],"class_list":["post-1068","post","type-post","status-publish","format-standard","has-post-thumbnail","hentry","category-noticias"],"_links":{"self":[{"href":"https:\/\/franciscanas.org\/portal\/brasil\/wp-json\/wp\/v2\/posts\/1068","targetHints":{"allow":["GET"]}}],"collection":[{"href":"https:\/\/franciscanas.org\/portal\/brasil\/wp-json\/wp\/v2\/posts"}],"about":[{"href":"https:\/\/franciscanas.org\/portal\/brasil\/wp-json\/wp\/v2\/types\/post"}],"author":[{"embeddable":true,"href":"https:\/\/franciscanas.org\/portal\/brasil\/wp-json\/wp\/v2\/users\/1"}],"replies":[{"embeddable":true,"href":"https:\/\/franciscanas.org\/portal\/brasil\/wp-json\/wp\/v2\/comments?post=1068"}],"version-history":[{"count":7,"href":"https:\/\/franciscanas.org\/portal\/brasil\/wp-json\/wp\/v2\/posts\/1068\/revisions"}],"predecessor-version":[{"id":1080,"href":"https:\/\/franciscanas.org\/portal\/brasil\/wp-json\/wp\/v2\/posts\/1068\/revisions\/1080"}],"wp:featuredmedia":[{"embeddable":true,"href":"https:\/\/franciscanas.org\/portal\/brasil\/wp-json\/wp\/v2\/media\/1073"}],"wp:attachment":[{"href":"https:\/\/franciscanas.org\/portal\/brasil\/wp-json\/wp\/v2\/media?parent=1068"}],"wp:term":[{"taxonomy":"category","embeddable":true,"href":"https:\/\/franciscanas.org\/portal\/brasil\/wp-json\/wp\/v2\/categories?post=1068"},{"taxonomy":"post_tag","embeddable":true,"href":"https:\/\/franciscanas.org\/portal\/brasil\/wp-json\/wp\/v2\/tags?post=1068"}],"curies":[{"name":"wp","href":"https:\/\/api.w.org\/{rel}","templated":true}]}}