{"id":1058,"date":"2021-12-26T06:45:54","date_gmt":"2021-12-26T09:45:54","guid":{"rendered":"https:\/\/franciscanas.org\/portal\/brasil\/?p=1058"},"modified":"2022-01-04T17:18:39","modified_gmt":"2022-01-04T20:18:39","slug":"realizacao-da-i-assembleia-regional-ordinaria-da-regiao-missionaria-de-santa-clara","status":"publish","type":"post","link":"https:\/\/franciscanas.org\/portal\/brasil\/noticias\/realizacao-da-i-assembleia-regional-ordinaria-da-regiao-missionaria-de-santa-clara\/","title":{"rendered":"Realiza\u00e7\u00e3o da I Assembleia Regional Ordin\u00e1ria da Regi\u00e3o Mission\u00e1ria de Santa Clara"},"content":{"rendered":"\n<p>Hoje quarta-feira, 15 de dezembro \u00e0s 8h30, fuso hor\u00e1rio de Bogot\u00e1, Col\u00f4mbia, a Regi\u00e3o Mission\u00e1ria Santa Clara inaugura sua 1\u00aa Assembleia Regional Ordin\u00e1ria. A Assembleia se realiza em Medell\u00edn, departamento de Antioquia, na antiga sede da antiga Prov\u00edncia de S\u00e3o Francisco. <\/p>\n\n\n\n<p>Desde o XIX Cap\u00edtulo Geral Ordin\u00e1rio das Irm\u00e3s Franciscanas Mission\u00e1rias de Maria Auxiliadora, realizado em setembro de 2021, a Congrega\u00e7\u00e3o vive um novo dinamismo, promovendo um novo modelo de organiza\u00e7\u00e3o e express\u00e3o mission\u00e1ria, materializado a partir da extin\u00e7\u00e3o do modelo das Prov\u00edncias e a cria\u00e7\u00e3o de tr\u00eas regi\u00f5es mission\u00e1rias. <\/p>\n\n\n\n<p>A Regi\u00e3o Mission\u00e1ria de Santa Clara agrupa as fraternidades religiosas que compunham as extintas Prov\u00edncias de S\u00e3o Francisco de Assis (Col\u00f4mbia), S\u00e3o Jos\u00e9 (\u00c1ustria), as fraternidades localizadas no Mali e no Ch\u00e1de (\u00c1frica), al\u00e9m da Espanha. <\/p>\n\n\n\n<p>A I Assembleia da Regi\u00e3o Mission\u00e1ria Santa Clara \u00e9 o momento de consolidar o processo iniciado no XIX Cap\u00edtulo Geral Ordin\u00e1rio, estabelecendo os horizontes que mover\u00e3o a miss\u00e3o e as lideran\u00e7as respons\u00e1veis \u200b\u200bpelo acompanhamento das irm\u00e3s, das fraternidades e da a\u00e7\u00e3o evangelizadora durante os cinco anos que continuam, nesta regi\u00e3o mission\u00e1ria.<\/p>\n\n\n\n<p>A 1\u00aa Assembleia da Regi\u00e3o Mission\u00e1ria Santa Clara tem programa que termina no dia 21 de dezembro. Os momentos que ser\u00e3o transmitidos pelo Canal da Regi\u00e3o Mission\u00e1ria no YouTube s\u00e3o os seguintes: <\/p>\n\n\n\n<ol class=\"wp-block-list\"><li>Abertura da I Assembleia Regional Ordin\u00e1ria<br>Dia 12\/15<br>Hor\u00e1rio: 8h30, fuso hor\u00e1rio da Col\u00f4mbia.<\/li><\/ol>\n\n\n\n<iframe loading=\"lazy\" src=\"https:\/\/www.youtube.com\/embed\/Ab9m9cDlZEc\" title=\"YouTube video player\" allow=\"accelerometer; autoplay; clipboard-write; encrypted-media; gyroscope; picture-in-picture\" allowfullscreen=\"\" width=\"800\" height=\"600\" frameborder=\"0\"><\/iframe>\n\n\n\n<p><\/p>\n\n\n\n<p>2. Posse do Governo Regional eleito.<br>Dia 20\/12<br>Hor\u00e1rio: 17h30, fuso hor\u00e1rio da Col\u00f4mbia.<\/p>\n\n\n\n<iframe loading=\"lazy\" src=\"https:\/\/www.youtube.com\/embed\/PUeRP6ux27o\" title=\"YouTube video player\" allow=\"accelerometer; autoplay; clipboard-write; encrypted-media; gyroscope; picture-in-picture\" allowfullscreen=\"\" width=\"800\" height=\"600\" frameborder=\"0\"><\/iframe>\n\n\n\n<p><\/p>\n\n\n\n<p>3. Encerramento da I Assembleia Regional Ordin\u00e1ria<br>Dia 21\/12<br>Hor\u00e1rio: 17h, Fuso Hor\u00e1rio da Col\u00f4mbia.<\/p>\n\n\n\n<iframe loading=\"lazy\" src=\"https:\/\/www.youtube.com\/embed\/wzH3tubThO4\" title=\"YouTube video player\" allow=\"accelerometer; autoplay; clipboard-write; encrypted-media; gyroscope; picture-in-picture\" allowfullscreen=\"\" width=\"800\" height=\"600\" frameborder=\"0\"><\/iframe>\n","protected":false},"excerpt":{"rendered":"<p>Hoje quarta-feira, 15 de dezembro \u00e0s 8h30, fuso hor\u00e1rio de Bogot\u00e1, Col\u00f4mbia, a Regi\u00e3o Mission\u00e1ria Santa Clara inaugura sua 1\u00aa Assembleia Regional Ordin\u00e1ria. A Assembleia se realiza em Medell\u00edn, departamento de Antioquia, na antiga sede da antiga Prov\u00edncia de S\u00e3o Francisco. Desde o XIX Cap\u00edtulo Geral Ordin\u00e1rio das Irm\u00e3s Franciscanas Mission\u00e1rias de Maria Auxiliadora, realizado [&hellip;]<\/p>\n","protected":false},"author":1,"featured_media":1059,"comment_status":"closed","ping_status":"closed","sticky":false,"template":"","format":"standard","meta":{"_et_pb_use_builder":"off","_et_pb_old_content":"","_et_gb_content_width":"1200","footnotes":""},"categories":[8],"tags":[],"class_list":["post-1058","post","type-post","status-publish","format-standard","has-post-thumbnail","hentry","category-noticias"],"_links":{"self":[{"href":"https:\/\/franciscanas.org\/portal\/brasil\/wp-json\/wp\/v2\/posts\/1058","targetHints":{"allow":["GET"]}}],"collection":[{"href":"https:\/\/franciscanas.org\/portal\/brasil\/wp-json\/wp\/v2\/posts"}],"about":[{"href":"https:\/\/franciscanas.org\/portal\/brasil\/wp-json\/wp\/v2\/types\/post"}],"author":[{"embeddable":true,"href":"https:\/\/franciscanas.org\/portal\/brasil\/wp-json\/wp\/v2\/users\/1"}],"replies":[{"embeddable":true,"href":"https:\/\/franciscanas.org\/portal\/brasil\/wp-json\/wp\/v2\/comments?post=1058"}],"version-history":[{"count":5,"href":"https:\/\/franciscanas.org\/portal\/brasil\/wp-json\/wp\/v2\/posts\/1058\/revisions"}],"predecessor-version":[{"id":1067,"href":"https:\/\/franciscanas.org\/portal\/brasil\/wp-json\/wp\/v2\/posts\/1058\/revisions\/1067"}],"wp:featuredmedia":[{"embeddable":true,"href":"https:\/\/franciscanas.org\/portal\/brasil\/wp-json\/wp\/v2\/media\/1059"}],"wp:attachment":[{"href":"https:\/\/franciscanas.org\/portal\/brasil\/wp-json\/wp\/v2\/media?parent=1058"}],"wp:term":[{"taxonomy":"category","embeddable":true,"href":"https:\/\/franciscanas.org\/portal\/brasil\/wp-json\/wp\/v2\/categories?post=1058"},{"taxonomy":"post_tag","embeddable":true,"href":"https:\/\/franciscanas.org\/portal\/brasil\/wp-json\/wp\/v2\/tags?post=1058"}],"curies":[{"name":"wp","href":"https:\/\/api.w.org\/{rel}","templated":true}]}}