{"id":1050,"date":"2021-12-12T12:48:00","date_gmt":"2021-12-12T15:48:00","guid":{"rendered":"https:\/\/franciscanas.org\/portal\/brasil\/?p=1050"},"modified":"2021-12-13T13:08:11","modified_gmt":"2021-12-13T16:08:11","slug":"semana-vocacional-em-preparacao-ao-votos-perpetuos-da-ir-cristiane-gotz-acontece-na-paroquia-de-tapera-rs","status":"publish","type":"post","link":"https:\/\/franciscanas.org\/portal\/brasil\/noticias\/semana-vocacional-em-preparacao-ao-votos-perpetuos-da-ir-cristiane-gotz-acontece-na-paroquia-de-tapera-rs\/","title":{"rendered":"Semana Vocacional em Prepara\u00e7\u00e3o ao Votos Perp\u00e9tuos da Ir. Cristiane G\u00f6tz acontece na Paroquia de Tapera &#8211; RS"},"content":{"rendered":"\n<p>Na semana de 10 a 18 de dezembro de 2021, na Par\u00f3quia de Tapera, no Rio Grande do Sul, a Equipe Vocacional da Arquidiocese de Passo Fundo, juntamente com as Irm\u00e3s Franciscanas Mission\u00e1rias de Maria Auxiliadora, animam uma Semana Vocacional em prepara\u00e7\u00e3o aos Votos Perp\u00e9tuos da Irm\u00e3 Cristiane Maria G\u00f6tz. A Irm\u00e3 Cristiane \u00e9 filha desta comunidade paroquial, mais especificamente da comunidade da Vila Raspa, que pertence a esta Par\u00f3quia.<\/p>\n\n\n\n<p>Uma intensa programa\u00e7\u00e3o foi organizada, e envolve a visita \u00e0s escolas, \u00e0s comunidades cat\u00f3licas, aos doentes, lar de idosos, anima\u00e7\u00e3o de lideran\u00e7as como coroinhas, jovens, grupos do ter\u00e7o, ministros, catequistas. A receptividade das comunidades vem sendo muito positiva, caracterizando a semana de anima\u00e7\u00e3o vocacional e mission\u00e1ria como um tempo de gra\u00e7a e alegria.<\/p>\n\n\n\n<p>A Irm\u00e3 Cristiane G\u00f6tz, ap\u00f3s haver ingressado e realizado o itiner\u00e1rio da forma\u00e7\u00e3o inicial \u00e0 Vida Religiosa Consagrada na Congrega\u00e7\u00e3o das Irm\u00e3s Franciscanas Mission\u00e1rias de Maria Auxiliadora, bem como, haver professado a sua Consagra\u00e7\u00e3o Tempor\u00e1ria, agora professa os Votos Perp\u00e9tuos, tamb\u00e9m \u00e9 conhecido como, a Consagra\u00e7\u00e3o Religiosa Definitiva. Isto acontecer\u00e1 no dia 18 de dezembro, \u00e0s 10 horas na Comunidade de Vila Raspa, Par\u00f3quia de Tapera, Rio Grande do Sul.<\/p>\n\n\n\n<p>Confira a seguir, um pouco da hist\u00f3ria da Ir. Cristiane G\u00f6tz:<\/p>\n\n\n\n<p>A Irm\u00e3 Cristiane Maria G\u00f6tz, \u00e9 filha de Eug\u00eanio Paulo e L\u00facia G\u00f6tz, e tem irm\u00e3os mais velhos: &nbsp;Andr\u00e9 e Fernando. &nbsp;Nasceu&nbsp;em Tapera\/RS, na comunidade Santo Ant\u00f4nio de Vila Raspa, par\u00f3quia Nossa Senhora do Ros\u00e1rio da Pomp\u00e9ia.<\/p>\n\n\n\n<p>Foi na fam\u00edlia que aprendeu os valores crist\u00e3os, o cultivo da ora\u00e7\u00e3o, a devo\u00e7\u00e3o \u00e0 Nossa Senhora de F\u00e1tima com a ora\u00e7\u00e3o do ter\u00e7o e sempre a ora\u00e7\u00e3o pelas voca\u00e7\u00f5es. Com a fam\u00edlia participou&nbsp;da missa dominical e aprendeu&nbsp;a viv\u00eancia concreta do amor \u00e0s pessoas, atrav\u00e9s da visita \u00e0s fam\u00edlias e aos doentes. Atuava nas pastorais paroquiais, especialmente na catequese e na liturgia.<\/p>\n\n\n\n<p>Desde crian\u00e7a sentia a inquieta\u00e7\u00e3o do chamado, buscava mais do que somente formar uma fam\u00edlia, mas de in\u00edcio, n\u00e3o estava claro&nbsp;se tratar do caminho da vida&nbsp;religiosa. Em meio a essas inquieta\u00e7\u00f5es sobre o sentido da vida, recebeu&nbsp;o convite para participar&nbsp;do Cursilho de Jovens na Diocese de Erexim, em 2013. A partir da\u00ed, sua&nbsp;vida tomou um novo sentido.<\/p>\n\n\n\n<p>Naquela oportunidade, conheceu as Irm\u00e3s as Irm\u00e3s Franciscanas Mission\u00e1rias de Maria Auxiliadora, participando da a\u00e7\u00e3o concreta na novena da Romaria de F\u00e1tima de Erexim quando, no meio da multid\u00e3o, avistou&nbsp;as irm\u00e3s vestidas com o traje marrom, veste oficial da Congrega\u00e7\u00e3o. Uma das irm\u00e3s&nbsp;era a animadora vocacional. Depois da romaria, as irm\u00e3s&nbsp;mantiveram&nbsp;contato visitando Cristiane e sua&nbsp;fam\u00edlia, a fim de&nbsp;iniciar o acompanhamento vocacional.<\/p>\n\n\n\n<p>Ap\u00f3s o acompanhamento vocacional,&nbsp;em 14 de fevereiro de 2014, Cristiane&nbsp;ingressou&nbsp;na casa de forma\u00e7\u00e3o Lar de Nazar\u00e9, em Marau\/RS, &nbsp;para etapa do pr\u00e9-postulantado. &nbsp;E no dia 24 de maio do mesmo ano, seguiu&nbsp;a etapa do postulantado, que na \u00e9poca era interprovincial, na casa de forma\u00e7\u00e3o Ema\u00fas, em Chapec\u00f3\/SC. Em 31 de janeiro de 2015,&nbsp;ingressou na etapa&nbsp;do noviciado, can\u00f4nico, realizado&nbsp;na Fraternidade Lar de Nazar\u00e9 em Marau, e noviciado apost\u00f3lico, com uma&nbsp;experi\u00eancia pastoral na fraternidade Bet\u00e2nia em Passo Fundo\/RS, junto \u00e0s irm\u00e3s idosas, colaborando nos seus&nbsp;cuidado. Em 14 de janeiro de 2017, na Gruta Nossa Senhora de Lourdes, de&nbsp;Marau RS, fez sua&nbsp;primeira profiss\u00e3o religiosa&nbsp;ou Consagra\u00e7\u00e3o Tempor\u00e1ria.<\/p>\n\n\n\n<p>Enviada em miss\u00e3o, retornou&nbsp;para fraternidade Bet\u00e2nia em Passo Fundo, onde auxiliava no cuidado das irm\u00e3s idosas e enfermas. Nesse per\u00edodo, cursou&nbsp;diversas disciplinas do Bacharelado em Teologia na Itepa Faculdades, e concluiu o Curso T\u00e9cnico em Enfermagem, bem como,&nbsp;curso de Massoterapia.<\/p>\n\n\n\n<p>Atualmente, Ir. Cristiane atua no Hospital Santa Isabel&nbsp;e Residencial Santa Maria Bernarda&nbsp;de Gaurama\/RS.<\/p>\n\n\n\n<p>O lema escolhido pela Ir. Cristiane para sua Consagra\u00e7\u00e3o Definitiva \u00e9 inspirado em Isa\u00edas: <em>\u201cN\u00e3o tenhas medo, eu te chamei e estarei sempre contigo\u201d<\/em>&nbsp;(Is 43,1-5).&nbsp;<\/p>\n","protected":false},"excerpt":{"rendered":"<p>Na semana de 10 a 18 de dezembro de 2021, na Par\u00f3quia de Tapera, no Rio Grande do Sul, a Equipe Vocacional da Arquidiocese de Passo Fundo, juntamente com as Irm\u00e3s Franciscanas Mission\u00e1rias de Maria Auxiliadora, animam uma Semana Vocacional em prepara\u00e7\u00e3o aos Votos Perp\u00e9tuos da Irm\u00e3 Cristiane Maria G\u00f6tz. A Irm\u00e3 Cristiane \u00e9 filha [&hellip;]<\/p>\n","protected":false},"author":1,"featured_media":1054,"comment_status":"closed","ping_status":"closed","sticky":false,"template":"","format":"standard","meta":{"_et_pb_use_builder":"off","_et_pb_old_content":"","_et_gb_content_width":"1200","footnotes":""},"categories":[8],"tags":[],"class_list":["post-1050","post","type-post","status-publish","format-standard","has-post-thumbnail","hentry","category-noticias"],"_links":{"self":[{"href":"https:\/\/franciscanas.org\/portal\/brasil\/wp-json\/wp\/v2\/posts\/1050","targetHints":{"allow":["GET"]}}],"collection":[{"href":"https:\/\/franciscanas.org\/portal\/brasil\/wp-json\/wp\/v2\/posts"}],"about":[{"href":"https:\/\/franciscanas.org\/portal\/brasil\/wp-json\/wp\/v2\/types\/post"}],"author":[{"embeddable":true,"href":"https:\/\/franciscanas.org\/portal\/brasil\/wp-json\/wp\/v2\/users\/1"}],"replies":[{"embeddable":true,"href":"https:\/\/franciscanas.org\/portal\/brasil\/wp-json\/wp\/v2\/comments?post=1050"}],"version-history":[{"count":1,"href":"https:\/\/franciscanas.org\/portal\/brasil\/wp-json\/wp\/v2\/posts\/1050\/revisions"}],"predecessor-version":[{"id":1051,"href":"https:\/\/franciscanas.org\/portal\/brasil\/wp-json\/wp\/v2\/posts\/1050\/revisions\/1051"}],"wp:featuredmedia":[{"embeddable":true,"href":"https:\/\/franciscanas.org\/portal\/brasil\/wp-json\/wp\/v2\/media\/1054"}],"wp:attachment":[{"href":"https:\/\/franciscanas.org\/portal\/brasil\/wp-json\/wp\/v2\/media?parent=1050"}],"wp:term":[{"taxonomy":"category","embeddable":true,"href":"https:\/\/franciscanas.org\/portal\/brasil\/wp-json\/wp\/v2\/categories?post=1050"},{"taxonomy":"post_tag","embeddable":true,"href":"https:\/\/franciscanas.org\/portal\/brasil\/wp-json\/wp\/v2\/tags?post=1050"}],"curies":[{"name":"wp","href":"https:\/\/api.w.org\/{rel}","templated":true}]}}