{"id":1028,"date":"2021-11-01T20:00:00","date_gmt":"2021-11-01T23:00:00","guid":{"rendered":"https:\/\/franciscanas.org\/portal\/brasil\/?p=1028"},"modified":"2021-12-06T20:01:25","modified_gmt":"2021-12-06T23:01:25","slug":"irma-silvana-arboit-e-homenageada-pela-camara-de-vereadores-de-erechim","status":"publish","type":"post","link":"https:\/\/franciscanas.org\/portal\/brasil\/noticias\/irma-silvana-arboit-e-homenageada-pela-camara-de-vereadores-de-erechim\/","title":{"rendered":"Irm\u00e3 Silvana Arboit \u00e9 homenageada pela C\u00e2mara de Vereadores de Erechim"},"content":{"rendered":"\n<p><\/p>\n\n\n\n<p class=\"has-normal-font-size\">A Irm\u00e3 Silvana Arboit, diretora do Col\u00e9gio Franciscano S\u00e3o Jos\u00e9, recebeu no m\u00eas de outubro o Trof\u00e9u Castelinho. A homenagem foi proposta pela vereadora Sandra Picoli e subscrita por todos os demais parlamentares. A entrega da maior honraria concedida pelo legislativo erechinense aconteceu nas depend\u00eancias do Col\u00e9gio e contou com a presen\u00e7a dos seguintes vereadores: Sandra Picoli, Ana Oliveira, Alessandro Dal Zotto, Jo\u00e3o Francisco Parenti, Jurandir Pezzenatto e Serginho Bento.<br>Os vereadores que participaram do ato destacaram a import\u00e2ncia do trabalho realizado pela Irm\u00e3 Silvana \u00e0 frente do Col\u00e9gio Franciscano S\u00e3o Jos\u00e9, bem como na sociedade. Lembraram ainda a rela\u00e7\u00e3o pr\u00f3pria ou de seus familiares com o Col\u00e9gio, e a import\u00e2ncia da institui\u00e7\u00e3o para a comunidade local.<br>Irm\u00e3 Silvana salientou a surpresa pela distin\u00e7\u00e3o e agradeceu pelo reconhecimento. \u201cSinto-me feliz por estar iniciando essa nova etapa na Congrega\u00e7\u00e3o das Irm\u00e3s Franciscanas Mission\u00e1rias de Maria Auxiliadora, pela confian\u00e7a que as irm\u00e3s depositaram em mim. \u201cEstou ciente da grande responsabilidade que me cabe\u201d, salientou.<br>Irm\u00e3 Silvana, que \u00e9 diretora do Col\u00e9gio S\u00e3o Jos\u00e9 desde 2015, foi eleita conselheira geral da Congrega\u00e7\u00e3o. Para assumir a nova fun\u00e7\u00e3o, passar\u00e1 a residir em Bogot\u00e1\/Col\u00f4mbia. \u201cEnquanto escola somos instrumentos, hoje estamos aqui, amanh\u00e3 ser\u00e3o outras, e antes de n\u00f3s outras irm\u00e3s chegaram, constru\u00edram e fizeram hist\u00f3ria. Sinto ter de deixar Erechim, mas vou tranquila porque sei que a escola estar\u00e1 em boas m\u00e3os. Somos mission\u00e1rias, e esse legado do Carisma da Congrega\u00e7\u00e3o seguramente ter\u00e1 continuidade\u201d, acrescentou.<\/p>\n\n\n\n<p><\/p>\n\n\n\n<div class=\"wp-block-columns is-layout-flex wp-container-core-columns-is-layout-9d6595d7 wp-block-columns-is-layout-flex\">\n<div class=\"wp-block-column is-layout-flow wp-block-column-is-layout-flow\" style=\"flex-basis:100%\">\n<figure class=\"wp-block-gallery columns-3 is-cropped wp-block-gallery-1 is-layout-flex wp-block-gallery-is-layout-flex\"><ul class=\"blocks-gallery-grid\"><li class=\"blocks-gallery-item\"><figure><img loading=\"lazy\" decoding=\"async\" width=\"1024\" height=\"680\" src=\"https:\/\/franciscanas.org\/portal\/brasil\/wp-content\/uploads\/sites\/5\/2021\/12\/unamesil-1-1024x680.jpg\" alt=\"\" data-id=\"1032\" data-full-url=\"https:\/\/franciscanas.org\/portal\/brasil\/wp-content\/uploads\/sites\/5\/2021\/12\/unamesil-1.jpg\" data-link=\"https:\/\/franciscanas.org\/portal\/brasil\/pt_br\/2021\/11\/01\/irma-silvana-arboit-e-homenageada-pela-camara-de-vereadores-de-erechim\/unamesil-1\/\" class=\"wp-image-1032\" srcset=\"https:\/\/franciscanas.org\/portal\/brasil\/wp-content\/uploads\/sites\/5\/2021\/12\/unamesil-1-1024x680.jpg 1024w, https:\/\/franciscanas.org\/portal\/brasil\/wp-content\/uploads\/sites\/5\/2021\/12\/unamesil-1-980x651.jpg 980w, https:\/\/franciscanas.org\/portal\/brasil\/wp-content\/uploads\/sites\/5\/2021\/12\/unamesil-1-480x319.jpg 480w\" sizes=\"(min-width: 0px) and (max-width: 480px) 480px, (min-width: 481px) and (max-width: 980px) 980px, (min-width: 981px) 1024px, 100vw\" \/><\/figure><\/li><li class=\"blocks-gallery-item\"><figure><img loading=\"lazy\" decoding=\"async\" width=\"1024\" height=\"683\" src=\"https:\/\/franciscanas.org\/portal\/brasil\/wp-content\/uploads\/sites\/5\/2021\/12\/unamesil-2-1024x683.jpg\" alt=\"\" data-id=\"1033\" data-full-url=\"https:\/\/franciscanas.org\/portal\/brasil\/wp-content\/uploads\/sites\/5\/2021\/12\/unamesil-2.jpg\" data-link=\"https:\/\/franciscanas.org\/portal\/brasil\/pt_br\/2021\/11\/01\/irma-silvana-arboit-e-homenageada-pela-camara-de-vereadores-de-erechim\/unamesil-2\/\" class=\"wp-image-1033\" srcset=\"https:\/\/franciscanas.org\/portal\/brasil\/wp-content\/uploads\/sites\/5\/2021\/12\/unamesil-2-1024x683.jpg 1024w, https:\/\/franciscanas.org\/portal\/brasil\/wp-content\/uploads\/sites\/5\/2021\/12\/unamesil-2-980x654.jpg 980w, https:\/\/franciscanas.org\/portal\/brasil\/wp-content\/uploads\/sites\/5\/2021\/12\/unamesil-2-480x320.jpg 480w\" sizes=\"(min-width: 0px) and (max-width: 480px) 480px, (min-width: 481px) and (max-width: 980px) 980px, (min-width: 981px) 1024px, 100vw\" \/><\/figure><\/li><li class=\"blocks-gallery-item\"><figure><img loading=\"lazy\" decoding=\"async\" width=\"1024\" height=\"683\" src=\"https:\/\/franciscanas.org\/portal\/brasil\/wp-content\/uploads\/sites\/5\/2021\/12\/unamesil-3-1024x683.jpg\" alt=\"\" data-id=\"1034\" data-full-url=\"https:\/\/franciscanas.org\/portal\/brasil\/wp-content\/uploads\/sites\/5\/2021\/12\/unamesil-3.jpg\" data-link=\"https:\/\/franciscanas.org\/portal\/brasil\/pt_br\/2021\/11\/01\/irma-silvana-arboit-e-homenageada-pela-camara-de-vereadores-de-erechim\/unamesil-3\/\" class=\"wp-image-1034\" srcset=\"https:\/\/franciscanas.org\/portal\/brasil\/wp-content\/uploads\/sites\/5\/2021\/12\/unamesil-3-1024x683.jpg 1024w, https:\/\/franciscanas.org\/portal\/brasil\/wp-content\/uploads\/sites\/5\/2021\/12\/unamesil-3-980x654.jpg 980w, https:\/\/franciscanas.org\/portal\/brasil\/wp-content\/uploads\/sites\/5\/2021\/12\/unamesil-3-480x320.jpg 480w\" sizes=\"(min-width: 0px) and (max-width: 480px) 480px, (min-width: 481px) and (max-width: 980px) 980px, (min-width: 981px) 1024px, 100vw\" \/><\/figure><\/li><\/ul><\/figure>\n<\/div>\n<\/div>\n","protected":false},"excerpt":{"rendered":"<p>A Irm\u00e3 Silvana Arboit, diretora do Col\u00e9gio Franciscano S\u00e3o Jos\u00e9, recebeu no m\u00eas de outubro o Trof\u00e9u Castelinho. A homenagem foi proposta pela vereadora Sandra Picoli e subscrita por todos os demais parlamentares. A entrega da maior honraria concedida pelo legislativo erechinense aconteceu nas depend\u00eancias do Col\u00e9gio e contou com a presen\u00e7a dos seguintes vereadores: [&hellip;]<\/p>\n","protected":false},"author":1,"featured_media":1029,"comment_status":"closed","ping_status":"closed","sticky":false,"template":"","format":"standard","meta":{"_et_pb_use_builder":"","_et_pb_old_content":"","_et_gb_content_width":"1200","footnotes":""},"categories":[8],"tags":[],"class_list":["post-1028","post","type-post","status-publish","format-standard","has-post-thumbnail","hentry","category-noticias"],"_links":{"self":[{"href":"https:\/\/franciscanas.org\/portal\/brasil\/wp-json\/wp\/v2\/posts\/1028","targetHints":{"allow":["GET"]}}],"collection":[{"href":"https:\/\/franciscanas.org\/portal\/brasil\/wp-json\/wp\/v2\/posts"}],"about":[{"href":"https:\/\/franciscanas.org\/portal\/brasil\/wp-json\/wp\/v2\/types\/post"}],"author":[{"embeddable":true,"href":"https:\/\/franciscanas.org\/portal\/brasil\/wp-json\/wp\/v2\/users\/1"}],"replies":[{"embeddable":true,"href":"https:\/\/franciscanas.org\/portal\/brasil\/wp-json\/wp\/v2\/comments?post=1028"}],"version-history":[{"count":5,"href":"https:\/\/franciscanas.org\/portal\/brasil\/wp-json\/wp\/v2\/posts\/1028\/revisions"}],"predecessor-version":[{"id":1040,"href":"https:\/\/franciscanas.org\/portal\/brasil\/wp-json\/wp\/v2\/posts\/1028\/revisions\/1040"}],"wp:featuredmedia":[{"embeddable":true,"href":"https:\/\/franciscanas.org\/portal\/brasil\/wp-json\/wp\/v2\/media\/1029"}],"wp:attachment":[{"href":"https:\/\/franciscanas.org\/portal\/brasil\/wp-json\/wp\/v2\/media?parent=1028"}],"wp:term":[{"taxonomy":"category","embeddable":true,"href":"https:\/\/franciscanas.org\/portal\/brasil\/wp-json\/wp\/v2\/categories?post=1028"},{"taxonomy":"post_tag","embeddable":true,"href":"https:\/\/franciscanas.org\/portal\/brasil\/wp-json\/wp\/v2\/tags?post=1028"}],"curies":[{"name":"wp","href":"https:\/\/api.w.org\/{rel}","templated":true}]}}