{"id":1019,"date":"2021-12-06T17:26:48","date_gmt":"2021-12-06T20:26:48","guid":{"rendered":"https:\/\/franciscanas.org\/portal\/brasil\/?p=1019"},"modified":"2022-03-28T10:20:58","modified_gmt":"2022-03-28T13:20:58","slug":"i-assembleia-regional-ordinaria-da-regiao-missionaria-santa-maria-bernarda-e-sua-programacao","status":"publish","type":"post","link":"https:\/\/franciscanas.org\/portal\/brasil\/noticias\/i-assembleia-regional-ordinaria-da-regiao-missionaria-santa-maria-bernarda-e-sua-programacao\/","title":{"rendered":"I Assembleia Regional Ordin\u00e1ria da Regi\u00e3o Mission\u00e1ria Santa Maria Bernarda e sua programa\u00e7\u00e3o"},"content":{"rendered":"\n<p>Nesta segunda-feira, 06 de dezembro, \u00e1s 8 horas e 45 minutos no fuso hor\u00e1rio de Bogot\u00e1 na Col\u00f4mbia, a Regi\u00e3o Mission\u00e1ria Santa Maria Bernarda faz a abertura de sua I Assemb\u00e9ia Regional Ordin\u00e1ria. A Assembleia tem como local de raliza\u00e7\u00e3o o munic\u00edpio de Funza, localizado na regi\u00e3o metropolitana de Bogot\u00e1, antiga sede da extinta Prov\u00edncia Maria Auxiliadora.<br>O XXI Cap\u00edtulo Geral Ordin\u00e1rio da Congrega\u00e7\u00e3o das Irm\u00e3s Franciscanas Mission\u00e1rias de Maria Auxiliadora, realizado no m\u00eas de setembro de 2021, com o objetivo de dar novo dinamismo \u00e0 express\u00e3o mission\u00e1ria da Congrega\u00e7\u00e3o, confirmou a proposta de reconfigura\u00e7\u00e3o congregacional, extinguindo o modelo de organiza\u00e7\u00e3o em Prov\u00edncias e estabelecendo novo modelo de organiza\u00e7\u00e3o atrav\u00e9s pela cria\u00e7\u00e3o de tr\u00eas regi\u00f5es mission\u00e1rias. A Regi\u00e3o Mission\u00e1ria Santa Maria Bernarda une as fraternidades religiosas que compunham a antiga Prov\u00edncia Maria Auxiliadora com sede em Funza (Col\u00f4mbia), a antiga Prov\u00edncia Madre Bernarda com sede em Quito (Equador), as fraternidades situadas em Cuba e no Panam\u00e1.<br>A I Assembleia da Regi\u00e3o Mission\u00e1ria Santa Maria Bernarda \u00e9 o momento de a\u00e7\u00e3o de gra\u00e7as pela hist\u00f3ria do caminhar mission\u00e1rio das fraternidades que comp\u00f5e essa regi\u00e3o, momento de firmar o passo no processo de unidade e dar ritmo ao novo modelo de organiza\u00e7\u00e3o e, ainda, de sonhar o horizonte mission\u00e1rio a ser trilhado nos pr\u00f3ximos cinco anos na vida fraterna e mission\u00e1ria das irm\u00e3s que comp\u00f5e a regi\u00e3o, bem como, suas iniciativas de evangeliza\u00e7\u00e3o.<br>A I Assembleia da Regi\u00e3o Mission\u00e1ria Santa Maria Bernarda tem uma programa\u00e7\u00e3o que culmina no dia 12 de dezembro. Alguns momento ser\u00e3o transmitidos ao vivo pelas m\u00eddias sociais, precisamente, pelo Youtube e Facebook:<\/p>\n\n\n\n<ol class=\"wp-block-list\"><li>Abertura da I Assembleia Regional Ordin\u00e1ria<br>Dia 06\/12<br>Hora: 8: 45 am, Fuso Hor\u00e1rio de Bogot\u00e1.<\/li><\/ol>\n\n\n\n<iframe loading=\"lazy\" width=\"800\" height=\"600\" src=\"https:\/\/www.youtube.com\/embed\/YWQiO0gjau4\" title=\"YouTube video player\" frameborder=\"0\" allow=\"accelerometer; autoplay; clipboard-write; encrypted-media; gyroscope; picture-in-picture\" allowfullscreen=\"\"><\/iframe>\n\n\n\n<p><\/p>\n\n\n\n<p>2. Posse do Governo Regional eleito.<br>Dia 11\/12<br>Hora: 5:00 pm, Fuso Hor\u00e1rio de Bogot\u00e1.<\/p>\n\n\n\n<p><\/p>\n\n\n\n<p>3. Encerramento da I Assembleia Regional Ordin\u00e1ria<br>Dia 11\/12<br>Hora: 4:30 pm, Fuso Hor\u00e1rio de Bogot\u00e1.<\/p>\n\n\n","protected":false},"excerpt":{"rendered":"<p>Nesta segunda-feira, 06 de dezembro, \u00e1s 8 horas e 45 minutos no fuso hor\u00e1rio de Bogot\u00e1 na Col\u00f4mbia, a Regi\u00e3o Mission\u00e1ria Santa Maria Bernarda faz a abertura de sua I Assemb\u00e9ia Regional Ordin\u00e1ria. A Assembleia tem como local de raliza\u00e7\u00e3o o munic\u00edpio de Funza, localizado na regi\u00e3o metropolitana de Bogot\u00e1, antiga sede da extinta Prov\u00edncia [&hellip;]<\/p>\n","protected":false},"author":1,"featured_media":1021,"comment_status":"closed","ping_status":"closed","sticky":false,"template":"","format":"standard","meta":{"_et_pb_use_builder":"","_et_pb_old_content":"","_et_gb_content_width":"1200","footnotes":""},"categories":[8],"tags":[],"class_list":["post-1019","post","type-post","status-publish","format-standard","has-post-thumbnail","hentry","category-noticias"],"_links":{"self":[{"href":"https:\/\/franciscanas.org\/portal\/brasil\/wp-json\/wp\/v2\/posts\/1019","targetHints":{"allow":["GET"]}}],"collection":[{"href":"https:\/\/franciscanas.org\/portal\/brasil\/wp-json\/wp\/v2\/posts"}],"about":[{"href":"https:\/\/franciscanas.org\/portal\/brasil\/wp-json\/wp\/v2\/types\/post"}],"author":[{"embeddable":true,"href":"https:\/\/franciscanas.org\/portal\/brasil\/wp-json\/wp\/v2\/users\/1"}],"replies":[{"embeddable":true,"href":"https:\/\/franciscanas.org\/portal\/brasil\/wp-json\/wp\/v2\/comments?post=1019"}],"version-history":[{"count":6,"href":"https:\/\/franciscanas.org\/portal\/brasil\/wp-json\/wp\/v2\/posts\/1019\/revisions"}],"predecessor-version":[{"id":1145,"href":"https:\/\/franciscanas.org\/portal\/brasil\/wp-json\/wp\/v2\/posts\/1019\/revisions\/1145"}],"wp:featuredmedia":[{"embeddable":true,"href":"https:\/\/franciscanas.org\/portal\/brasil\/wp-json\/wp\/v2\/media\/1021"}],"wp:attachment":[{"href":"https:\/\/franciscanas.org\/portal\/brasil\/wp-json\/wp\/v2\/media?parent=1019"}],"wp:term":[{"taxonomy":"category","embeddable":true,"href":"https:\/\/franciscanas.org\/portal\/brasil\/wp-json\/wp\/v2\/categories?post=1019"},{"taxonomy":"post_tag","embeddable":true,"href":"https:\/\/franciscanas.org\/portal\/brasil\/wp-json\/wp\/v2\/tags?post=1019"}],"curies":[{"name":"wp","href":"https:\/\/api.w.org\/{rel}","templated":true}]}}